{"id":29267,"date":"2017-06-01T13:45:16","date_gmt":"2017-06-01T11:45:16","guid":{"rendered":"https:\/\/asufin.com\/?p=29267"},"modified":"2019-02-28T13:42:02","modified_gmt":"2019-02-28T12:42:02","slug":"asufin-consolida-la-red-europea-defensa-los-usuarios-financieros","status":"publish","type":"post","link":"https:\/\/staging.asufin.com\/staging\/asufin-consolida-la-red-europea-defensa-los-usuarios-financieros\/","title":{"rendered":"ASUFIN consolida la red en Europa en defensa de los usuarios financieros"},"content":{"rendered":"<h5>\u00bb\u00a0ASUFIN reuni\u00f3 a casi 100 personas en el Colegio de Abogados de Barcelona para tratar la problem\u00e1tica de la Hipoteca en Divisas en Europa<\/h5>\n<h5>\u00bb Jueces, abogados y representantes de asociaciones de consumidores europeas explicaron como ha afectado la hipotecas indexadas en divisas en sus pa\u00edses<\/h5>\n<h5>\u00bbPatricia Su\u00e1rez, presidenta de ASUFIN: \u0093Hemos conseguido que vengan representantes de pa\u00edses que nunca hab\u00edan estado con nosotros, conectar y avanzar en la defensa de los consumidores europeos\u0094<\/h5>\n<p><strong><a href=\"https:\/\/asufin.com\/\" target=\"_blank\" rel=\"noopener noreferrer\">ASUFIN<\/a> <\/strong>en colaboraci\u00f3n con el Grupo de Abogados J\u00f3venes de Barcelona (GAJ Barcelona) ha invitado a representantes de las asociaciones de consumidores de distintos pa\u00edses europeos para conocer mejor la situaci\u00f3n de las familias endeudadas en divisas en Europa. La jornada dio comienzo a las 16:30 horas con una gran cantidad de asistentes interesados en conocer la situaci\u00f3n europea de la hipoteca en divisas. ASUFIN cont\u00f3 con ponentes de 7 pa\u00edses provenientes tanto del \u00e1mbito asociativo como el jur\u00eddico. La conferencia inclu\u00eda un servicio de traducci\u00f3n simult\u00e1nea con 3 profesionales traduciendo del ingl\u00e9s al espa\u00f1ol, del italiano al ingl\u00e9s y del espa\u00f1ol a ingl\u00e9s.<\/p>\n<p>La primera ponente fue <a href=\"http:\/\/www.fxloans.org\/work\/sigrun-davidsdottir\/\" target=\"_blank\" rel=\"noopener\"><strong>Sigr\u00fan Dav\u00ed\u00f0sd\u00f3ttir<\/strong><\/a>, periodista y economista islandesa residente en Londres. <a href=\"http:\/\/www.fxloans.org\/work\/sigrun-davidsdottir\/\" target=\"_blank\" rel=\"noopener\"><strong>Dav\u00ed\u00f0sd\u00f3ttir<\/strong><\/a> puso de manifiesto la lucha de su pa\u00eds por erradicar los Swaps y posteriormente las acciones colectivas que consiguieron dar un paso al frente a favor del consumidor por la hipoteca en divisas. Como demostr\u00f3 en su ponencia, en Australia se constat\u00f3 que <em>&#8220;Nadie en su sano juicio habr\u00eda contratado un pr\u00e9stamo en divisas. La moneda extranjera no es sustentable como un producto masivo&#8221;<\/em>. Islandia es un caso aislado. Si bien es cierto que su lucha ha sido ardua, es un pa\u00eds que ha llevado ante la justicia a los responsables de esta barbarie, un ejemplo que demuestra que s\u00ed es posible.<\/p>\n<h3><strong>Hipotecas en divisas en los Balcanes<\/strong><\/h3>\n<p>La situaci\u00f3n en los Balcanes es quiz\u00e1 la m\u00e1s dura conocida hasta la fecha. Eslovenia tan solo cuenta con 10 sentencias sobre las hipotecas en divisas y todas han sido desestimatorias. La jurisprudencia no es nada alentadora en un territorio que cuenta con miles de afectados que no son escuchados por su gobierno. Para <strong>Alja Pestar<\/strong>, presidenta de\u00a0<strong><a href=\"http:\/\/www.zdruzenje-frank.si\/\" target=\"_blank\" rel=\"noopener\">Zdru\u009eenje Frank<\/a><\/strong>, <em>&#8220;Los pr\u00e9stamos en francos suizos vendidos en mi pa\u00eds son un producto t\u00f3xico. Esperamos que el gobierno responda por nosotros&#8221;.\u00a0<\/em>Pero, adem\u00e1s del gobierno, existe otra perspectiva que atender y es \u00a0la jurisprudencia de los tribunales. Para explicar esto contamos con la presencia de\u00a0<strong>Bo\u009atjan M. Zupan?i?<\/strong>,<strong> Magistrado en el Tribunal de Derechos Humanos de Estrasburgo<\/strong>.\u00a0Zupan?i? explic\u00f3 como han actuado los tribunales europeos sobre esta problem\u00e1tica as\u00ed como el Tribunal Constitucional de su pa\u00eds, Eslovenia. De este modo, lanza un potente mensaje a todos, y es que <strong>la hipoteca en divisas debe llegar al tribunal de Estrasburgo para que un dictamen favorable prevalezca sobre las sentencias venideras. <\/strong><\/p>\n<p><strong>Denis Smajo<\/strong>, presidente de <strong><a href=\"http:\/\/www.index.hr\/vijesti\/clanak\/slovenska-udruga-frank-tvrdi-da-su-banke-krivotvorile-potpise-klijenata-\/825030.aspx\" target=\"_blank\" rel=\"noopener\">Udruge Franak<\/a><\/strong>, vio como desde 20004 a 2008 el 80% de los pr\u00e9stamo concedidos en su pa\u00eds lo eran en moneda extranjera. Croacia cuenta con m\u00e1s de 120.000\u0080 por este producto t\u00f3xico que llev\u00f3 al caso a los prestamistas. Para Majo: &#8220;Los bancos dieron una informaci\u00f3n falsa a sus clientes&#8221;. Si bien es cierto que tras los a\u00f1os muchos afectados se pasaron a euros, todav\u00eda queda el problema del tipo de cambio ilegal.\u00a0<a href=\"http:\/\/www.fxloans.org\/work\/nicole-kwiatkowski\/\" target=\"_blank\" rel=\"noopener\"><strong>Nicole Kwiatkowski<\/strong><\/a>, abogada croata defensora del consumidor, afirma que &#8220;<em>hay una mala regulaci\u00f3n en el sector y un mal control institucional\u00a0sobre esta problem\u00e1tica&#8221;<\/em>, algo que complica la defensa de los afectados.<\/p>\n<p><strong><a href=\"http:\/\/www.fxloans.org\/work\/dalibor-mrsa\/\" target=\"_blank\" rel=\"noopener\">Dalibor Mr\u009aa<\/a><\/strong>, abogado, continuaba la ponencia hablando sobre un territorio duramente azotado por este producto. As\u00ed, comenzaba su intervenci\u00f3n recordando la reciente noticia de 25 personas que se hab\u00edan suicidado al haber contra\u00eddo estos pr\u00e9stamos. En su pa\u00eds, Bosnia-Herzegovina, la situaci\u00f3n es complicada; sin embargo, aun sabiendo que ser\u00e1 un camino largo y duro, espera que esta problem\u00e1tica se resuelva pronto.<\/p>\n<p>La \u00faltima en realizar su intervenci\u00f3n en este bloque fue la abogada serbia <strong>Jelena Pavlovic<\/strong>. Agradecida por poder participar en una jornada como esta, Jelena confes\u00f3 ser una afectada por un pr\u00e9stamo en francos suizos. Estos pr\u00e9stamos fueron promovidos en Serbia en el a\u00f1o 2005 por parte del ministerio de finanzas. Pavlovic denuncia la agresividad de una campa\u00f1a que no inform\u00f3 a los prestamistas serbios y que a d\u00eda de hoy representa entre 3,9 y el 8% de las hipotecas de su pa\u00eds. Jelena Pavlovic: <em>&#8220;El Banco Central no est\u00e1 interesado en resolver este problema, tampoco lo est\u00e1 el gobierno. Los tribunales le tienen mucho respeto al sector bancario&#8221;<\/em>. As\u00ed, termina una ponencia con un mensaje muy claro, y es que <em>&#8220;todas las personas que permitieron esto deber\u00edan ser sancionadas legalmente para poder hablar de justicia&#8221;.<\/em><\/p>\n<h3><strong>Hipotecas en divisas en Polonia e Italia<\/strong><\/h3>\n<p>La primera en intervenir fue la abogada polaca <strong><a href=\"http:\/\/law24.pl\/prawnicy\/\" target=\"_blank\" rel=\"noopener\">Beata Komarnicka Nowak<\/a><\/strong>. En su pa\u00eds la explicaci\u00f3n de por qu\u00e9 Polonia est\u00e1 endeudada en francos suizos es muy simple: los bancos vendieron este pr\u00e9stamo como m\u00e1s fiable que uno convencional. Beata denuncia que <em>&#8220;los pol\u00edticos en Polonia no han hecho pr\u00e1cticamente nada para solucionar este problema&#8221;.\u00a0<\/em>En Polonia, el 5,95% de los prestatarios tienen pr\u00e9stamos en francos suizos. El pa\u00eds est\u00e1 expectante ante una inminente resoluci\u00f3n del Tribunal Supremo polaco respecto de la apelaci\u00f3n de un afectado. La abogada espera que acabe pronto esta batalla y rescata el lema de ASUFIN afirmando que<em> &#8220;Ellos tienen el dinero, pero nosotros la raz\u00f3n&#8221;<\/em><\/p>\n<p>La segunda y \u00faltima ponente de esta mesa fue <strong><a href=\"http:\/\/www.fxloans.org\/work\/franca-berno\/\" target=\"_blank\" rel=\"noopener\">Franca Berno<\/a><\/strong>, presidenta de la asociaci\u00f3n italiana <strong><a href=\"http:\/\/www.tuconfin.it\/\" target=\"_blank\" rel=\"noopener\">Tuconfin<\/a><\/strong>. Desde 2011, la asociaci\u00f3n est\u00e1 trabajando para la anulaci\u00f3n de esta hipoteca comercializada en su pa\u00eds principalmente por Barclays.\u00a0Hasta la fecha, el banco no ha acatado ninguna de las sanciones. Asimismo, han conseguido alg\u00fan acuerdo extrajudicial que ha aliviado la situaci\u00f3n de muchas familias. Las victorias ganadas se basan en denunciar la falta de transparencia de las cl\u00e1usulas. Actualmente, Tuconfin est\u00e1 colaborando con organismos institucionales para poner fin de una forma r\u00e1pida y definitiva a este tipo de contratos y as\u00ed evitar el colapso judicial.<\/p>\n<h3><strong>Fraudes Financieros y Salud<\/strong><\/h3>\n<p>Este bloque estuvo a cargo de <strong><a href=\"http:\/\/finsalud.com\/comite-cientifico\/victoria-zunzunegui\/\" target=\"_blank\" rel=\"noopener\">Mar\u00eda Victoria Zunzunegui<\/a><\/strong>, investigadora de la Fundaci\u00f3n Finsalud. Este proyecto tiene como finalidad evaluar el estado de salud de las poblaciones afectadas por fraudes financieros. De este modo, examinan la relaci\u00f3n potencial entre el hecho de haber sido afectado por un producto financiero y el deterioro de la salud f\u00edsica y mental. En el <strong><a href=\"https:\/\/confilegal.com\/20170307-los-afectados-por-estafas-en-preferentes-e-hipotecas-multidivisas-tienen-peor-salud\/\" target=\"_blank\" rel=\"noopener noreferrer\">estudio presentado por Finsalud<\/a><\/strong> se compara la salud de preferentistas y afectados por hipoteca multidivisa. En este estudio se ha analizado el estado de salud de preferentistas que s\u00ed han recibido compensaci\u00f3n econ\u00f3mica con los que no. De este modo, en comparaci\u00f3n con los afectados por la hipoteca multidivisa, se constata como \u00e9stos gozan de muy mala salud. La investigadora recomienda la atenci\u00f3n psicol\u00f3gica como la primera medida para afrontar este problema. Es muy importante la ayuda de profesionales para superar ese sentimiento de culpa y de enga\u00f1o y; como consecuencia, aliviar y mejorar el estado de salud.<\/p>\n<h3><strong>Hipotecas en divisas en Espa\u00f1a<\/strong><\/h3>\n<p>Patricia Su\u00e1rez, presidenta de ASUFIN ha introducido muy brevemente la situaci\u00f3n del pa\u00eds con respecto a este producto. De este modo, ha se\u00f1alado los importantes avances que ha tenido esta hipoteca en tribunales, que en su mayor\u00eda dan la raz\u00f3n al consumidor.<\/p>\n<p>La \u00faltima intervenci\u00f3n de la jornada corri\u00f3 a cargo de Carlos S\u00e1nchez Mart\u00edn, letrado del gabinete t\u00e9cnico del Tribunal Supremo. El letrado ha comenzado explicando la nueva perspectiva que ha dado el Alto Tribunal sobre la naturaleza jur\u00eddica de este producto. Una sentencia que puso de manifiesto que la multidivisa era un pr\u00e9stamo financiero derivado. Asimismo, se\u00f1al\u00f3 la importancia de que el cliente hubiese recibido o no una correcta informaci\u00f3n; aspecto que es determinante para que una sentencia resulte estimatoria. Del mismo modo, tambi\u00e9n es importante la regulaci\u00f3n del control de transparencia de las cl\u00e1usulas para determinar as\u00ed el \u00e1mbito de aplicaci\u00f3n. A este respecto, S\u00e1nchez Mart\u00edn lamenta que esto \u00faltimo no est\u00e9 en manos del Tribunal Supremo, sino del legislador.<\/p>\n<p style=\"text-align: center;\">[alert type=white ]<br \/>\n<strong>ASUFIN inaugura sede en BARCELONA<\/strong><\/p>\n<p style=\"text-align: center;\">Calle de Balmes 152 &#8211; 2\u00aa 2\u00aa, 08008 Barcelona.<br \/>\nTel.: 936763284 \u00b7 E-mail: barcelona@asufin.com<\/p>\n<p>[\/alert]<\/p>\n<div class=\"tiled-gallery type-rectangular tiled-gallery-unresized\" data-original-width=\"800\" data-carousel-extra='{&quot;blog_id&quot;:1,&quot;permalink&quot;:&quot;https:\\\/\\\/staging.asufin.com\\\/staging\\\/asufin-consolida-la-red-europea-defensa-los-usuarios-financieros\\\/&quot;,&quot;likes_blog_id&quot;:209385604}' itemscope itemtype=\"http:\/\/schema.org\/ImageGallery\" > <div class=\"gallery-row\" style=\"width: 800px; height: 4262px;\" data-original-width=\"800\" data-original-height=\"4262\" > <div class=\"gallery-group images-17\" style=\"width: 375px; height: 4262px;\" data-original-width=\"375\" data-original-height=\"4262\" > <div class=\"tiled-gallery-item tiled-gallery-item-large\" itemprop=\"associatedMedia\" itemscope itemtype=\"http:\/\/schema.org\/ImageObject\"> <a href=\"https:\/\/staging.asufin.com\/staging\/170518_conferencia_barcelona_1\/\" border=\"0\" itemprop=\"url\"> <meta itemprop=\"width\" content=\"371\"> <meta itemprop=\"height\" content=\"96\"> <img loading=\"lazy\" decoding=\"async\" class=\"\" data-attachment-id=\"29275\" data-orig-file=\"https:\/\/staging.asufin.com\/staging\/wp-content\/uploads\/2017\/05\/170518_Conferencia_Barcelona_1-2.jpg\" data-orig-size=\"1000,260\" data-comments-opened=\"1\" data-image-meta=\"{&quot;aperture&quot;:&quot;0&quot;,&quot;credit&quot;:&quot;&quot;,&quot;camera&quot;:&quot;&quot;,&quot;caption&quot;:&quot;&quot;,&quot;created_timestamp&quot;:&quot;0&quot;,&quot;copyright&quot;:&quot;&quot;,&quot;focal_length&quot;:&quot;0&quot;,&quot;iso&quot;:&quot;0&quot;,&quot;shutter_speed&quot;:&quot;0&quot;,&quot;title&quot;:&quot;&quot;,&quot;orientation&quot;:&quot;0&quot;}\" data-image-title=\"170518_Conferencia_Barcelona_1\" data-image-description=\"\" data-medium-file=\"https:\/\/i0.wp.com\/staging.asufin.com\/staging\/wp-content\/uploads\/2017\/05\/170518_Conferencia_Barcelona_1-2.jpg?fit=300%2C78&#038;ssl=1\" data-large-file=\"https:\/\/i0.wp.com\/staging.asufin.com\/staging\/wp-content\/uploads\/2017\/05\/170518_Conferencia_Barcelona_1-2.jpg?fit=800%2C208&#038;ssl=1\" src=\"https:\/\/i0.wp.com\/staging.asufin.com\/staging\/wp-content\/uploads\/2017\/05\/170518_Conferencia_Barcelona_1-2.jpg?w=371&#038;h=96&#038;ssl=1\" srcset=\"https:\/\/i0.wp.com\/staging.asufin.com\/staging\/wp-content\/uploads\/2017\/05\/170518_Conferencia_Barcelona_1-2.jpg?w=1000&amp;ssl=1 1000w, https:\/\/i0.wp.com\/staging.asufin.com\/staging\/wp-content\/uploads\/2017\/05\/170518_Conferencia_Barcelona_1-2.jpg?resize=300%2C78&amp;ssl=1 300w, https:\/\/i0.wp.com\/staging.asufin.com\/staging\/wp-content\/uploads\/2017\/05\/170518_Conferencia_Barcelona_1-2.jpg?resize=768%2C200&amp;ssl=1 768w, https:\/\/i0.wp.com\/staging.asufin.com\/staging\/wp-content\/uploads\/2017\/05\/170518_Conferencia_Barcelona_1-2.jpg?resize=600%2C156&amp;ssl=1 600w\" width=\"371\" height=\"96\" loading=\"lazy\" data-original-width=\"371\" data-original-height=\"96\" itemprop=\"http:\/\/schema.org\/image\" title=\"170518_Conferencia_Barcelona_1\" alt=\"De izq a derecha: Franca Berno, Patricia Su\u00e1rez,Sigr\u00fan Davidsdottir, Bo\u009atjan M. Zupan?i?, Jelena Pavlovic, Alja Pestar, Nicole Kwiatkowski, Dalibor Mr\u009aa y Denis Smajo\" style=\"width: 371px; height: 96px;\" \/> <\/a> <div class=\"tiled-gallery-caption\" itemprop=\"caption description\"> De izq a derecha: Franca Berno, Patricia Su\u00e1rez,Sigr\u00fan Davidsdottir, Bo\u009atjan M. Zupan?i?, Jelena Pavlovic, Alja Pestar, Nicole Kwiatkowski, Dalibor Mr\u009aa y Denis Smajo <\/div> <\/div> <div class=\"tiled-gallery-item tiled-gallery-item-large\" itemprop=\"associatedMedia\" itemscope itemtype=\"http:\/\/schema.org\/ImageObject\"> <a href=\"https:\/\/staging.asufin.com\/staging\/170518_conferencia_barcelona_2\/\" border=\"0\" itemprop=\"url\"> <meta itemprop=\"width\" content=\"371\"> <meta itemprop=\"height\" content=\"329\"> <img loading=\"lazy\" decoding=\"async\" class=\"\" data-attachment-id=\"29276\" data-orig-file=\"https:\/\/staging.asufin.com\/staging\/wp-content\/uploads\/2017\/05\/170518_Conferencia_Barcelona_2-2.jpg\" data-orig-size=\"1000,887\" data-comments-opened=\"1\" data-image-meta=\"{&quot;aperture&quot;:&quot;0&quot;,&quot;credit&quot;:&quot;&quot;,&quot;camera&quot;:&quot;&quot;,&quot;caption&quot;:&quot;&quot;,&quot;created_timestamp&quot;:&quot;0&quot;,&quot;copyright&quot;:&quot;&quot;,&quot;focal_length&quot;:&quot;0&quot;,&quot;iso&quot;:&quot;0&quot;,&quot;shutter_speed&quot;:&quot;0&quot;,&quot;title&quot;:&quot;&quot;,&quot;orientation&quot;:&quot;0&quot;}\" data-image-title=\"170518_Conferencia_Barcelona_2\" data-image-description=\"\" data-medium-file=\"https:\/\/i0.wp.com\/staging.asufin.com\/staging\/wp-content\/uploads\/2017\/05\/170518_Conferencia_Barcelona_2-2.jpg?fit=300%2C266&#038;ssl=1\" data-large-file=\"https:\/\/i0.wp.com\/staging.asufin.com\/staging\/wp-content\/uploads\/2017\/05\/170518_Conferencia_Barcelona_2-2.jpg?fit=800%2C710&#038;ssl=1\" src=\"https:\/\/i0.wp.com\/staging.asufin.com\/staging\/wp-content\/uploads\/2017\/05\/170518_Conferencia_Barcelona_2-2.jpg?w=371&#038;h=329&#038;ssl=1\" srcset=\"https:\/\/i0.wp.com\/staging.asufin.com\/staging\/wp-content\/uploads\/2017\/05\/170518_Conferencia_Barcelona_2-2.jpg?w=1000&amp;ssl=1 1000w, https:\/\/i0.wp.com\/staging.asufin.com\/staging\/wp-content\/uploads\/2017\/05\/170518_Conferencia_Barcelona_2-2.jpg?resize=300%2C266&amp;ssl=1 300w, https:\/\/i0.wp.com\/staging.asufin.com\/staging\/wp-content\/uploads\/2017\/05\/170518_Conferencia_Barcelona_2-2.jpg?resize=768%2C681&amp;ssl=1 768w, https:\/\/i0.wp.com\/staging.asufin.com\/staging\/wp-content\/uploads\/2017\/05\/170518_Conferencia_Barcelona_2-2.jpg?resize=600%2C532&amp;ssl=1 600w\" width=\"371\" height=\"329\" loading=\"lazy\" data-original-width=\"371\" data-original-height=\"329\" itemprop=\"http:\/\/schema.org\/image\" title=\"170518_Conferencia_Barcelona_2\" alt=\"Carlos S\u00e1nchez Mart\u00edn, letrado del gabinete t\u00e9cnico del Tribunal Supremo\" style=\"width: 371px; height: 329px;\" \/> <\/a> <div class=\"tiled-gallery-caption\" itemprop=\"caption description\"> Carlos S\u00e1nchez Mart\u00edn, letrado del gabinete t\u00e9cnico del Tribunal Supremo <\/div> <\/div> <div class=\"tiled-gallery-item tiled-gallery-item-large\" itemprop=\"associatedMedia\" itemscope itemtype=\"http:\/\/schema.org\/ImageObject\"> <a href=\"https:\/\/staging.asufin.com\/staging\/170518_conferencia_barcelona_3\/\" border=\"0\" itemprop=\"url\"> <meta itemprop=\"width\" content=\"371\"> <meta itemprop=\"height\" content=\"231\"> <img loading=\"lazy\" decoding=\"async\" class=\"\" data-attachment-id=\"29277\" data-orig-file=\"https:\/\/staging.asufin.com\/staging\/wp-content\/uploads\/2017\/05\/170518_Conferencia_Barcelona_3-2.jpg\" data-orig-size=\"1000,622\" data-comments-opened=\"1\" data-image-meta=\"{&quot;aperture&quot;:&quot;0&quot;,&quot;credit&quot;:&quot;&quot;,&quot;camera&quot;:&quot;&quot;,&quot;caption&quot;:&quot;&quot;,&quot;created_timestamp&quot;:&quot;0&quot;,&quot;copyright&quot;:&quot;&quot;,&quot;focal_length&quot;:&quot;0&quot;,&quot;iso&quot;:&quot;0&quot;,&quot;shutter_speed&quot;:&quot;0&quot;,&quot;title&quot;:&quot;&quot;,&quot;orientation&quot;:&quot;0&quot;}\" data-image-title=\"170518_Conferencia_Barcelona_3\" data-image-description=\"\" data-medium-file=\"https:\/\/i0.wp.com\/staging.asufin.com\/staging\/wp-content\/uploads\/2017\/05\/170518_Conferencia_Barcelona_3-2.jpg?fit=300%2C187&#038;ssl=1\" data-large-file=\"https:\/\/i0.wp.com\/staging.asufin.com\/staging\/wp-content\/uploads\/2017\/05\/170518_Conferencia_Barcelona_3-2.jpg?fit=800%2C498&#038;ssl=1\" src=\"https:\/\/i0.wp.com\/staging.asufin.com\/staging\/wp-content\/uploads\/2017\/05\/170518_Conferencia_Barcelona_3-2.jpg?w=371&#038;h=231&#038;ssl=1\" srcset=\"https:\/\/i0.wp.com\/staging.asufin.com\/staging\/wp-content\/uploads\/2017\/05\/170518_Conferencia_Barcelona_3-2.jpg?w=1000&amp;ssl=1 1000w, https:\/\/i0.wp.com\/staging.asufin.com\/staging\/wp-content\/uploads\/2017\/05\/170518_Conferencia_Barcelona_3-2.jpg?resize=300%2C187&amp;ssl=1 300w, https:\/\/i0.wp.com\/staging.asufin.com\/staging\/wp-content\/uploads\/2017\/05\/170518_Conferencia_Barcelona_3-2.jpg?resize=768%2C478&amp;ssl=1 768w, https:\/\/i0.wp.com\/staging.asufin.com\/staging\/wp-content\/uploads\/2017\/05\/170518_Conferencia_Barcelona_3-2.jpg?resize=600%2C373&amp;ssl=1 600w\" width=\"371\" height=\"231\" loading=\"lazy\" data-original-width=\"371\" data-original-height=\"231\" itemprop=\"http:\/\/schema.org\/image\" title=\"170518_Conferencia_Barcelona_3\" alt=\"Mar\u00eda Victoria Zunzunegui, investigadora de Finsalud junto a Patricia Su\u00e1rez, presidenta de ASUFIN\" style=\"width: 371px; height: 231px;\" \/> <\/a> <div class=\"tiled-gallery-caption\" itemprop=\"caption description\"> Mar\u00eda Victoria Zunzunegui, investigadora de Finsalud junto a Patricia Su\u00e1rez, presidenta de ASUFIN <\/div> <\/div> <div class=\"tiled-gallery-item tiled-gallery-item-large\" itemprop=\"associatedMedia\" itemscope itemtype=\"http:\/\/schema.org\/ImageObject\"> <a href=\"https:\/\/staging.asufin.com\/staging\/170518_conferencia_barcelona_5\/\" border=\"0\" itemprop=\"url\"> <meta itemprop=\"width\" content=\"371\"> <meta itemprop=\"height\" content=\"187\"> <img loading=\"lazy\" decoding=\"async\" class=\"\" data-attachment-id=\"29279\" data-orig-file=\"https:\/\/staging.asufin.com\/staging\/wp-content\/uploads\/2017\/05\/170518_Conferencia_Barcelona_5-2.jpg\" data-orig-size=\"1000,503\" data-comments-opened=\"1\" data-image-meta=\"{&quot;aperture&quot;:&quot;0&quot;,&quot;credit&quot;:&quot;&quot;,&quot;camera&quot;:&quot;&quot;,&quot;caption&quot;:&quot;&quot;,&quot;created_timestamp&quot;:&quot;0&quot;,&quot;copyright&quot;:&quot;&quot;,&quot;focal_length&quot;:&quot;0&quot;,&quot;iso&quot;:&quot;0&quot;,&quot;shutter_speed&quot;:&quot;0&quot;,&quot;title&quot;:&quot;&quot;,&quot;orientation&quot;:&quot;0&quot;}\" data-image-title=\"170518_Conferencia_Barcelona_5\" data-image-description=\"\" data-medium-file=\"https:\/\/i0.wp.com\/staging.asufin.com\/staging\/wp-content\/uploads\/2017\/05\/170518_Conferencia_Barcelona_5-2.jpg?fit=300%2C151&#038;ssl=1\" data-large-file=\"https:\/\/i0.wp.com\/staging.asufin.com\/staging\/wp-content\/uploads\/2017\/05\/170518_Conferencia_Barcelona_5-2.jpg?fit=800%2C402&#038;ssl=1\" src=\"https:\/\/i0.wp.com\/staging.asufin.com\/staging\/wp-content\/uploads\/2017\/05\/170518_Conferencia_Barcelona_5-2.jpg?w=371&#038;h=187&#038;ssl=1\" srcset=\"https:\/\/i0.wp.com\/staging.asufin.com\/staging\/wp-content\/uploads\/2017\/05\/170518_Conferencia_Barcelona_5-2.jpg?w=1000&amp;ssl=1 1000w, https:\/\/i0.wp.com\/staging.asufin.com\/staging\/wp-content\/uploads\/2017\/05\/170518_Conferencia_Barcelona_5-2.jpg?resize=300%2C151&amp;ssl=1 300w, https:\/\/i0.wp.com\/staging.asufin.com\/staging\/wp-content\/uploads\/2017\/05\/170518_Conferencia_Barcelona_5-2.jpg?resize=768%2C386&amp;ssl=1 768w, https:\/\/i0.wp.com\/staging.asufin.com\/staging\/wp-content\/uploads\/2017\/05\/170518_Conferencia_Barcelona_5-2.jpg?resize=600%2C302&amp;ssl=1 600w\" width=\"371\" height=\"187\" loading=\"lazy\" data-original-width=\"371\" data-original-height=\"187\" itemprop=\"http:\/\/schema.org\/image\" title=\"170518_Conferencia_Barcelona_5\" alt=\"De izq. a derecha: la abogada polaca Beata Komarnicka Nowak, Patricia Su\u00e1rez y Franca Berno, presidenta de Tuconfin\" style=\"width: 371px; height: 187px;\" \/> <\/a> <div class=\"tiled-gallery-caption\" itemprop=\"caption description\"> De izq. a derecha: la abogada polaca Beata Komarnicka Nowak, Patricia Su\u00e1rez y Franca Berno, presidenta de Tuconfin <\/div> <\/div> <div class=\"tiled-gallery-item tiled-gallery-item-large\" itemprop=\"associatedMedia\" itemscope itemtype=\"http:\/\/schema.org\/ImageObject\"> <a href=\"https:\/\/staging.asufin.com\/staging\/170518_conferencia_barcelona_6\/\" border=\"0\" itemprop=\"url\"> <meta itemprop=\"width\" content=\"371\"> <meta itemprop=\"height\" content=\"275\"> <img loading=\"lazy\" decoding=\"async\" class=\"\" data-attachment-id=\"29280\" data-orig-file=\"https:\/\/staging.asufin.com\/staging\/wp-content\/uploads\/2017\/05\/170518_Conferencia_Barcelona_6-2.jpg\" data-orig-size=\"1000,742\" data-comments-opened=\"1\" data-image-meta=\"{&quot;aperture&quot;:&quot;0&quot;,&quot;credit&quot;:&quot;&quot;,&quot;camera&quot;:&quot;&quot;,&quot;caption&quot;:&quot;&quot;,&quot;created_timestamp&quot;:&quot;0&quot;,&quot;copyright&quot;:&quot;&quot;,&quot;focal_length&quot;:&quot;0&quot;,&quot;iso&quot;:&quot;0&quot;,&quot;shutter_speed&quot;:&quot;0&quot;,&quot;title&quot;:&quot;&quot;,&quot;orientation&quot;:&quot;0&quot;}\" data-image-title=\"170518_Conferencia_Barcelona_6\" data-image-description=\"\" data-medium-file=\"https:\/\/i0.wp.com\/staging.asufin.com\/staging\/wp-content\/uploads\/2017\/05\/170518_Conferencia_Barcelona_6-2.jpg?fit=300%2C223&#038;ssl=1\" data-large-file=\"https:\/\/i0.wp.com\/staging.asufin.com\/staging\/wp-content\/uploads\/2017\/05\/170518_Conferencia_Barcelona_6-2.jpg?fit=800%2C594&#038;ssl=1\" src=\"https:\/\/i0.wp.com\/staging.asufin.com\/staging\/wp-content\/uploads\/2017\/05\/170518_Conferencia_Barcelona_6-2.jpg?w=371&#038;h=275&#038;ssl=1\" srcset=\"https:\/\/i0.wp.com\/staging.asufin.com\/staging\/wp-content\/uploads\/2017\/05\/170518_Conferencia_Barcelona_6-2.jpg?w=1000&amp;ssl=1 1000w, https:\/\/i0.wp.com\/staging.asufin.com\/staging\/wp-content\/uploads\/2017\/05\/170518_Conferencia_Barcelona_6-2.jpg?resize=300%2C223&amp;ssl=1 300w, https:\/\/i0.wp.com\/staging.asufin.com\/staging\/wp-content\/uploads\/2017\/05\/170518_Conferencia_Barcelona_6-2.jpg?resize=768%2C570&amp;ssl=1 768w, https:\/\/i0.wp.com\/staging.asufin.com\/staging\/wp-content\/uploads\/2017\/05\/170518_Conferencia_Barcelona_6-2.jpg?resize=600%2C445&amp;ssl=1 600w\" width=\"371\" height=\"275\" loading=\"lazy\" data-original-width=\"371\" data-original-height=\"275\" itemprop=\"http:\/\/schema.org\/image\" title=\"170518_Conferencia_Barcelona_6\" alt=\"VI Conferencia Europea Sobre Hipotecas en Divisas en Barcelona. Pausa caf\u00e9.\" style=\"width: 371px; height: 275px;\" \/> <\/a> <div class=\"tiled-gallery-caption\" itemprop=\"caption description\"> VI Conferencia Europea Sobre Hipotecas en Divisas en Barcelona. Pausa caf\u00e9. <\/div> <\/div> <div class=\"tiled-gallery-item tiled-gallery-item-large\" itemprop=\"associatedMedia\" itemscope itemtype=\"http:\/\/schema.org\/ImageObject\"> <a href=\"https:\/\/staging.asufin.com\/staging\/170518_conferencia_barcelona_7\/\" border=\"0\" itemprop=\"url\"> <meta itemprop=\"width\" content=\"371\"> <meta itemprop=\"height\" content=\"248\"> <img loading=\"lazy\" decoding=\"async\" class=\"\" data-attachment-id=\"29281\" data-orig-file=\"https:\/\/staging.asufin.com\/staging\/wp-content\/uploads\/2017\/05\/170518_Conferencia_Barcelona_7-2.jpg\" data-orig-size=\"1000,667\" data-comments-opened=\"1\" data-image-meta=\"{&quot;aperture&quot;:&quot;0&quot;,&quot;credit&quot;:&quot;&quot;,&quot;camera&quot;:&quot;&quot;,&quot;caption&quot;:&quot;&quot;,&quot;created_timestamp&quot;:&quot;0&quot;,&quot;copyright&quot;:&quot;&quot;,&quot;focal_length&quot;:&quot;0&quot;,&quot;iso&quot;:&quot;0&quot;,&quot;shutter_speed&quot;:&quot;0&quot;,&quot;title&quot;:&quot;&quot;,&quot;orientation&quot;:&quot;0&quot;}\" data-image-title=\"170518_Conferencia_Barcelona_7\" data-image-description=\"\" data-medium-file=\"https:\/\/i0.wp.com\/staging.asufin.com\/staging\/wp-content\/uploads\/2017\/05\/170518_Conferencia_Barcelona_7-2.jpg?fit=300%2C200&#038;ssl=1\" data-large-file=\"https:\/\/i0.wp.com\/staging.asufin.com\/staging\/wp-content\/uploads\/2017\/05\/170518_Conferencia_Barcelona_7-2.jpg?fit=800%2C534&#038;ssl=1\" src=\"https:\/\/i0.wp.com\/staging.asufin.com\/staging\/wp-content\/uploads\/2017\/05\/170518_Conferencia_Barcelona_7-2.jpg?w=371&#038;h=248&#038;ssl=1\" srcset=\"https:\/\/i0.wp.com\/staging.asufin.com\/staging\/wp-content\/uploads\/2017\/05\/170518_Conferencia_Barcelona_7-2.jpg?w=1000&amp;ssl=1 1000w, https:\/\/i0.wp.com\/staging.asufin.com\/staging\/wp-content\/uploads\/2017\/05\/170518_Conferencia_Barcelona_7-2.jpg?resize=300%2C200&amp;ssl=1 300w, https:\/\/i0.wp.com\/staging.asufin.com\/staging\/wp-content\/uploads\/2017\/05\/170518_Conferencia_Barcelona_7-2.jpg?resize=768%2C512&amp;ssl=1 768w, https:\/\/i0.wp.com\/staging.asufin.com\/staging\/wp-content\/uploads\/2017\/05\/170518_Conferencia_Barcelona_7-2.jpg?resize=600%2C400&amp;ssl=1 600w, https:\/\/i0.wp.com\/staging.asufin.com\/staging\/wp-content\/uploads\/2017\/05\/170518_Conferencia_Barcelona_7-2.jpg?resize=360%2C240&amp;ssl=1 360w\" width=\"371\" height=\"248\" loading=\"lazy\" data-original-width=\"371\" data-original-height=\"248\" itemprop=\"http:\/\/schema.org\/image\" title=\"170518_Conferencia_Barcelona_7\" alt=\"Patricia Su\u00e1rez atiende a los ponentes en el almuerzo ofrecido en el hotel antes de la conferencia\" style=\"width: 371px; height: 248px;\" \/> <\/a> <div class=\"tiled-gallery-caption\" itemprop=\"caption description\"> Patricia Su\u00e1rez atiende a los ponentes en el almuerzo ofrecido en el hotel antes de la conferencia <\/div> <\/div> <div class=\"tiled-gallery-item tiled-gallery-item-large\" itemprop=\"associatedMedia\" itemscope itemtype=\"http:\/\/schema.org\/ImageObject\"> <a href=\"https:\/\/staging.asufin.com\/staging\/170518_conferencia_barcelona_8\/\" border=\"0\" itemprop=\"url\"> <meta itemprop=\"width\" content=\"371\"> <meta itemprop=\"height\" content=\"248\"> <img loading=\"lazy\" decoding=\"async\" class=\"\" data-attachment-id=\"29282\" data-orig-file=\"https:\/\/staging.asufin.com\/staging\/wp-content\/uploads\/2017\/05\/170518_Conferencia_Barcelona_8-2.jpg\" data-orig-size=\"1000,667\" data-comments-opened=\"1\" data-image-meta=\"{&quot;aperture&quot;:&quot;0&quot;,&quot;credit&quot;:&quot;&quot;,&quot;camera&quot;:&quot;&quot;,&quot;caption&quot;:&quot;&quot;,&quot;created_timestamp&quot;:&quot;0&quot;,&quot;copyright&quot;:&quot;&quot;,&quot;focal_length&quot;:&quot;0&quot;,&quot;iso&quot;:&quot;0&quot;,&quot;shutter_speed&quot;:&quot;0&quot;,&quot;title&quot;:&quot;&quot;,&quot;orientation&quot;:&quot;0&quot;}\" data-image-title=\"170518_Conferencia_Barcelona_8\" data-image-description=\"\" data-medium-file=\"https:\/\/i0.wp.com\/staging.asufin.com\/staging\/wp-content\/uploads\/2017\/05\/170518_Conferencia_Barcelona_8-2.jpg?fit=300%2C200&#038;ssl=1\" data-large-file=\"https:\/\/i0.wp.com\/staging.asufin.com\/staging\/wp-content\/uploads\/2017\/05\/170518_Conferencia_Barcelona_8-2.jpg?fit=800%2C534&#038;ssl=1\" src=\"https:\/\/i0.wp.com\/staging.asufin.com\/staging\/wp-content\/uploads\/2017\/05\/170518_Conferencia_Barcelona_8-2.jpg?w=371&#038;h=248&#038;ssl=1\" srcset=\"https:\/\/i0.wp.com\/staging.asufin.com\/staging\/wp-content\/uploads\/2017\/05\/170518_Conferencia_Barcelona_8-2.jpg?w=1000&amp;ssl=1 1000w, https:\/\/i0.wp.com\/staging.asufin.com\/staging\/wp-content\/uploads\/2017\/05\/170518_Conferencia_Barcelona_8-2.jpg?resize=300%2C200&amp;ssl=1 300w, https:\/\/i0.wp.com\/staging.asufin.com\/staging\/wp-content\/uploads\/2017\/05\/170518_Conferencia_Barcelona_8-2.jpg?resize=768%2C512&amp;ssl=1 768w, https:\/\/i0.wp.com\/staging.asufin.com\/staging\/wp-content\/uploads\/2017\/05\/170518_Conferencia_Barcelona_8-2.jpg?resize=600%2C400&amp;ssl=1 600w, https:\/\/i0.wp.com\/staging.asufin.com\/staging\/wp-content\/uploads\/2017\/05\/170518_Conferencia_Barcelona_8-2.jpg?resize=360%2C240&amp;ssl=1 360w\" width=\"371\" height=\"248\" loading=\"lazy\" data-original-width=\"371\" data-original-height=\"248\" itemprop=\"http:\/\/schema.org\/image\" title=\"170518_Conferencia_Barcelona_8\" alt=\"Patricia Su\u00e1rez atiende a los ponentes en el almuerzo ofrecido en el hotel antes de la conferencia\" style=\"width: 371px; height: 248px;\" \/> <\/a> <div class=\"tiled-gallery-caption\" itemprop=\"caption description\"> Patricia Su\u00e1rez atiende a los ponentes en el almuerzo ofrecido en el hotel antes de la conferencia <\/div> <\/div> <div class=\"tiled-gallery-item tiled-gallery-item-large\" itemprop=\"associatedMedia\" itemscope itemtype=\"http:\/\/schema.org\/ImageObject\"> <a href=\"https:\/\/staging.asufin.com\/staging\/170518_conferencia_barcelona_9-2\/\" border=\"0\" itemprop=\"url\"> <meta itemprop=\"width\" content=\"371\"> <meta itemprop=\"height\" content=\"171\"> <img loading=\"lazy\" decoding=\"async\" class=\"\" data-attachment-id=\"29283\" data-orig-file=\"https:\/\/staging.asufin.com\/staging\/wp-content\/uploads\/2017\/05\/170518_Conferencia_Barcelona_9-1-2.jpg\" data-orig-size=\"1000,461\" data-comments-opened=\"1\" data-image-meta=\"{&quot;aperture&quot;:&quot;0&quot;,&quot;credit&quot;:&quot;&quot;,&quot;camera&quot;:&quot;&quot;,&quot;caption&quot;:&quot;&quot;,&quot;created_timestamp&quot;:&quot;0&quot;,&quot;copyright&quot;:&quot;&quot;,&quot;focal_length&quot;:&quot;0&quot;,&quot;iso&quot;:&quot;0&quot;,&quot;shutter_speed&quot;:&quot;0&quot;,&quot;title&quot;:&quot;&quot;,&quot;orientation&quot;:&quot;0&quot;}\" data-image-title=\"170518_Conferencia_Barcelona_9\" data-image-description=\"\" data-medium-file=\"https:\/\/i0.wp.com\/staging.asufin.com\/staging\/wp-content\/uploads\/2017\/05\/170518_Conferencia_Barcelona_9-1-2.jpg?fit=300%2C138&#038;ssl=1\" data-large-file=\"https:\/\/i0.wp.com\/staging.asufin.com\/staging\/wp-content\/uploads\/2017\/05\/170518_Conferencia_Barcelona_9-1-2.jpg?fit=800%2C369&#038;ssl=1\" src=\"https:\/\/i0.wp.com\/staging.asufin.com\/staging\/wp-content\/uploads\/2017\/05\/170518_Conferencia_Barcelona_9-1-2.jpg?w=371&#038;h=171&#038;ssl=1\" srcset=\"https:\/\/i0.wp.com\/staging.asufin.com\/staging\/wp-content\/uploads\/2017\/05\/170518_Conferencia_Barcelona_9-1-2.jpg?w=1000&amp;ssl=1 1000w, https:\/\/i0.wp.com\/staging.asufin.com\/staging\/wp-content\/uploads\/2017\/05\/170518_Conferencia_Barcelona_9-1-2.jpg?resize=300%2C138&amp;ssl=1 300w, https:\/\/i0.wp.com\/staging.asufin.com\/staging\/wp-content\/uploads\/2017\/05\/170518_Conferencia_Barcelona_9-1-2.jpg?resize=768%2C354&amp;ssl=1 768w, https:\/\/i0.wp.com\/staging.asufin.com\/staging\/wp-content\/uploads\/2017\/05\/170518_Conferencia_Barcelona_9-1-2.jpg?resize=600%2C277&amp;ssl=1 600w\" width=\"371\" height=\"171\" loading=\"lazy\" data-original-width=\"371\" data-original-height=\"171\" itemprop=\"http:\/\/schema.org\/image\" title=\"170518_Conferencia_Barcelona_9\" alt=\"VI Conferencia Europea Sobre Hipotecas en Divisas en Barcelona. Foto familia.\" style=\"width: 371px; height: 171px;\" \/> <\/a> <div class=\"tiled-gallery-caption\" itemprop=\"caption description\"> VI Conferencia Europea Sobre Hipotecas en Divisas en Barcelona. Foto familia. <\/div> <\/div> <div class=\"tiled-gallery-item tiled-gallery-item-large\" itemprop=\"associatedMedia\" itemscope itemtype=\"http:\/\/schema.org\/ImageObject\"> <a href=\"https:\/\/staging.asufin.com\/staging\/170518_conferencia_barcelona_10\/\" border=\"0\" itemprop=\"url\"> <meta itemprop=\"width\" content=\"371\"> <meta itemprop=\"height\" content=\"248\"> <img loading=\"lazy\" decoding=\"async\" class=\"\" data-attachment-id=\"29284\" data-orig-file=\"https:\/\/staging.asufin.com\/staging\/wp-content\/uploads\/2017\/05\/170518_Conferencia_Barcelona_10-2.jpg\" data-orig-size=\"1000,667\" data-comments-opened=\"1\" data-image-meta=\"{&quot;aperture&quot;:&quot;0&quot;,&quot;credit&quot;:&quot;&quot;,&quot;camera&quot;:&quot;&quot;,&quot;caption&quot;:&quot;&quot;,&quot;created_timestamp&quot;:&quot;0&quot;,&quot;copyright&quot;:&quot;&quot;,&quot;focal_length&quot;:&quot;0&quot;,&quot;iso&quot;:&quot;0&quot;,&quot;shutter_speed&quot;:&quot;0&quot;,&quot;title&quot;:&quot;&quot;,&quot;orientation&quot;:&quot;0&quot;}\" data-image-title=\"170518_Conferencia_Barcelona_10\" data-image-description=\"\" data-medium-file=\"https:\/\/i0.wp.com\/staging.asufin.com\/staging\/wp-content\/uploads\/2017\/05\/170518_Conferencia_Barcelona_10-2.jpg?fit=300%2C200&#038;ssl=1\" data-large-file=\"https:\/\/i0.wp.com\/staging.asufin.com\/staging\/wp-content\/uploads\/2017\/05\/170518_Conferencia_Barcelona_10-2.jpg?fit=800%2C534&#038;ssl=1\" src=\"https:\/\/i0.wp.com\/staging.asufin.com\/staging\/wp-content\/uploads\/2017\/05\/170518_Conferencia_Barcelona_10-2.jpg?w=371&#038;h=248&#038;ssl=1\" srcset=\"https:\/\/i0.wp.com\/staging.asufin.com\/staging\/wp-content\/uploads\/2017\/05\/170518_Conferencia_Barcelona_10-2.jpg?w=1000&amp;ssl=1 1000w, https:\/\/i0.wp.com\/staging.asufin.com\/staging\/wp-content\/uploads\/2017\/05\/170518_Conferencia_Barcelona_10-2.jpg?resize=300%2C200&amp;ssl=1 300w, https:\/\/i0.wp.com\/staging.asufin.com\/staging\/wp-content\/uploads\/2017\/05\/170518_Conferencia_Barcelona_10-2.jpg?resize=768%2C512&amp;ssl=1 768w, https:\/\/i0.wp.com\/staging.asufin.com\/staging\/wp-content\/uploads\/2017\/05\/170518_Conferencia_Barcelona_10-2.jpg?resize=600%2C400&amp;ssl=1 600w, https:\/\/i0.wp.com\/staging.asufin.com\/staging\/wp-content\/uploads\/2017\/05\/170518_Conferencia_Barcelona_10-2.jpg?resize=360%2C240&amp;ssl=1 360w\" width=\"371\" height=\"248\" loading=\"lazy\" data-original-width=\"371\" data-original-height=\"248\" itemprop=\"http:\/\/schema.org\/image\" title=\"170518_Conferencia_Barcelona_10\" alt=\"Patricia Su\u00e1rez atiende a los ponentes en el almuerzo ofrecido en el hotel antes de la conferencia\" style=\"width: 371px; height: 248px;\" \/> <\/a> <div class=\"tiled-gallery-caption\" itemprop=\"caption description\"> Patricia Su\u00e1rez atiende a los ponentes en el almuerzo ofrecido en el hotel antes de la conferencia <\/div> <\/div> <div class=\"tiled-gallery-item tiled-gallery-item-large\" itemprop=\"associatedMedia\" itemscope itemtype=\"http:\/\/schema.org\/ImageObject\"> <a href=\"https:\/\/staging.asufin.com\/staging\/170518_conferencia_barcelona_11\/\" border=\"0\" itemprop=\"url\"> <meta itemprop=\"width\" content=\"371\"> <meta itemprop=\"height\" content=\"176\"> <img loading=\"lazy\" decoding=\"async\" class=\"\" data-attachment-id=\"29285\" data-orig-file=\"https:\/\/staging.asufin.com\/staging\/wp-content\/uploads\/2017\/05\/170518_Conferencia_Barcelona_11-2.jpg\" data-orig-size=\"1000,475\" data-comments-opened=\"1\" data-image-meta=\"{&quot;aperture&quot;:&quot;0&quot;,&quot;credit&quot;:&quot;&quot;,&quot;camera&quot;:&quot;&quot;,&quot;caption&quot;:&quot;&quot;,&quot;created_timestamp&quot;:&quot;0&quot;,&quot;copyright&quot;:&quot;&quot;,&quot;focal_length&quot;:&quot;0&quot;,&quot;iso&quot;:&quot;0&quot;,&quot;shutter_speed&quot;:&quot;0&quot;,&quot;title&quot;:&quot;&quot;,&quot;orientation&quot;:&quot;0&quot;}\" data-image-title=\"170518_Conferencia_Barcelona_11\" data-image-description=\"\" data-medium-file=\"https:\/\/i0.wp.com\/staging.asufin.com\/staging\/wp-content\/uploads\/2017\/05\/170518_Conferencia_Barcelona_11-2.jpg?fit=300%2C143&#038;ssl=1\" data-large-file=\"https:\/\/i0.wp.com\/staging.asufin.com\/staging\/wp-content\/uploads\/2017\/05\/170518_Conferencia_Barcelona_11-2.jpg?fit=800%2C380&#038;ssl=1\" src=\"https:\/\/i0.wp.com\/staging.asufin.com\/staging\/wp-content\/uploads\/2017\/05\/170518_Conferencia_Barcelona_11-2.jpg?w=371&#038;h=176&#038;ssl=1\" srcset=\"https:\/\/i0.wp.com\/staging.asufin.com\/staging\/wp-content\/uploads\/2017\/05\/170518_Conferencia_Barcelona_11-2.jpg?w=1000&amp;ssl=1 1000w, https:\/\/i0.wp.com\/staging.asufin.com\/staging\/wp-content\/uploads\/2017\/05\/170518_Conferencia_Barcelona_11-2.jpg?resize=300%2C143&amp;ssl=1 300w, https:\/\/i0.wp.com\/staging.asufin.com\/staging\/wp-content\/uploads\/2017\/05\/170518_Conferencia_Barcelona_11-2.jpg?resize=768%2C365&amp;ssl=1 768w, https:\/\/i0.wp.com\/staging.asufin.com\/staging\/wp-content\/uploads\/2017\/05\/170518_Conferencia_Barcelona_11-2.jpg?resize=600%2C285&amp;ssl=1 600w\" width=\"371\" height=\"176\" loading=\"lazy\" data-original-width=\"371\" data-original-height=\"176\" itemprop=\"http:\/\/schema.org\/image\" title=\"170518_Conferencia_Barcelona_11\" alt=\"Asistentes a la VI Conferencia Europea Sobre Hipotecas en Divisas en Barcelona.\" style=\"width: 371px; height: 176px;\" \/> <\/a> <div class=\"tiled-gallery-caption\" itemprop=\"caption description\"> Asistentes a la VI Conferencia Europea Sobre Hipotecas en Divisas en Barcelona. <\/div> <\/div> <div class=\"tiled-gallery-item tiled-gallery-item-large\" itemprop=\"associatedMedia\" itemscope itemtype=\"http:\/\/schema.org\/ImageObject\"> <a href=\"https:\/\/staging.asufin.com\/staging\/170518_conferencia_barcelona_12\/\" border=\"0\" itemprop=\"url\"> <meta itemprop=\"width\" content=\"371\"> <meta itemprop=\"height\" content=\"152\"> <img loading=\"lazy\" decoding=\"async\" class=\"\" data-attachment-id=\"29286\" data-orig-file=\"https:\/\/staging.asufin.com\/staging\/wp-content\/uploads\/2017\/05\/170518_Conferencia_Barcelona_12-2.jpg\" data-orig-size=\"1000,410\" data-comments-opened=\"1\" data-image-meta=\"{&quot;aperture&quot;:&quot;0&quot;,&quot;credit&quot;:&quot;&quot;,&quot;camera&quot;:&quot;&quot;,&quot;caption&quot;:&quot;&quot;,&quot;created_timestamp&quot;:&quot;0&quot;,&quot;copyright&quot;:&quot;&quot;,&quot;focal_length&quot;:&quot;0&quot;,&quot;iso&quot;:&quot;0&quot;,&quot;shutter_speed&quot;:&quot;0&quot;,&quot;title&quot;:&quot;&quot;,&quot;orientation&quot;:&quot;0&quot;}\" data-image-title=\"170518_Conferencia_Barcelona_12\" data-image-description=\"\" data-medium-file=\"https:\/\/i0.wp.com\/staging.asufin.com\/staging\/wp-content\/uploads\/2017\/05\/170518_Conferencia_Barcelona_12-2.jpg?fit=300%2C123&#038;ssl=1\" data-large-file=\"https:\/\/i0.wp.com\/staging.asufin.com\/staging\/wp-content\/uploads\/2017\/05\/170518_Conferencia_Barcelona_12-2.jpg?fit=800%2C328&#038;ssl=1\" src=\"https:\/\/i0.wp.com\/staging.asufin.com\/staging\/wp-content\/uploads\/2017\/05\/170518_Conferencia_Barcelona_12-2.jpg?w=371&#038;h=152&#038;ssl=1\" srcset=\"https:\/\/i0.wp.com\/staging.asufin.com\/staging\/wp-content\/uploads\/2017\/05\/170518_Conferencia_Barcelona_12-2.jpg?w=1000&amp;ssl=1 1000w, https:\/\/i0.wp.com\/staging.asufin.com\/staging\/wp-content\/uploads\/2017\/05\/170518_Conferencia_Barcelona_12-2.jpg?resize=300%2C123&amp;ssl=1 300w, https:\/\/i0.wp.com\/staging.asufin.com\/staging\/wp-content\/uploads\/2017\/05\/170518_Conferencia_Barcelona_12-2.jpg?resize=768%2C315&amp;ssl=1 768w, https:\/\/i0.wp.com\/staging.asufin.com\/staging\/wp-content\/uploads\/2017\/05\/170518_Conferencia_Barcelona_12-2.jpg?resize=600%2C246&amp;ssl=1 600w\" width=\"371\" height=\"152\" loading=\"lazy\" data-original-width=\"371\" data-original-height=\"152\" itemprop=\"http:\/\/schema.org\/image\" title=\"170518_Conferencia_Barcelona_12\" alt=\"Bo\u009atjan M. Zupan?i?, Juez en el Tribunal de Derechos Humanos de Estrasburgo, en su intervenci\u00f3n junto a los dem\u00e1s ponentes de los balcanes\" style=\"width: 371px; height: 152px;\" \/> <\/a> <div class=\"tiled-gallery-caption\" itemprop=\"caption description\"> Bo\u009atjan M. Zupan?i?, Juez en el Tribunal de Derechos Humanos de Estrasburgo, en su intervenci\u00f3n junto a los dem\u00e1s ponentes de los balcanes <\/div> <\/div> <div class=\"tiled-gallery-item tiled-gallery-item-large\" itemprop=\"associatedMedia\" itemscope itemtype=\"http:\/\/schema.org\/ImageObject\"> <a href=\"https:\/\/staging.asufin.com\/staging\/170518_conferencia_barcelona_13\/\" border=\"0\" itemprop=\"url\"> <meta itemprop=\"width\" content=\"371\"> <meta itemprop=\"height\" content=\"240\"> <img loading=\"lazy\" decoding=\"async\" class=\"\" data-attachment-id=\"29287\" data-orig-file=\"https:\/\/staging.asufin.com\/staging\/wp-content\/uploads\/2017\/05\/170518_Conferencia_Barcelona_13-2.jpg\" data-orig-size=\"1000,648\" data-comments-opened=\"1\" data-image-meta=\"{&quot;aperture&quot;:&quot;0&quot;,&quot;credit&quot;:&quot;&quot;,&quot;camera&quot;:&quot;&quot;,&quot;caption&quot;:&quot;&quot;,&quot;created_timestamp&quot;:&quot;0&quot;,&quot;copyright&quot;:&quot;&quot;,&quot;focal_length&quot;:&quot;0&quot;,&quot;iso&quot;:&quot;0&quot;,&quot;shutter_speed&quot;:&quot;0&quot;,&quot;title&quot;:&quot;&quot;,&quot;orientation&quot;:&quot;0&quot;}\" data-image-title=\"170518_Conferencia_Barcelona_13\" data-image-description=\"\" data-medium-file=\"https:\/\/i0.wp.com\/staging.asufin.com\/staging\/wp-content\/uploads\/2017\/05\/170518_Conferencia_Barcelona_13-2.jpg?fit=300%2C194&#038;ssl=1\" data-large-file=\"https:\/\/i0.wp.com\/staging.asufin.com\/staging\/wp-content\/uploads\/2017\/05\/170518_Conferencia_Barcelona_13-2.jpg?fit=800%2C518&#038;ssl=1\" src=\"https:\/\/i0.wp.com\/staging.asufin.com\/staging\/wp-content\/uploads\/2017\/05\/170518_Conferencia_Barcelona_13-2.jpg?w=371&#038;h=240&#038;ssl=1\" srcset=\"https:\/\/i0.wp.com\/staging.asufin.com\/staging\/wp-content\/uploads\/2017\/05\/170518_Conferencia_Barcelona_13-2.jpg?w=1000&amp;ssl=1 1000w, https:\/\/i0.wp.com\/staging.asufin.com\/staging\/wp-content\/uploads\/2017\/05\/170518_Conferencia_Barcelona_13-2.jpg?resize=300%2C194&amp;ssl=1 300w, https:\/\/i0.wp.com\/staging.asufin.com\/staging\/wp-content\/uploads\/2017\/05\/170518_Conferencia_Barcelona_13-2.jpg?resize=768%2C498&amp;ssl=1 768w, https:\/\/i0.wp.com\/staging.asufin.com\/staging\/wp-content\/uploads\/2017\/05\/170518_Conferencia_Barcelona_13-2.jpg?resize=600%2C389&amp;ssl=1 600w, https:\/\/i0.wp.com\/staging.asufin.com\/staging\/wp-content\/uploads\/2017\/05\/170518_Conferencia_Barcelona_13-2.jpg?resize=100%2C65&amp;ssl=1 100w\" width=\"371\" height=\"240\" loading=\"lazy\" data-original-width=\"371\" data-original-height=\"240\" itemprop=\"http:\/\/schema.org\/image\" title=\"170518_Conferencia_Barcelona_13\" alt=\"VI Conferencia Europea Sobre Hipotecas en Divisas en Barcelona. De izq. a derecha: Bo\u009atjan M. Zupan?i?, Alja Pestar, Jelena Pavlovic, Denis SMajo, Nicole Kwiatkowski y Dalibor Mr\u009aa\" style=\"width: 371px; height: 240px;\" \/> <\/a> <div class=\"tiled-gallery-caption\" itemprop=\"caption description\"> VI Conferencia Europea Sobre Hipotecas en Divisas en Barcelona. De izq. a derecha: Bo\u009atjan M. Zupan?i?, Alja Pestar, Jelena Pavlovic, Denis SMajo, Nicole Kwiatkowski y Dalibor Mr\u009aa <\/div> <\/div> <div class=\"tiled-gallery-item tiled-gallery-item-large\" itemprop=\"associatedMedia\" itemscope itemtype=\"http:\/\/schema.org\/ImageObject\"> <a href=\"https:\/\/staging.asufin.com\/staging\/170518_conferencia_barcelona_14\/\" border=\"0\" itemprop=\"url\"> <meta itemprop=\"width\" content=\"371\"> <meta itemprop=\"height\" content=\"248\"> <img loading=\"lazy\" decoding=\"async\" class=\"\" data-attachment-id=\"29288\" data-orig-file=\"https:\/\/staging.asufin.com\/staging\/wp-content\/uploads\/2017\/05\/170518_Conferencia_Barcelona_14-2.jpg\" data-orig-size=\"1000,667\" data-comments-opened=\"1\" data-image-meta=\"{&quot;aperture&quot;:&quot;0&quot;,&quot;credit&quot;:&quot;&quot;,&quot;camera&quot;:&quot;&quot;,&quot;caption&quot;:&quot;&quot;,&quot;created_timestamp&quot;:&quot;0&quot;,&quot;copyright&quot;:&quot;&quot;,&quot;focal_length&quot;:&quot;0&quot;,&quot;iso&quot;:&quot;0&quot;,&quot;shutter_speed&quot;:&quot;0&quot;,&quot;title&quot;:&quot;&quot;,&quot;orientation&quot;:&quot;0&quot;}\" data-image-title=\"170518_Conferencia_Barcelona_14\" data-image-description=\"\" data-medium-file=\"https:\/\/i0.wp.com\/staging.asufin.com\/staging\/wp-content\/uploads\/2017\/05\/170518_Conferencia_Barcelona_14-2.jpg?fit=300%2C200&#038;ssl=1\" data-large-file=\"https:\/\/i0.wp.com\/staging.asufin.com\/staging\/wp-content\/uploads\/2017\/05\/170518_Conferencia_Barcelona_14-2.jpg?fit=800%2C534&#038;ssl=1\" src=\"https:\/\/i0.wp.com\/staging.asufin.com\/staging\/wp-content\/uploads\/2017\/05\/170518_Conferencia_Barcelona_14-2.jpg?w=371&#038;h=248&#038;ssl=1\" srcset=\"https:\/\/i0.wp.com\/staging.asufin.com\/staging\/wp-content\/uploads\/2017\/05\/170518_Conferencia_Barcelona_14-2.jpg?w=1000&amp;ssl=1 1000w, https:\/\/i0.wp.com\/staging.asufin.com\/staging\/wp-content\/uploads\/2017\/05\/170518_Conferencia_Barcelona_14-2.jpg?resize=300%2C200&amp;ssl=1 300w, https:\/\/i0.wp.com\/staging.asufin.com\/staging\/wp-content\/uploads\/2017\/05\/170518_Conferencia_Barcelona_14-2.jpg?resize=768%2C512&amp;ssl=1 768w, https:\/\/i0.wp.com\/staging.asufin.com\/staging\/wp-content\/uploads\/2017\/05\/170518_Conferencia_Barcelona_14-2.jpg?resize=600%2C400&amp;ssl=1 600w, https:\/\/i0.wp.com\/staging.asufin.com\/staging\/wp-content\/uploads\/2017\/05\/170518_Conferencia_Barcelona_14-2.jpg?resize=360%2C240&amp;ssl=1 360w\" width=\"371\" height=\"248\" loading=\"lazy\" data-original-width=\"371\" data-original-height=\"248\" itemprop=\"http:\/\/schema.org\/image\" title=\"170518_Conferencia_Barcelona_14\" alt=\"VI Conferencia Europea Sobre Hipotecas en Divisas en Barcelona. Pausa caf\u00e9\" style=\"width: 371px; height: 248px;\" \/> <\/a> <div class=\"tiled-gallery-caption\" itemprop=\"caption description\"> VI Conferencia Europea Sobre Hipotecas en Divisas en Barcelona. Pausa caf\u00e9 <\/div> <\/div> <div class=\"tiled-gallery-item tiled-gallery-item-large\" itemprop=\"associatedMedia\" itemscope itemtype=\"http:\/\/schema.org\/ImageObject\"> <a href=\"https:\/\/staging.asufin.com\/staging\/170518_conferencia_barcelona_15\/\" border=\"0\" itemprop=\"url\"> <meta itemprop=\"width\" content=\"371\"> <meta itemprop=\"height\" content=\"317\"> <img loading=\"lazy\" decoding=\"async\" class=\"\" data-attachment-id=\"29289\" data-orig-file=\"https:\/\/staging.asufin.com\/staging\/wp-content\/uploads\/2017\/05\/170518_Conferencia_Barcelona_15-2.jpg\" data-orig-size=\"1000,855\" data-comments-opened=\"1\" data-image-meta=\"{&quot;aperture&quot;:&quot;0&quot;,&quot;credit&quot;:&quot;&quot;,&quot;camera&quot;:&quot;&quot;,&quot;caption&quot;:&quot;&quot;,&quot;created_timestamp&quot;:&quot;0&quot;,&quot;copyright&quot;:&quot;&quot;,&quot;focal_length&quot;:&quot;0&quot;,&quot;iso&quot;:&quot;0&quot;,&quot;shutter_speed&quot;:&quot;0&quot;,&quot;title&quot;:&quot;&quot;,&quot;orientation&quot;:&quot;0&quot;}\" data-image-title=\"170518_Conferencia_Barcelona_15\" data-image-description=\"\" data-medium-file=\"https:\/\/i0.wp.com\/staging.asufin.com\/staging\/wp-content\/uploads\/2017\/05\/170518_Conferencia_Barcelona_15-2.jpg?fit=300%2C257&#038;ssl=1\" data-large-file=\"https:\/\/i0.wp.com\/staging.asufin.com\/staging\/wp-content\/uploads\/2017\/05\/170518_Conferencia_Barcelona_15-2.jpg?fit=800%2C684&#038;ssl=1\" src=\"https:\/\/i0.wp.com\/staging.asufin.com\/staging\/wp-content\/uploads\/2017\/05\/170518_Conferencia_Barcelona_15-2.jpg?w=371&#038;h=317&#038;ssl=1\" srcset=\"https:\/\/i0.wp.com\/staging.asufin.com\/staging\/wp-content\/uploads\/2017\/05\/170518_Conferencia_Barcelona_15-2.jpg?w=1000&amp;ssl=1 1000w, https:\/\/i0.wp.com\/staging.asufin.com\/staging\/wp-content\/uploads\/2017\/05\/170518_Conferencia_Barcelona_15-2.jpg?resize=300%2C257&amp;ssl=1 300w, https:\/\/i0.wp.com\/staging.asufin.com\/staging\/wp-content\/uploads\/2017\/05\/170518_Conferencia_Barcelona_15-2.jpg?resize=768%2C657&amp;ssl=1 768w, https:\/\/i0.wp.com\/staging.asufin.com\/staging\/wp-content\/uploads\/2017\/05\/170518_Conferencia_Barcelona_15-2.jpg?resize=600%2C513&amp;ssl=1 600w\" width=\"371\" height=\"317\" loading=\"lazy\" data-original-width=\"371\" data-original-height=\"317\" itemprop=\"http:\/\/schema.org\/image\" title=\"170518_Conferencia_Barcelona_15\" alt=\"Afectado por productos t\u00f3xicos interviniendo en la ronda de preguntas de la VI Conferencia Europea Sobre Hipotecas en Divisas en Barcelona\" style=\"width: 371px; height: 317px;\" \/> <\/a> <div class=\"tiled-gallery-caption\" itemprop=\"caption description\"> Afectado por productos t\u00f3xicos interviniendo en la ronda de preguntas de la VI Conferencia Europea Sobre Hipotecas en Divisas en Barcelona <\/div> <\/div> <div class=\"tiled-gallery-item tiled-gallery-item-large\" itemprop=\"associatedMedia\" itemscope itemtype=\"http:\/\/schema.org\/ImageObject\"> <a href=\"https:\/\/staging.asufin.com\/staging\/170518_conferencia_barcelona_16\/\" border=\"0\" itemprop=\"url\"> <meta itemprop=\"width\" content=\"371\"> <meta itemprop=\"height\" content=\"272\"> <img loading=\"lazy\" decoding=\"async\" class=\"\" data-attachment-id=\"29290\" data-orig-file=\"https:\/\/staging.asufin.com\/staging\/wp-content\/uploads\/2017\/05\/170518_Conferencia_Barcelona_16-2.jpg\" data-orig-size=\"1000,732\" data-comments-opened=\"1\" data-image-meta=\"{&quot;aperture&quot;:&quot;0&quot;,&quot;credit&quot;:&quot;&quot;,&quot;camera&quot;:&quot;&quot;,&quot;caption&quot;:&quot;&quot;,&quot;created_timestamp&quot;:&quot;0&quot;,&quot;copyright&quot;:&quot;&quot;,&quot;focal_length&quot;:&quot;0&quot;,&quot;iso&quot;:&quot;0&quot;,&quot;shutter_speed&quot;:&quot;0&quot;,&quot;title&quot;:&quot;&quot;,&quot;orientation&quot;:&quot;0&quot;}\" data-image-title=\"170518_Conferencia_Barcelona_16\" data-image-description=\"\" data-medium-file=\"https:\/\/i0.wp.com\/staging.asufin.com\/staging\/wp-content\/uploads\/2017\/05\/170518_Conferencia_Barcelona_16-2.jpg?fit=300%2C220&#038;ssl=1\" data-large-file=\"https:\/\/i0.wp.com\/staging.asufin.com\/staging\/wp-content\/uploads\/2017\/05\/170518_Conferencia_Barcelona_16-2.jpg?fit=800%2C586&#038;ssl=1\" src=\"https:\/\/i0.wp.com\/staging.asufin.com\/staging\/wp-content\/uploads\/2017\/05\/170518_Conferencia_Barcelona_16-2.jpg?w=371&#038;h=272&#038;ssl=1\" srcset=\"https:\/\/i0.wp.com\/staging.asufin.com\/staging\/wp-content\/uploads\/2017\/05\/170518_Conferencia_Barcelona_16-2.jpg?w=1000&amp;ssl=1 1000w, https:\/\/i0.wp.com\/staging.asufin.com\/staging\/wp-content\/uploads\/2017\/05\/170518_Conferencia_Barcelona_16-2.jpg?resize=300%2C220&amp;ssl=1 300w, https:\/\/i0.wp.com\/staging.asufin.com\/staging\/wp-content\/uploads\/2017\/05\/170518_Conferencia_Barcelona_16-2.jpg?resize=768%2C562&amp;ssl=1 768w, https:\/\/i0.wp.com\/staging.asufin.com\/staging\/wp-content\/uploads\/2017\/05\/170518_Conferencia_Barcelona_16-2.jpg?resize=600%2C439&amp;ssl=1 600w\" width=\"371\" height=\"272\" loading=\"lazy\" data-original-width=\"371\" data-original-height=\"272\" itemprop=\"http:\/\/schema.org\/image\" title=\"170518_Conferencia_Barcelona_16\" alt=\"Abogados colaboradores de ASUFIN. De izq. a derecha: Laia Mant\u00e9, Oscar Serrano, Montse Serrano, Carles Perdiguero\" style=\"width: 371px; height: 272px;\" \/> <\/a> <div class=\"tiled-gallery-caption\" itemprop=\"caption description\"> Abogados colaboradores de ASUFIN. De izq. a derecha: Laia Mant\u00e9, Oscar Serrano, Montse Serrano, Carles Perdiguero <\/div> <\/div> <div class=\"tiled-gallery-item tiled-gallery-item-large\" itemprop=\"associatedMedia\" itemscope itemtype=\"http:\/\/schema.org\/ImageObject\"> <a href=\"https:\/\/staging.asufin.com\/staging\/170518_conferencia_barcelona_17\/\" border=\"0\" itemprop=\"url\"> <meta itemprop=\"width\" content=\"371\"> <meta itemprop=\"height\" content=\"335\"> <img loading=\"lazy\" decoding=\"async\" class=\"\" data-attachment-id=\"29291\" data-orig-file=\"https:\/\/staging.asufin.com\/staging\/wp-content\/uploads\/2017\/05\/170518_Conferencia_Barcelona_17-2.jpg\" data-orig-size=\"1000,904\" data-comments-opened=\"1\" data-image-meta=\"{&quot;aperture&quot;:&quot;0&quot;,&quot;credit&quot;:&quot;&quot;,&quot;camera&quot;:&quot;&quot;,&quot;caption&quot;:&quot;&quot;,&quot;created_timestamp&quot;:&quot;0&quot;,&quot;copyright&quot;:&quot;&quot;,&quot;focal_length&quot;:&quot;0&quot;,&quot;iso&quot;:&quot;0&quot;,&quot;shutter_speed&quot;:&quot;0&quot;,&quot;title&quot;:&quot;&quot;,&quot;orientation&quot;:&quot;0&quot;}\" data-image-title=\"170518_Conferencia_Barcelona_17\" data-image-description=\"\" data-medium-file=\"https:\/\/i0.wp.com\/staging.asufin.com\/staging\/wp-content\/uploads\/2017\/05\/170518_Conferencia_Barcelona_17-2.jpg?fit=300%2C271&#038;ssl=1\" data-large-file=\"https:\/\/i0.wp.com\/staging.asufin.com\/staging\/wp-content\/uploads\/2017\/05\/170518_Conferencia_Barcelona_17-2.jpg?fit=800%2C723&#038;ssl=1\" src=\"https:\/\/i0.wp.com\/staging.asufin.com\/staging\/wp-content\/uploads\/2017\/05\/170518_Conferencia_Barcelona_17-2.jpg?w=371&#038;h=335&#038;ssl=1\" srcset=\"https:\/\/i0.wp.com\/staging.asufin.com\/staging\/wp-content\/uploads\/2017\/05\/170518_Conferencia_Barcelona_17-2.jpg?w=1000&amp;ssl=1 1000w, https:\/\/i0.wp.com\/staging.asufin.com\/staging\/wp-content\/uploads\/2017\/05\/170518_Conferencia_Barcelona_17-2.jpg?resize=300%2C271&amp;ssl=1 300w, https:\/\/i0.wp.com\/staging.asufin.com\/staging\/wp-content\/uploads\/2017\/05\/170518_Conferencia_Barcelona_17-2.jpg?resize=768%2C694&amp;ssl=1 768w, https:\/\/i0.wp.com\/staging.asufin.com\/staging\/wp-content\/uploads\/2017\/05\/170518_Conferencia_Barcelona_17-2.jpg?resize=600%2C542&amp;ssl=1 600w\" width=\"371\" height=\"335\" loading=\"lazy\" data-original-width=\"371\" data-original-height=\"335\" itemprop=\"http:\/\/schema.org\/image\" title=\"170518_Conferencia_Barcelona_17\" alt=\"Alja Pestar, presidenta de Zdru\u009eenje Frank\" style=\"width: 371px; height: 335px;\" \/> <\/a> <div class=\"tiled-gallery-caption\" itemprop=\"caption description\"> Alja Pestar, presidenta de Zdru\u009eenje Frank <\/div> <\/div> <div class=\"tiled-gallery-item tiled-gallery-item-large\" itemprop=\"associatedMedia\" itemscope itemtype=\"http:\/\/schema.org\/ImageObject\"> <a href=\"https:\/\/staging.asufin.com\/staging\/170518_conferencia_barcelona_18\/\" border=\"0\" itemprop=\"url\"> <meta itemprop=\"width\" content=\"371\"> <meta itemprop=\"height\" content=\"421\"> <img loading=\"lazy\" decoding=\"async\" class=\"\" data-attachment-id=\"29292\" data-orig-file=\"https:\/\/staging.asufin.com\/staging\/wp-content\/uploads\/2017\/05\/170518_Conferencia_Barcelona_18-2.jpg\" data-orig-size=\"1000,1134\" data-comments-opened=\"1\" data-image-meta=\"{&quot;aperture&quot;:&quot;0&quot;,&quot;credit&quot;:&quot;&quot;,&quot;camera&quot;:&quot;&quot;,&quot;caption&quot;:&quot;&quot;,&quot;created_timestamp&quot;:&quot;0&quot;,&quot;copyright&quot;:&quot;&quot;,&quot;focal_length&quot;:&quot;0&quot;,&quot;iso&quot;:&quot;0&quot;,&quot;shutter_speed&quot;:&quot;0&quot;,&quot;title&quot;:&quot;&quot;,&quot;orientation&quot;:&quot;0&quot;}\" data-image-title=\"170518_Conferencia_Barcelona_18\" data-image-description=\"\" data-medium-file=\"https:\/\/i0.wp.com\/staging.asufin.com\/staging\/wp-content\/uploads\/2017\/05\/170518_Conferencia_Barcelona_18-2.jpg?fit=265%2C300&#038;ssl=1\" data-large-file=\"https:\/\/i0.wp.com\/staging.asufin.com\/staging\/wp-content\/uploads\/2017\/05\/170518_Conferencia_Barcelona_18-2.jpg?fit=800%2C907&#038;ssl=1\" src=\"https:\/\/i0.wp.com\/staging.asufin.com\/staging\/wp-content\/uploads\/2017\/05\/170518_Conferencia_Barcelona_18-2.jpg?w=371&#038;h=421&#038;ssl=1\" srcset=\"https:\/\/i0.wp.com\/staging.asufin.com\/staging\/wp-content\/uploads\/2017\/05\/170518_Conferencia_Barcelona_18-2.jpg?w=1000&amp;ssl=1 1000w, https:\/\/i0.wp.com\/staging.asufin.com\/staging\/wp-content\/uploads\/2017\/05\/170518_Conferencia_Barcelona_18-2.jpg?resize=265%2C300&amp;ssl=1 265w, https:\/\/i0.wp.com\/staging.asufin.com\/staging\/wp-content\/uploads\/2017\/05\/170518_Conferencia_Barcelona_18-2.jpg?resize=768%2C871&amp;ssl=1 768w, https:\/\/i0.wp.com\/staging.asufin.com\/staging\/wp-content\/uploads\/2017\/05\/170518_Conferencia_Barcelona_18-2.jpg?resize=903%2C1024&amp;ssl=1 903w, https:\/\/i0.wp.com\/staging.asufin.com\/staging\/wp-content\/uploads\/2017\/05\/170518_Conferencia_Barcelona_18-2.jpg?resize=600%2C680&amp;ssl=1 600w\" width=\"371\" height=\"421\" loading=\"lazy\" data-original-width=\"371\" data-original-height=\"421\" itemprop=\"http:\/\/schema.org\/image\" title=\"170518_Conferencia_Barcelona_18\" alt=\"Nicole Kwiatkowski, abogada y ponente croata\" style=\"width: 371px; height: 421px;\" \/> <\/a> <div class=\"tiled-gallery-caption\" itemprop=\"caption description\"> Nicole Kwiatkowski, abogada y ponente croata <\/div> <\/div> <\/div> <!-- close group --> <div class=\"gallery-group images-22\" style=\"width: 214px; height: 4262px;\" data-original-width=\"214\" data-original-height=\"4262\" > <div class=\"tiled-gallery-item tiled-gallery-item-small\" itemprop=\"associatedMedia\" itemscope itemtype=\"http:\/\/schema.org\/ImageObject\"> <a href=\"https:\/\/staging.asufin.com\/staging\/170518_conferencia_barcelona_19\/\" border=\"0\" itemprop=\"url\"> <meta itemprop=\"width\" content=\"210\"> <meta itemprop=\"height\" content=\"227\"> <img loading=\"lazy\" decoding=\"async\" class=\"\" data-attachment-id=\"29293\" data-orig-file=\"https:\/\/staging.asufin.com\/staging\/wp-content\/uploads\/2017\/05\/170518_Conferencia_Barcelona_19-2.jpg\" data-orig-size=\"1000,1081\" data-comments-opened=\"1\" data-image-meta=\"{&quot;aperture&quot;:&quot;0&quot;,&quot;credit&quot;:&quot;&quot;,&quot;camera&quot;:&quot;&quot;,&quot;caption&quot;:&quot;&quot;,&quot;created_timestamp&quot;:&quot;0&quot;,&quot;copyright&quot;:&quot;&quot;,&quot;focal_length&quot;:&quot;0&quot;,&quot;iso&quot;:&quot;0&quot;,&quot;shutter_speed&quot;:&quot;0&quot;,&quot;title&quot;:&quot;&quot;,&quot;orientation&quot;:&quot;0&quot;}\" data-image-title=\"170518_Conferencia_Barcelona_19\" data-image-description=\"\" data-medium-file=\"https:\/\/i0.wp.com\/staging.asufin.com\/staging\/wp-content\/uploads\/2017\/05\/170518_Conferencia_Barcelona_19-2.jpg?fit=278%2C300&#038;ssl=1\" data-large-file=\"https:\/\/i0.wp.com\/staging.asufin.com\/staging\/wp-content\/uploads\/2017\/05\/170518_Conferencia_Barcelona_19-2.jpg?fit=800%2C865&#038;ssl=1\" src=\"https:\/\/i0.wp.com\/staging.asufin.com\/staging\/wp-content\/uploads\/2017\/05\/170518_Conferencia_Barcelona_19-2.jpg?w=210&#038;h=227&#038;ssl=1\" srcset=\"https:\/\/i0.wp.com\/staging.asufin.com\/staging\/wp-content\/uploads\/2017\/05\/170518_Conferencia_Barcelona_19-2.jpg?w=1000&amp;ssl=1 1000w, https:\/\/i0.wp.com\/staging.asufin.com\/staging\/wp-content\/uploads\/2017\/05\/170518_Conferencia_Barcelona_19-2.jpg?resize=278%2C300&amp;ssl=1 278w, https:\/\/i0.wp.com\/staging.asufin.com\/staging\/wp-content\/uploads\/2017\/05\/170518_Conferencia_Barcelona_19-2.jpg?resize=768%2C830&amp;ssl=1 768w, https:\/\/i0.wp.com\/staging.asufin.com\/staging\/wp-content\/uploads\/2017\/05\/170518_Conferencia_Barcelona_19-2.jpg?resize=947%2C1024&amp;ssl=1 947w, https:\/\/i0.wp.com\/staging.asufin.com\/staging\/wp-content\/uploads\/2017\/05\/170518_Conferencia_Barcelona_19-2.jpg?resize=600%2C649&amp;ssl=1 600w\" width=\"210\" height=\"227\" loading=\"lazy\" data-original-width=\"210\" data-original-height=\"227\" itemprop=\"http:\/\/schema.org\/image\" title=\"170518_Conferencia_Barcelona_19\" alt=\"Sigr\u00fan Davidsdottir periodista islandesa y ponente\" style=\"width: 210px; height: 227px;\" \/> <\/a> <div class=\"tiled-gallery-caption\" itemprop=\"caption description\"> Sigr\u00fan Davidsdottir periodista islandesa y ponente <\/div> <\/div> <div class=\"tiled-gallery-item tiled-gallery-item-small\" itemprop=\"associatedMedia\" itemscope itemtype=\"http:\/\/schema.org\/ImageObject\"> <a href=\"https:\/\/staging.asufin.com\/staging\/170518_conferencia_barcelona_20\/\" border=\"0\" itemprop=\"url\"> <meta itemprop=\"width\" content=\"210\"> <meta itemprop=\"height\" content=\"176\"> <img loading=\"lazy\" decoding=\"async\" class=\"\" data-attachment-id=\"29294\" data-orig-file=\"https:\/\/staging.asufin.com\/staging\/wp-content\/uploads\/2017\/05\/170518_Conferencia_Barcelona_20-2.jpg\" data-orig-size=\"1000,837\" data-comments-opened=\"1\" data-image-meta=\"{&quot;aperture&quot;:&quot;0&quot;,&quot;credit&quot;:&quot;&quot;,&quot;camera&quot;:&quot;&quot;,&quot;caption&quot;:&quot;&quot;,&quot;created_timestamp&quot;:&quot;0&quot;,&quot;copyright&quot;:&quot;&quot;,&quot;focal_length&quot;:&quot;0&quot;,&quot;iso&quot;:&quot;0&quot;,&quot;shutter_speed&quot;:&quot;0&quot;,&quot;title&quot;:&quot;&quot;,&quot;orientation&quot;:&quot;0&quot;}\" data-image-title=\"170518_Conferencia_Barcelona_20\" data-image-description=\"\" data-medium-file=\"https:\/\/i0.wp.com\/staging.asufin.com\/staging\/wp-content\/uploads\/2017\/05\/170518_Conferencia_Barcelona_20-2.jpg?fit=300%2C251&#038;ssl=1\" data-large-file=\"https:\/\/i0.wp.com\/staging.asufin.com\/staging\/wp-content\/uploads\/2017\/05\/170518_Conferencia_Barcelona_20-2.jpg?fit=800%2C670&#038;ssl=1\" src=\"https:\/\/i0.wp.com\/staging.asufin.com\/staging\/wp-content\/uploads\/2017\/05\/170518_Conferencia_Barcelona_20-2.jpg?w=210&#038;h=176&#038;ssl=1\" srcset=\"https:\/\/i0.wp.com\/staging.asufin.com\/staging\/wp-content\/uploads\/2017\/05\/170518_Conferencia_Barcelona_20-2.jpg?w=1000&amp;ssl=1 1000w, https:\/\/i0.wp.com\/staging.asufin.com\/staging\/wp-content\/uploads\/2017\/05\/170518_Conferencia_Barcelona_20-2.jpg?resize=300%2C251&amp;ssl=1 300w, https:\/\/i0.wp.com\/staging.asufin.com\/staging\/wp-content\/uploads\/2017\/05\/170518_Conferencia_Barcelona_20-2.jpg?resize=768%2C643&amp;ssl=1 768w, https:\/\/i0.wp.com\/staging.asufin.com\/staging\/wp-content\/uploads\/2017\/05\/170518_Conferencia_Barcelona_20-2.jpg?resize=600%2C502&amp;ssl=1 600w\" width=\"210\" height=\"176\" loading=\"lazy\" data-original-width=\"210\" data-original-height=\"176\" itemprop=\"http:\/\/schema.org\/image\" title=\"170518_Conferencia_Barcelona_20\" alt=\"Mar\u00eda Victoria Zunzunegui, investigadora de la Fundaci\u00f3n Finsalud\" style=\"width: 210px; height: 176px;\" \/> <\/a> <div class=\"tiled-gallery-caption\" itemprop=\"caption description\"> Mar\u00eda Victoria Zunzunegui, investigadora de la Fundaci\u00f3n Finsalud <\/div> <\/div> <div class=\"tiled-gallery-item tiled-gallery-item-small\" itemprop=\"associatedMedia\" itemscope itemtype=\"http:\/\/schema.org\/ImageObject\"> <a href=\"https:\/\/staging.asufin.com\/staging\/170518_conferencia_barcelona_21\/\" border=\"0\" itemprop=\"url\"> <meta itemprop=\"width\" content=\"210\"> <meta itemprop=\"height\" content=\"180\"> <img loading=\"lazy\" decoding=\"async\" class=\"\" data-attachment-id=\"29295\" data-orig-file=\"https:\/\/staging.asufin.com\/staging\/wp-content\/uploads\/2017\/05\/170518_Conferencia_Barcelona_21-2.jpg\" data-orig-size=\"1000,859\" data-comments-opened=\"1\" data-image-meta=\"{&quot;aperture&quot;:&quot;0&quot;,&quot;credit&quot;:&quot;&quot;,&quot;camera&quot;:&quot;&quot;,&quot;caption&quot;:&quot;&quot;,&quot;created_timestamp&quot;:&quot;0&quot;,&quot;copyright&quot;:&quot;&quot;,&quot;focal_length&quot;:&quot;0&quot;,&quot;iso&quot;:&quot;0&quot;,&quot;shutter_speed&quot;:&quot;0&quot;,&quot;title&quot;:&quot;&quot;,&quot;orientation&quot;:&quot;0&quot;}\" data-image-title=\"170518_Conferencia_Barcelona_21\" data-image-description=\"\" data-medium-file=\"https:\/\/i0.wp.com\/staging.asufin.com\/staging\/wp-content\/uploads\/2017\/05\/170518_Conferencia_Barcelona_21-2.jpg?fit=300%2C258&#038;ssl=1\" data-large-file=\"https:\/\/i0.wp.com\/staging.asufin.com\/staging\/wp-content\/uploads\/2017\/05\/170518_Conferencia_Barcelona_21-2.jpg?fit=800%2C687&#038;ssl=1\" src=\"https:\/\/i0.wp.com\/staging.asufin.com\/staging\/wp-content\/uploads\/2017\/05\/170518_Conferencia_Barcelona_21-2.jpg?w=210&#038;h=180&#038;ssl=1\" srcset=\"https:\/\/i0.wp.com\/staging.asufin.com\/staging\/wp-content\/uploads\/2017\/05\/170518_Conferencia_Barcelona_21-2.jpg?w=1000&amp;ssl=1 1000w, https:\/\/i0.wp.com\/staging.asufin.com\/staging\/wp-content\/uploads\/2017\/05\/170518_Conferencia_Barcelona_21-2.jpg?resize=300%2C258&amp;ssl=1 300w, https:\/\/i0.wp.com\/staging.asufin.com\/staging\/wp-content\/uploads\/2017\/05\/170518_Conferencia_Barcelona_21-2.jpg?resize=768%2C660&amp;ssl=1 768w, https:\/\/i0.wp.com\/staging.asufin.com\/staging\/wp-content\/uploads\/2017\/05\/170518_Conferencia_Barcelona_21-2.jpg?resize=600%2C515&amp;ssl=1 600w\" width=\"210\" height=\"180\" loading=\"lazy\" data-original-width=\"210\" data-original-height=\"180\" itemprop=\"http:\/\/schema.org\/image\" title=\"170518_Conferencia_Barcelona_21\" alt=\"Franca Berno, presidenta de Tuconfin y ponente\" style=\"width: 210px; height: 180px;\" \/> <\/a> <div class=\"tiled-gallery-caption\" itemprop=\"caption description\"> Franca Berno, presidenta de Tuconfin y ponente <\/div> <\/div> <div class=\"tiled-gallery-item tiled-gallery-item-small\" itemprop=\"associatedMedia\" itemscope itemtype=\"http:\/\/schema.org\/ImageObject\"> <a href=\"https:\/\/staging.asufin.com\/staging\/170518_conferencia_barcelona_22\/\" border=\"0\" itemprop=\"url\"> <meta itemprop=\"width\" content=\"210\"> <meta itemprop=\"height\" content=\"175\"> <img loading=\"lazy\" decoding=\"async\" class=\"\" data-attachment-id=\"29296\" data-orig-file=\"https:\/\/staging.asufin.com\/staging\/wp-content\/uploads\/2017\/05\/170518_Conferencia_Barcelona_22-2.jpg\" data-orig-size=\"1000,834\" data-comments-opened=\"1\" data-image-meta=\"{&quot;aperture&quot;:&quot;0&quot;,&quot;credit&quot;:&quot;&quot;,&quot;camera&quot;:&quot;&quot;,&quot;caption&quot;:&quot;&quot;,&quot;created_timestamp&quot;:&quot;0&quot;,&quot;copyright&quot;:&quot;&quot;,&quot;focal_length&quot;:&quot;0&quot;,&quot;iso&quot;:&quot;0&quot;,&quot;shutter_speed&quot;:&quot;0&quot;,&quot;title&quot;:&quot;&quot;,&quot;orientation&quot;:&quot;0&quot;}\" data-image-title=\"170518_Conferencia_Barcelona_22\" data-image-description=\"\" data-medium-file=\"https:\/\/i0.wp.com\/staging.asufin.com\/staging\/wp-content\/uploads\/2017\/05\/170518_Conferencia_Barcelona_22-2.jpg?fit=300%2C250&#038;ssl=1\" data-large-file=\"https:\/\/i0.wp.com\/staging.asufin.com\/staging\/wp-content\/uploads\/2017\/05\/170518_Conferencia_Barcelona_22-2.jpg?fit=800%2C667&#038;ssl=1\" src=\"https:\/\/i0.wp.com\/staging.asufin.com\/staging\/wp-content\/uploads\/2017\/05\/170518_Conferencia_Barcelona_22-2.jpg?w=210&#038;h=175&#038;ssl=1\" srcset=\"https:\/\/i0.wp.com\/staging.asufin.com\/staging\/wp-content\/uploads\/2017\/05\/170518_Conferencia_Barcelona_22-2.jpg?w=1000&amp;ssl=1 1000w, https:\/\/i0.wp.com\/staging.asufin.com\/staging\/wp-content\/uploads\/2017\/05\/170518_Conferencia_Barcelona_22-2.jpg?resize=300%2C250&amp;ssl=1 300w, https:\/\/i0.wp.com\/staging.asufin.com\/staging\/wp-content\/uploads\/2017\/05\/170518_Conferencia_Barcelona_22-2.jpg?resize=768%2C641&amp;ssl=1 768w, https:\/\/i0.wp.com\/staging.asufin.com\/staging\/wp-content\/uploads\/2017\/05\/170518_Conferencia_Barcelona_22-2.jpg?resize=600%2C500&amp;ssl=1 600w\" width=\"210\" height=\"175\" loading=\"lazy\" data-original-width=\"210\" data-original-height=\"175\" itemprop=\"http:\/\/schema.org\/image\" title=\"170518_Conferencia_Barcelona_22\" alt=\"Dalibor Mr\u009aa, abogado y ponente Bosnio\" style=\"width: 210px; height: 175px;\" \/> <\/a> <div class=\"tiled-gallery-caption\" itemprop=\"caption description\"> Dalibor Mr\u009aa, abogado y ponente Bosnio <\/div> <\/div> <div class=\"tiled-gallery-item tiled-gallery-item-small\" itemprop=\"associatedMedia\" itemscope itemtype=\"http:\/\/schema.org\/ImageObject\"> <a href=\"https:\/\/staging.asufin.com\/staging\/170518_conferencia_barcelona_24\/\" border=\"0\" itemprop=\"url\"> <meta itemprop=\"width\" content=\"210\"> <meta itemprop=\"height\" content=\"399\"> <img loading=\"lazy\" decoding=\"async\" class=\"\" data-attachment-id=\"29297\" data-orig-file=\"https:\/\/staging.asufin.com\/staging\/wp-content\/uploads\/2017\/05\/170518_Conferencia_Barcelona_24-2.jpg\" data-orig-size=\"1000,1899\" data-comments-opened=\"1\" data-image-meta=\"{&quot;aperture&quot;:&quot;0&quot;,&quot;credit&quot;:&quot;&quot;,&quot;camera&quot;:&quot;&quot;,&quot;caption&quot;:&quot;&quot;,&quot;created_timestamp&quot;:&quot;0&quot;,&quot;copyright&quot;:&quot;&quot;,&quot;focal_length&quot;:&quot;0&quot;,&quot;iso&quot;:&quot;0&quot;,&quot;shutter_speed&quot;:&quot;0&quot;,&quot;title&quot;:&quot;&quot;,&quot;orientation&quot;:&quot;0&quot;}\" data-image-title=\"170518_Conferencia_Barcelona_24\" data-image-description=\"\" data-medium-file=\"https:\/\/i0.wp.com\/staging.asufin.com\/staging\/wp-content\/uploads\/2017\/05\/170518_Conferencia_Barcelona_24-2.jpg?fit=158%2C300&#038;ssl=1\" data-large-file=\"https:\/\/i0.wp.com\/staging.asufin.com\/staging\/wp-content\/uploads\/2017\/05\/170518_Conferencia_Barcelona_24-2.jpg?fit=539%2C1024&#038;ssl=1\" src=\"https:\/\/i0.wp.com\/staging.asufin.com\/staging\/wp-content\/uploads\/2017\/05\/170518_Conferencia_Barcelona_24-2.jpg?w=210&#038;h=399&#038;ssl=1\" srcset=\"https:\/\/i0.wp.com\/staging.asufin.com\/staging\/wp-content\/uploads\/2017\/05\/170518_Conferencia_Barcelona_24-2.jpg?w=1000&amp;ssl=1 1000w, https:\/\/i0.wp.com\/staging.asufin.com\/staging\/wp-content\/uploads\/2017\/05\/170518_Conferencia_Barcelona_24-2.jpg?resize=158%2C300&amp;ssl=1 158w, https:\/\/i0.wp.com\/staging.asufin.com\/staging\/wp-content\/uploads\/2017\/05\/170518_Conferencia_Barcelona_24-2.jpg?resize=768%2C1458&amp;ssl=1 768w, https:\/\/i0.wp.com\/staging.asufin.com\/staging\/wp-content\/uploads\/2017\/05\/170518_Conferencia_Barcelona_24-2.jpg?resize=539%2C1024&amp;ssl=1 539w, https:\/\/i0.wp.com\/staging.asufin.com\/staging\/wp-content\/uploads\/2017\/05\/170518_Conferencia_Barcelona_24-2.jpg?resize=600%2C1139&amp;ssl=1 600w\" width=\"210\" height=\"399\" loading=\"lazy\" data-original-width=\"210\" data-original-height=\"399\" itemprop=\"http:\/\/schema.org\/image\" title=\"170518_Conferencia_Barcelona_24\" alt=\"Vanesa Fern\u00e1ndez y V\u00edctor Ceballos, abogados colaboradores de ASUFIN\" style=\"width: 210px; height: 399px;\" \/> <\/a> <div class=\"tiled-gallery-caption\" itemprop=\"caption description\"> Vanesa Fern\u00e1ndez y V\u00edctor Ceballos, abogados colaboradores de ASUFIN <\/div> <\/div> <div class=\"tiled-gallery-item tiled-gallery-item-small\" itemprop=\"associatedMedia\" itemscope itemtype=\"http:\/\/schema.org\/ImageObject\"> <a href=\"https:\/\/staging.asufin.com\/staging\/170518_conferencia_barcelona_25\/\" border=\"0\" itemprop=\"url\"> <meta itemprop=\"width\" content=\"210\"> <meta itemprop=\"height\" content=\"349\"> <img loading=\"lazy\" decoding=\"async\" class=\"\" data-attachment-id=\"29298\" data-orig-file=\"https:\/\/staging.asufin.com\/staging\/wp-content\/uploads\/2017\/05\/170518_Conferencia_Barcelona_25-2.jpg\" data-orig-size=\"1000,1663\" data-comments-opened=\"1\" data-image-meta=\"{&quot;aperture&quot;:&quot;0&quot;,&quot;credit&quot;:&quot;&quot;,&quot;camera&quot;:&quot;&quot;,&quot;caption&quot;:&quot;&quot;,&quot;created_timestamp&quot;:&quot;0&quot;,&quot;copyright&quot;:&quot;&quot;,&quot;focal_length&quot;:&quot;0&quot;,&quot;iso&quot;:&quot;0&quot;,&quot;shutter_speed&quot;:&quot;0&quot;,&quot;title&quot;:&quot;&quot;,&quot;orientation&quot;:&quot;0&quot;}\" data-image-title=\"170518_Conferencia_Barcelona_25\" data-image-description=\"\" data-medium-file=\"https:\/\/i0.wp.com\/staging.asufin.com\/staging\/wp-content\/uploads\/2017\/05\/170518_Conferencia_Barcelona_25-2.jpg?fit=180%2C300&#038;ssl=1\" data-large-file=\"https:\/\/i0.wp.com\/staging.asufin.com\/staging\/wp-content\/uploads\/2017\/05\/170518_Conferencia_Barcelona_25-2.jpg?fit=616%2C1024&#038;ssl=1\" src=\"https:\/\/i0.wp.com\/staging.asufin.com\/staging\/wp-content\/uploads\/2017\/05\/170518_Conferencia_Barcelona_25-2.jpg?w=210&#038;h=349&#038;ssl=1\" srcset=\"https:\/\/i0.wp.com\/staging.asufin.com\/staging\/wp-content\/uploads\/2017\/05\/170518_Conferencia_Barcelona_25-2.jpg?w=1000&amp;ssl=1 1000w, https:\/\/i0.wp.com\/staging.asufin.com\/staging\/wp-content\/uploads\/2017\/05\/170518_Conferencia_Barcelona_25-2.jpg?resize=180%2C300&amp;ssl=1 180w, https:\/\/i0.wp.com\/staging.asufin.com\/staging\/wp-content\/uploads\/2017\/05\/170518_Conferencia_Barcelona_25-2.jpg?resize=768%2C1277&amp;ssl=1 768w, https:\/\/i0.wp.com\/staging.asufin.com\/staging\/wp-content\/uploads\/2017\/05\/170518_Conferencia_Barcelona_25-2.jpg?resize=616%2C1024&amp;ssl=1 616w, https:\/\/i0.wp.com\/staging.asufin.com\/staging\/wp-content\/uploads\/2017\/05\/170518_Conferencia_Barcelona_25-2.jpg?resize=600%2C998&amp;ssl=1 600w\" width=\"210\" height=\"349\" loading=\"lazy\" data-original-width=\"210\" data-original-height=\"349\" itemprop=\"http:\/\/schema.org\/image\" title=\"170518_Conferencia_Barcelona_25\" alt=\"Asistente a la VI Conferencia Europea Sobre Hipotecas en Divisas en Barcelona\" style=\"width: 210px; height: 349px;\" \/> <\/a> <div class=\"tiled-gallery-caption\" itemprop=\"caption description\"> Asistente a la VI Conferencia Europea Sobre Hipotecas en Divisas en Barcelona <\/div> <\/div> <div class=\"tiled-gallery-item tiled-gallery-item-small\" itemprop=\"associatedMedia\" itemscope itemtype=\"http:\/\/schema.org\/ImageObject\"> <a href=\"https:\/\/staging.asufin.com\/staging\/170518_conferencia_barcelona_9\/\" border=\"0\" itemprop=\"url\"> <meta itemprop=\"width\" content=\"210\"> <meta itemprop=\"height\" content=\"97\"> <img loading=\"lazy\" decoding=\"async\" class=\"\" data-attachment-id=\"29274\" data-orig-file=\"https:\/\/staging.asufin.com\/staging\/wp-content\/uploads\/2017\/05\/170518_Conferencia_Barcelona_9-3.jpg\" data-orig-size=\"1000,461\" data-comments-opened=\"1\" data-image-meta=\"{&quot;aperture&quot;:&quot;0&quot;,&quot;credit&quot;:&quot;&quot;,&quot;camera&quot;:&quot;&quot;,&quot;caption&quot;:&quot;&quot;,&quot;created_timestamp&quot;:&quot;0&quot;,&quot;copyright&quot;:&quot;&quot;,&quot;focal_length&quot;:&quot;0&quot;,&quot;iso&quot;:&quot;0&quot;,&quot;shutter_speed&quot;:&quot;0&quot;,&quot;title&quot;:&quot;&quot;,&quot;orientation&quot;:&quot;0&quot;}\" data-image-title=\"170518_Conferencia_Barcelona_9\" data-image-description=\"\" data-medium-file=\"https:\/\/i0.wp.com\/staging.asufin.com\/staging\/wp-content\/uploads\/2017\/05\/170518_Conferencia_Barcelona_9-3.jpg?fit=300%2C138&#038;ssl=1\" data-large-file=\"https:\/\/i0.wp.com\/staging.asufin.com\/staging\/wp-content\/uploads\/2017\/05\/170518_Conferencia_Barcelona_9-3.jpg?fit=800%2C369&#038;ssl=1\" src=\"https:\/\/i0.wp.com\/staging.asufin.com\/staging\/wp-content\/uploads\/2017\/05\/170518_Conferencia_Barcelona_9-3.jpg?w=210&#038;h=97&#038;ssl=1\" srcset=\"https:\/\/i0.wp.com\/staging.asufin.com\/staging\/wp-content\/uploads\/2017\/05\/170518_Conferencia_Barcelona_9-3.jpg?w=1000&amp;ssl=1 1000w, https:\/\/i0.wp.com\/staging.asufin.com\/staging\/wp-content\/uploads\/2017\/05\/170518_Conferencia_Barcelona_9-3.jpg?resize=300%2C138&amp;ssl=1 300w, https:\/\/i0.wp.com\/staging.asufin.com\/staging\/wp-content\/uploads\/2017\/05\/170518_Conferencia_Barcelona_9-3.jpg?resize=768%2C354&amp;ssl=1 768w, https:\/\/i0.wp.com\/staging.asufin.com\/staging\/wp-content\/uploads\/2017\/05\/170518_Conferencia_Barcelona_9-3.jpg?resize=600%2C277&amp;ssl=1 600w\" width=\"210\" height=\"97\" loading=\"lazy\" data-original-width=\"210\" data-original-height=\"97\" itemprop=\"http:\/\/schema.org\/image\" title=\"170518_Conferencia_Barcelona_9\" alt=\"VI Conferencia Europea Sobre Hipotecas en Divisas en Barcelona. Foto familia.\" style=\"width: 210px; height: 97px;\" \/> <\/a> <div class=\"tiled-gallery-caption\" itemprop=\"caption description\"> VI Conferencia Europea Sobre Hipotecas en Divisas en Barcelona. Foto familia. <\/div> <\/div> <div class=\"tiled-gallery-item tiled-gallery-item-small\" itemprop=\"associatedMedia\" itemscope itemtype=\"http:\/\/schema.org\/ImageObject\"> <a href=\"https:\/\/staging.asufin.com\/staging\/170518_asufin_barcelona_pilar_2\/\" border=\"0\" itemprop=\"url\"> <meta itemprop=\"width\" content=\"210\"> <meta itemprop=\"height\" content=\"158\"> <img loading=\"lazy\" decoding=\"async\" class=\"\" data-attachment-id=\"29346\" data-orig-file=\"https:\/\/staging.asufin.com\/staging\/wp-content\/uploads\/2017\/05\/170518_ASUFIN_BARCELONA_PILAR_2-2.jpg\" data-orig-size=\"1008,756\" data-comments-opened=\"1\" data-image-meta=\"{&quot;aperture&quot;:&quot;0&quot;,&quot;credit&quot;:&quot;&quot;,&quot;camera&quot;:&quot;&quot;,&quot;caption&quot;:&quot;&quot;,&quot;created_timestamp&quot;:&quot;0&quot;,&quot;copyright&quot;:&quot;&quot;,&quot;focal_length&quot;:&quot;0&quot;,&quot;iso&quot;:&quot;0&quot;,&quot;shutter_speed&quot;:&quot;0&quot;,&quot;title&quot;:&quot;&quot;,&quot;orientation&quot;:&quot;0&quot;}\" data-image-title=\"170518_ASUFIN_BARCELONA_PILAR_2\" data-image-description=\"\" data-medium-file=\"https:\/\/i0.wp.com\/staging.asufin.com\/staging\/wp-content\/uploads\/2017\/05\/170518_ASUFIN_BARCELONA_PILAR_2-2.jpg?fit=300%2C225&#038;ssl=1\" data-large-file=\"https:\/\/i0.wp.com\/staging.asufin.com\/staging\/wp-content\/uploads\/2017\/05\/170518_ASUFIN_BARCELONA_PILAR_2-2.jpg?fit=800%2C600&#038;ssl=1\" src=\"https:\/\/i0.wp.com\/staging.asufin.com\/staging\/wp-content\/uploads\/2017\/05\/170518_ASUFIN_BARCELONA_PILAR_2-2.jpg?w=210&#038;h=158&#038;ssl=1\" srcset=\"https:\/\/i0.wp.com\/staging.asufin.com\/staging\/wp-content\/uploads\/2017\/05\/170518_ASUFIN_BARCELONA_PILAR_2-2.jpg?w=1008&amp;ssl=1 1008w, https:\/\/i0.wp.com\/staging.asufin.com\/staging\/wp-content\/uploads\/2017\/05\/170518_ASUFIN_BARCELONA_PILAR_2-2.jpg?resize=300%2C225&amp;ssl=1 300w, https:\/\/i0.wp.com\/staging.asufin.com\/staging\/wp-content\/uploads\/2017\/05\/170518_ASUFIN_BARCELONA_PILAR_2-2.jpg?resize=768%2C576&amp;ssl=1 768w, https:\/\/i0.wp.com\/staging.asufin.com\/staging\/wp-content\/uploads\/2017\/05\/170518_ASUFIN_BARCELONA_PILAR_2-2.jpg?resize=600%2C450&amp;ssl=1 600w\" width=\"210\" height=\"158\" loading=\"lazy\" data-original-width=\"210\" data-original-height=\"158\" itemprop=\"http:\/\/schema.org\/image\" title=\"170518_ASUFIN_BARCELONA_PILAR_2\" alt=\"Patricia Su\u00e1rez atiende a los ponentes en el almuerzo ofrecido en el hotel antes de la conferencia\" style=\"width: 210px; height: 158px;\" \/> <\/a> <div class=\"tiled-gallery-caption\" itemprop=\"caption description\"> Patricia Su\u00e1rez atiende a los ponentes en el almuerzo ofrecido en el hotel antes de la conferencia <\/div> <\/div> <div class=\"tiled-gallery-item tiled-gallery-item-small\" itemprop=\"associatedMedia\" itemscope itemtype=\"http:\/\/schema.org\/ImageObject\"> <a href=\"https:\/\/staging.asufin.com\/staging\/170518_asufin_barcelona_pilar_3\/\" border=\"0\" itemprop=\"url\"> <meta itemprop=\"width\" content=\"210\"> <meta itemprop=\"height\" content=\"280\"> <img loading=\"lazy\" decoding=\"async\" class=\"\" data-attachment-id=\"29347\" data-orig-file=\"https:\/\/staging.asufin.com\/staging\/wp-content\/uploads\/2017\/05\/170518_ASUFIN_BARCELONA_PILAR_3-2.jpg\" data-orig-size=\"907,1209\" data-comments-opened=\"1\" data-image-meta=\"{&quot;aperture&quot;:&quot;0&quot;,&quot;credit&quot;:&quot;&quot;,&quot;camera&quot;:&quot;&quot;,&quot;caption&quot;:&quot;&quot;,&quot;created_timestamp&quot;:&quot;0&quot;,&quot;copyright&quot;:&quot;&quot;,&quot;focal_length&quot;:&quot;0&quot;,&quot;iso&quot;:&quot;0&quot;,&quot;shutter_speed&quot;:&quot;0&quot;,&quot;title&quot;:&quot;&quot;,&quot;orientation&quot;:&quot;0&quot;}\" data-image-title=\"170518_ASUFIN_BARCELONA_PILAR_3\" data-image-description=\"\" data-medium-file=\"https:\/\/i0.wp.com\/staging.asufin.com\/staging\/wp-content\/uploads\/2017\/05\/170518_ASUFIN_BARCELONA_PILAR_3-2.jpg?fit=225%2C300&#038;ssl=1\" data-large-file=\"https:\/\/i0.wp.com\/staging.asufin.com\/staging\/wp-content\/uploads\/2017\/05\/170518_ASUFIN_BARCELONA_PILAR_3-2.jpg?fit=768%2C1024&#038;ssl=1\" src=\"https:\/\/i0.wp.com\/staging.asufin.com\/staging\/wp-content\/uploads\/2017\/05\/170518_ASUFIN_BARCELONA_PILAR_3-2.jpg?w=210&#038;h=280&#038;ssl=1\" srcset=\"https:\/\/i0.wp.com\/staging.asufin.com\/staging\/wp-content\/uploads\/2017\/05\/170518_ASUFIN_BARCELONA_PILAR_3-2.jpg?w=907&amp;ssl=1 907w, https:\/\/i0.wp.com\/staging.asufin.com\/staging\/wp-content\/uploads\/2017\/05\/170518_ASUFIN_BARCELONA_PILAR_3-2.jpg?resize=225%2C300&amp;ssl=1 225w, https:\/\/i0.wp.com\/staging.asufin.com\/staging\/wp-content\/uploads\/2017\/05\/170518_ASUFIN_BARCELONA_PILAR_3-2.jpg?resize=768%2C1024&amp;ssl=1 768w, https:\/\/i0.wp.com\/staging.asufin.com\/staging\/wp-content\/uploads\/2017\/05\/170518_ASUFIN_BARCELONA_PILAR_3-2.jpg?resize=600%2C800&amp;ssl=1 600w\" width=\"210\" height=\"280\" loading=\"lazy\" data-original-width=\"210\" data-original-height=\"280\" itemprop=\"http:\/\/schema.org\/image\" title=\"170518_ASUFIN_BARCELONA_PILAR_3\" alt=\"Patricia Su\u00e1rez atiende a los ponentes en el almuerzo ofrecido en el hotel antes de la conferencia\" style=\"width: 210px; height: 280px;\" \/> <\/a> <div class=\"tiled-gallery-caption\" itemprop=\"caption description\"> Patricia Su\u00e1rez atiende a los ponentes en el almuerzo ofrecido en el hotel antes de la conferencia <\/div> <\/div> <div class=\"tiled-gallery-item tiled-gallery-item-small\" itemprop=\"associatedMedia\" itemscope itemtype=\"http:\/\/schema.org\/ImageObject\"> <a href=\"https:\/\/staging.asufin.com\/staging\/170518_asufin_barcelona_pilar_4\/\" border=\"0\" itemprop=\"url\"> <meta itemprop=\"width\" content=\"210\"> <meta itemprop=\"height\" content=\"280\"> <img loading=\"lazy\" decoding=\"async\" class=\"\" data-attachment-id=\"29348\" data-orig-file=\"https:\/\/staging.asufin.com\/staging\/wp-content\/uploads\/2017\/05\/170518_ASUFIN_BARCELONA_PILAR_4-2.jpg\" data-orig-size=\"907,1209\" data-comments-opened=\"1\" data-image-meta=\"{&quot;aperture&quot;:&quot;0&quot;,&quot;credit&quot;:&quot;&quot;,&quot;camera&quot;:&quot;&quot;,&quot;caption&quot;:&quot;&quot;,&quot;created_timestamp&quot;:&quot;0&quot;,&quot;copyright&quot;:&quot;&quot;,&quot;focal_length&quot;:&quot;0&quot;,&quot;iso&quot;:&quot;0&quot;,&quot;shutter_speed&quot;:&quot;0&quot;,&quot;title&quot;:&quot;&quot;,&quot;orientation&quot;:&quot;0&quot;}\" data-image-title=\"170518_ASUFIN_BARCELONA_PILAR_4\" data-image-description=\"\" data-medium-file=\"https:\/\/i0.wp.com\/staging.asufin.com\/staging\/wp-content\/uploads\/2017\/05\/170518_ASUFIN_BARCELONA_PILAR_4-2.jpg?fit=225%2C300&#038;ssl=1\" data-large-file=\"https:\/\/i0.wp.com\/staging.asufin.com\/staging\/wp-content\/uploads\/2017\/05\/170518_ASUFIN_BARCELONA_PILAR_4-2.jpg?fit=768%2C1024&#038;ssl=1\" src=\"https:\/\/i0.wp.com\/staging.asufin.com\/staging\/wp-content\/uploads\/2017\/05\/170518_ASUFIN_BARCELONA_PILAR_4-2.jpg?w=210&#038;h=280&#038;ssl=1\" srcset=\"https:\/\/i0.wp.com\/staging.asufin.com\/staging\/wp-content\/uploads\/2017\/05\/170518_ASUFIN_BARCELONA_PILAR_4-2.jpg?w=907&amp;ssl=1 907w, https:\/\/i0.wp.com\/staging.asufin.com\/staging\/wp-content\/uploads\/2017\/05\/170518_ASUFIN_BARCELONA_PILAR_4-2.jpg?resize=225%2C300&amp;ssl=1 225w, https:\/\/i0.wp.com\/staging.asufin.com\/staging\/wp-content\/uploads\/2017\/05\/170518_ASUFIN_BARCELONA_PILAR_4-2.jpg?resize=768%2C1024&amp;ssl=1 768w, https:\/\/i0.wp.com\/staging.asufin.com\/staging\/wp-content\/uploads\/2017\/05\/170518_ASUFIN_BARCELONA_PILAR_4-2.jpg?resize=600%2C800&amp;ssl=1 600w\" width=\"210\" height=\"280\" loading=\"lazy\" data-original-width=\"210\" data-original-height=\"280\" itemprop=\"http:\/\/schema.org\/image\" title=\"170518_ASUFIN_BARCELONA_PILAR_4\" alt=\"Patricia Su\u00e1rez atiende a los ponentes en el almuerzo ofrecido en el hotel antes de la conferencia\" style=\"width: 210px; height: 280px;\" \/> <\/a> <div class=\"tiled-gallery-caption\" itemprop=\"caption description\"> Patricia Su\u00e1rez atiende a los ponentes en el almuerzo ofrecido en el hotel antes de la conferencia <\/div> <\/div> <div class=\"tiled-gallery-item tiled-gallery-item-small\" itemprop=\"associatedMedia\" itemscope itemtype=\"http:\/\/schema.org\/ImageObject\"> <a href=\"https:\/\/staging.asufin.com\/staging\/170518_asufin_barcelona_pilar_5\/\" border=\"0\" itemprop=\"url\"> <meta itemprop=\"width\" content=\"210\"> <meta itemprop=\"height\" content=\"118\"> <img loading=\"lazy\" decoding=\"async\" class=\"\" data-attachment-id=\"29349\" data-orig-file=\"https:\/\/staging.asufin.com\/staging\/wp-content\/uploads\/2017\/05\/170518_ASUFIN_BARCELONA_PILAR_5-2.jpg\" data-orig-size=\"1024,576\" data-comments-opened=\"1\" data-image-meta=\"{&quot;aperture&quot;:&quot;0&quot;,&quot;credit&quot;:&quot;&quot;,&quot;camera&quot;:&quot;&quot;,&quot;caption&quot;:&quot;&quot;,&quot;created_timestamp&quot;:&quot;0&quot;,&quot;copyright&quot;:&quot;&quot;,&quot;focal_length&quot;:&quot;0&quot;,&quot;iso&quot;:&quot;0&quot;,&quot;shutter_speed&quot;:&quot;0&quot;,&quot;title&quot;:&quot;&quot;,&quot;orientation&quot;:&quot;0&quot;}\" data-image-title=\"170518_ASUFIN_BARCELONA_PILAR_5\" data-image-description=\"\" data-medium-file=\"https:\/\/i0.wp.com\/staging.asufin.com\/staging\/wp-content\/uploads\/2017\/05\/170518_ASUFIN_BARCELONA_PILAR_5-2.jpg?fit=300%2C169&#038;ssl=1\" data-large-file=\"https:\/\/i0.wp.com\/staging.asufin.com\/staging\/wp-content\/uploads\/2017\/05\/170518_ASUFIN_BARCELONA_PILAR_5-2.jpg?fit=800%2C450&#038;ssl=1\" src=\"https:\/\/i0.wp.com\/staging.asufin.com\/staging\/wp-content\/uploads\/2017\/05\/170518_ASUFIN_BARCELONA_PILAR_5-2.jpg?w=210&#038;h=118&#038;ssl=1\" srcset=\"https:\/\/i0.wp.com\/staging.asufin.com\/staging\/wp-content\/uploads\/2017\/05\/170518_ASUFIN_BARCELONA_PILAR_5-2.jpg?w=1024&amp;ssl=1 1024w, https:\/\/i0.wp.com\/staging.asufin.com\/staging\/wp-content\/uploads\/2017\/05\/170518_ASUFIN_BARCELONA_PILAR_5-2.jpg?resize=300%2C169&amp;ssl=1 300w, https:\/\/i0.wp.com\/staging.asufin.com\/staging\/wp-content\/uploads\/2017\/05\/170518_ASUFIN_BARCELONA_PILAR_5-2.jpg?resize=768%2C432&amp;ssl=1 768w, https:\/\/i0.wp.com\/staging.asufin.com\/staging\/wp-content\/uploads\/2017\/05\/170518_ASUFIN_BARCELONA_PILAR_5-2.jpg?resize=600%2C338&amp;ssl=1 600w\" width=\"210\" height=\"118\" loading=\"lazy\" data-original-width=\"210\" data-original-height=\"118\" itemprop=\"http:\/\/schema.org\/image\" title=\"170518_ASUFIN_BARCELONA_PILAR_5\" alt=\"Patricia Su\u00e1rez atiende a los ponentes en el almuerzo ofrecido en el hotel antes de la conferencia\" style=\"width: 210px; height: 118px;\" \/> <\/a> <div class=\"tiled-gallery-caption\" itemprop=\"caption description\"> Patricia Su\u00e1rez atiende a los ponentes en el almuerzo ofrecido en el hotel antes de la conferencia <\/div> <\/div> <div class=\"tiled-gallery-item tiled-gallery-item-small\" itemprop=\"associatedMedia\" itemscope itemtype=\"http:\/\/schema.org\/ImageObject\"> <a href=\"https:\/\/staging.asufin.com\/staging\/170518_asufin_barcelona_pilar_6\/\" border=\"0\" itemprop=\"url\"> <meta itemprop=\"width\" content=\"210\"> <meta itemprop=\"height\" content=\"158\"> <img loading=\"lazy\" decoding=\"async\" class=\"\" data-attachment-id=\"29350\" data-orig-file=\"https:\/\/staging.asufin.com\/staging\/wp-content\/uploads\/2017\/05\/170518_ASUFIN_BARCELONA_PILAR_6-2.jpg\" data-orig-size=\"1008,756\" data-comments-opened=\"1\" data-image-meta=\"{&quot;aperture&quot;:&quot;0&quot;,&quot;credit&quot;:&quot;&quot;,&quot;camera&quot;:&quot;&quot;,&quot;caption&quot;:&quot;&quot;,&quot;created_timestamp&quot;:&quot;0&quot;,&quot;copyright&quot;:&quot;&quot;,&quot;focal_length&quot;:&quot;0&quot;,&quot;iso&quot;:&quot;0&quot;,&quot;shutter_speed&quot;:&quot;0&quot;,&quot;title&quot;:&quot;&quot;,&quot;orientation&quot;:&quot;0&quot;}\" data-image-title=\"170518_ASUFIN_BARCELONA_PILAR_6\" data-image-description=\"\" data-medium-file=\"https:\/\/i0.wp.com\/staging.asufin.com\/staging\/wp-content\/uploads\/2017\/05\/170518_ASUFIN_BARCELONA_PILAR_6-2.jpg?fit=300%2C225&#038;ssl=1\" data-large-file=\"https:\/\/i0.wp.com\/staging.asufin.com\/staging\/wp-content\/uploads\/2017\/05\/170518_ASUFIN_BARCELONA_PILAR_6-2.jpg?fit=800%2C600&#038;ssl=1\" src=\"https:\/\/i0.wp.com\/staging.asufin.com\/staging\/wp-content\/uploads\/2017\/05\/170518_ASUFIN_BARCELONA_PILAR_6-2.jpg?w=210&#038;h=158&#038;ssl=1\" srcset=\"https:\/\/i0.wp.com\/staging.asufin.com\/staging\/wp-content\/uploads\/2017\/05\/170518_ASUFIN_BARCELONA_PILAR_6-2.jpg?w=1008&amp;ssl=1 1008w, https:\/\/i0.wp.com\/staging.asufin.com\/staging\/wp-content\/uploads\/2017\/05\/170518_ASUFIN_BARCELONA_PILAR_6-2.jpg?resize=300%2C225&amp;ssl=1 300w, https:\/\/i0.wp.com\/staging.asufin.com\/staging\/wp-content\/uploads\/2017\/05\/170518_ASUFIN_BARCELONA_PILAR_6-2.jpg?resize=768%2C576&amp;ssl=1 768w, https:\/\/i0.wp.com\/staging.asufin.com\/staging\/wp-content\/uploads\/2017\/05\/170518_ASUFIN_BARCELONA_PILAR_6-2.jpg?resize=600%2C450&amp;ssl=1 600w\" width=\"210\" height=\"158\" loading=\"lazy\" data-original-width=\"210\" data-original-height=\"158\" itemprop=\"http:\/\/schema.org\/image\" title=\"170518_ASUFIN_BARCELONA_PILAR_6\" alt=\"Patricia Su\u00e1rez atiende a los ponentes en el almuerzo ofrecido en el hotel antes de la conferencia\" style=\"width: 210px; height: 158px;\" \/> <\/a> <div class=\"tiled-gallery-caption\" itemprop=\"caption description\"> Patricia Su\u00e1rez atiende a los ponentes en el almuerzo ofrecido en el hotel antes de la conferencia <\/div> <\/div> <div class=\"tiled-gallery-item tiled-gallery-item-small\" itemprop=\"associatedMedia\" itemscope itemtype=\"http:\/\/schema.org\/ImageObject\"> <a href=\"https:\/\/staging.asufin.com\/staging\/170518_asufin_barcelona_pilar_7\/\" border=\"0\" itemprop=\"url\"> <meta itemprop=\"width\" content=\"210\"> <meta itemprop=\"height\" content=\"158\"> <img loading=\"lazy\" decoding=\"async\" class=\"\" data-attachment-id=\"29351\" data-orig-file=\"https:\/\/staging.asufin.com\/staging\/wp-content\/uploads\/2017\/05\/170518_ASUFIN_BARCELONA_PILAR_7-2.jpg\" data-orig-size=\"1008,756\" data-comments-opened=\"1\" data-image-meta=\"{&quot;aperture&quot;:&quot;0&quot;,&quot;credit&quot;:&quot;&quot;,&quot;camera&quot;:&quot;&quot;,&quot;caption&quot;:&quot;&quot;,&quot;created_timestamp&quot;:&quot;0&quot;,&quot;copyright&quot;:&quot;&quot;,&quot;focal_length&quot;:&quot;0&quot;,&quot;iso&quot;:&quot;0&quot;,&quot;shutter_speed&quot;:&quot;0&quot;,&quot;title&quot;:&quot;&quot;,&quot;orientation&quot;:&quot;0&quot;}\" data-image-title=\"170518_ASUFIN_BARCELONA_PILAR_7\" data-image-description=\"\" data-medium-file=\"https:\/\/i0.wp.com\/staging.asufin.com\/staging\/wp-content\/uploads\/2017\/05\/170518_ASUFIN_BARCELONA_PILAR_7-2.jpg?fit=300%2C225&#038;ssl=1\" data-large-file=\"https:\/\/i0.wp.com\/staging.asufin.com\/staging\/wp-content\/uploads\/2017\/05\/170518_ASUFIN_BARCELONA_PILAR_7-2.jpg?fit=800%2C600&#038;ssl=1\" src=\"https:\/\/i0.wp.com\/staging.asufin.com\/staging\/wp-content\/uploads\/2017\/05\/170518_ASUFIN_BARCELONA_PILAR_7-2.jpg?w=210&#038;h=158&#038;ssl=1\" srcset=\"https:\/\/i0.wp.com\/staging.asufin.com\/staging\/wp-content\/uploads\/2017\/05\/170518_ASUFIN_BARCELONA_PILAR_7-2.jpg?w=1008&amp;ssl=1 1008w, https:\/\/i0.wp.com\/staging.asufin.com\/staging\/wp-content\/uploads\/2017\/05\/170518_ASUFIN_BARCELONA_PILAR_7-2.jpg?resize=300%2C225&amp;ssl=1 300w, https:\/\/i0.wp.com\/staging.asufin.com\/staging\/wp-content\/uploads\/2017\/05\/170518_ASUFIN_BARCELONA_PILAR_7-2.jpg?resize=768%2C576&amp;ssl=1 768w, https:\/\/i0.wp.com\/staging.asufin.com\/staging\/wp-content\/uploads\/2017\/05\/170518_ASUFIN_BARCELONA_PILAR_7-2.jpg?resize=600%2C450&amp;ssl=1 600w\" width=\"210\" height=\"158\" loading=\"lazy\" data-original-width=\"210\" data-original-height=\"158\" itemprop=\"http:\/\/schema.org\/image\" title=\"170518_ASUFIN_BARCELONA_PILAR_7\" alt=\"Patricia Su\u00e1rez atiende a los ponentes en el almuerzo ofrecido en el hotel antes de la conferencia\" style=\"width: 210px; height: 158px;\" \/> <\/a> <div class=\"tiled-gallery-caption\" itemprop=\"caption description\"> Patricia Su\u00e1rez atiende a los ponentes en el almuerzo ofrecido en el hotel antes de la conferencia <\/div> <\/div> <div class=\"tiled-gallery-item tiled-gallery-item-small\" itemprop=\"associatedMedia\" itemscope itemtype=\"http:\/\/schema.org\/ImageObject\"> <a href=\"https:\/\/staging.asufin.com\/staging\/170518_asufin_barcelona_pilar_8\/\" border=\"0\" itemprop=\"url\"> <meta itemprop=\"width\" content=\"210\"> <meta itemprop=\"height\" content=\"158\"> <img loading=\"lazy\" decoding=\"async\" class=\"\" data-attachment-id=\"29352\" data-orig-file=\"https:\/\/staging.asufin.com\/staging\/wp-content\/uploads\/2017\/05\/170518_ASUFIN_BARCELONA_PILAR_8-2.jpg\" data-orig-size=\"1008,756\" data-comments-opened=\"1\" data-image-meta=\"{&quot;aperture&quot;:&quot;0&quot;,&quot;credit&quot;:&quot;&quot;,&quot;camera&quot;:&quot;&quot;,&quot;caption&quot;:&quot;&quot;,&quot;created_timestamp&quot;:&quot;0&quot;,&quot;copyright&quot;:&quot;&quot;,&quot;focal_length&quot;:&quot;0&quot;,&quot;iso&quot;:&quot;0&quot;,&quot;shutter_speed&quot;:&quot;0&quot;,&quot;title&quot;:&quot;&quot;,&quot;orientation&quot;:&quot;0&quot;}\" data-image-title=\"170518_ASUFIN_BARCELONA_PILAR_8\" data-image-description=\"\" data-medium-file=\"https:\/\/i0.wp.com\/staging.asufin.com\/staging\/wp-content\/uploads\/2017\/05\/170518_ASUFIN_BARCELONA_PILAR_8-2.jpg?fit=300%2C225&#038;ssl=1\" data-large-file=\"https:\/\/i0.wp.com\/staging.asufin.com\/staging\/wp-content\/uploads\/2017\/05\/170518_ASUFIN_BARCELONA_PILAR_8-2.jpg?fit=800%2C600&#038;ssl=1\" src=\"https:\/\/i0.wp.com\/staging.asufin.com\/staging\/wp-content\/uploads\/2017\/05\/170518_ASUFIN_BARCELONA_PILAR_8-2.jpg?w=210&#038;h=158&#038;ssl=1\" srcset=\"https:\/\/i0.wp.com\/staging.asufin.com\/staging\/wp-content\/uploads\/2017\/05\/170518_ASUFIN_BARCELONA_PILAR_8-2.jpg?w=1008&amp;ssl=1 1008w, https:\/\/i0.wp.com\/staging.asufin.com\/staging\/wp-content\/uploads\/2017\/05\/170518_ASUFIN_BARCELONA_PILAR_8-2.jpg?resize=300%2C225&amp;ssl=1 300w, https:\/\/i0.wp.com\/staging.asufin.com\/staging\/wp-content\/uploads\/2017\/05\/170518_ASUFIN_BARCELONA_PILAR_8-2.jpg?resize=768%2C576&amp;ssl=1 768w, https:\/\/i0.wp.com\/staging.asufin.com\/staging\/wp-content\/uploads\/2017\/05\/170518_ASUFIN_BARCELONA_PILAR_8-2.jpg?resize=600%2C450&amp;ssl=1 600w\" width=\"210\" height=\"158\" loading=\"lazy\" data-original-width=\"210\" data-original-height=\"158\" itemprop=\"http:\/\/schema.org\/image\" title=\"170518_ASUFIN_BARCELONA_PILAR_8\" alt=\"Patricia Su\u00e1rez atiende a los ponentes en el almuerzo ofrecido en el hotel antes de la conferencia\" style=\"width: 210px; height: 158px;\" \/> <\/a> <div class=\"tiled-gallery-caption\" itemprop=\"caption description\"> Patricia Su\u00e1rez atiende a los ponentes en el almuerzo ofrecido en el hotel antes de la conferencia <\/div> <\/div> <div class=\"tiled-gallery-item tiled-gallery-item-small\" itemprop=\"associatedMedia\" itemscope itemtype=\"http:\/\/schema.org\/ImageObject\"> <a href=\"https:\/\/staging.asufin.com\/staging\/170518_asufin_barcelona_pilar_9\/\" border=\"0\" itemprop=\"url\"> <meta itemprop=\"width\" content=\"210\"> <meta itemprop=\"height\" content=\"158\"> <img loading=\"lazy\" decoding=\"async\" class=\"\" data-attachment-id=\"29353\" data-orig-file=\"https:\/\/staging.asufin.com\/staging\/wp-content\/uploads\/2017\/05\/170518_ASUFIN_BARCELONA_PILAR_9-2.jpg\" data-orig-size=\"1008,756\" data-comments-opened=\"1\" data-image-meta=\"{&quot;aperture&quot;:&quot;0&quot;,&quot;credit&quot;:&quot;&quot;,&quot;camera&quot;:&quot;&quot;,&quot;caption&quot;:&quot;&quot;,&quot;created_timestamp&quot;:&quot;0&quot;,&quot;copyright&quot;:&quot;&quot;,&quot;focal_length&quot;:&quot;0&quot;,&quot;iso&quot;:&quot;0&quot;,&quot;shutter_speed&quot;:&quot;0&quot;,&quot;title&quot;:&quot;&quot;,&quot;orientation&quot;:&quot;0&quot;}\" data-image-title=\"170518_ASUFIN_BARCELONA_PILAR_9\" data-image-description=\"\" data-medium-file=\"https:\/\/i0.wp.com\/staging.asufin.com\/staging\/wp-content\/uploads\/2017\/05\/170518_ASUFIN_BARCELONA_PILAR_9-2.jpg?fit=300%2C225&#038;ssl=1\" data-large-file=\"https:\/\/i0.wp.com\/staging.asufin.com\/staging\/wp-content\/uploads\/2017\/05\/170518_ASUFIN_BARCELONA_PILAR_9-2.jpg?fit=800%2C600&#038;ssl=1\" src=\"https:\/\/i0.wp.com\/staging.asufin.com\/staging\/wp-content\/uploads\/2017\/05\/170518_ASUFIN_BARCELONA_PILAR_9-2.jpg?w=210&#038;h=158&#038;ssl=1\" srcset=\"https:\/\/i0.wp.com\/staging.asufin.com\/staging\/wp-content\/uploads\/2017\/05\/170518_ASUFIN_BARCELONA_PILAR_9-2.jpg?w=1008&amp;ssl=1 1008w, https:\/\/i0.wp.com\/staging.asufin.com\/staging\/wp-content\/uploads\/2017\/05\/170518_ASUFIN_BARCELONA_PILAR_9-2.jpg?resize=300%2C225&amp;ssl=1 300w, https:\/\/i0.wp.com\/staging.asufin.com\/staging\/wp-content\/uploads\/2017\/05\/170518_ASUFIN_BARCELONA_PILAR_9-2.jpg?resize=768%2C576&amp;ssl=1 768w, https:\/\/i0.wp.com\/staging.asufin.com\/staging\/wp-content\/uploads\/2017\/05\/170518_ASUFIN_BARCELONA_PILAR_9-2.jpg?resize=600%2C450&amp;ssl=1 600w\" width=\"210\" height=\"158\" loading=\"lazy\" data-original-width=\"210\" data-original-height=\"158\" itemprop=\"http:\/\/schema.org\/image\" title=\"170518_ASUFIN_BARCELONA_PILAR_9\" alt=\"Patricia Su\u00e1rez atiende a los ponentes en el almuerzo ofrecido en el hotel antes de la conferencia\" style=\"width: 210px; height: 158px;\" \/> <\/a> <div class=\"tiled-gallery-caption\" itemprop=\"caption description\"> Patricia Su\u00e1rez atiende a los ponentes en el almuerzo ofrecido en el hotel antes de la conferencia <\/div> <\/div> <div class=\"tiled-gallery-item tiled-gallery-item-small\" itemprop=\"associatedMedia\" itemscope itemtype=\"http:\/\/schema.org\/ImageObject\"> <a href=\"https:\/\/staging.asufin.com\/staging\/170518_asufin_barcelona_pilar_10\/\" border=\"0\" itemprop=\"url\"> <meta itemprop=\"width\" content=\"210\"> <meta itemprop=\"height\" content=\"158\"> <img loading=\"lazy\" decoding=\"async\" class=\"\" data-attachment-id=\"29354\" data-orig-file=\"https:\/\/staging.asufin.com\/staging\/wp-content\/uploads\/2017\/05\/170518_ASUFIN_BARCELONA_PILAR_10-2.jpg\" data-orig-size=\"1008,756\" data-comments-opened=\"1\" data-image-meta=\"{&quot;aperture&quot;:&quot;0&quot;,&quot;credit&quot;:&quot;&quot;,&quot;camera&quot;:&quot;&quot;,&quot;caption&quot;:&quot;&quot;,&quot;created_timestamp&quot;:&quot;0&quot;,&quot;copyright&quot;:&quot;&quot;,&quot;focal_length&quot;:&quot;0&quot;,&quot;iso&quot;:&quot;0&quot;,&quot;shutter_speed&quot;:&quot;0&quot;,&quot;title&quot;:&quot;&quot;,&quot;orientation&quot;:&quot;0&quot;}\" data-image-title=\"170518_ASUFIN_BARCELONA_PILAR_10\" data-image-description=\"\" data-medium-file=\"https:\/\/i0.wp.com\/staging.asufin.com\/staging\/wp-content\/uploads\/2017\/05\/170518_ASUFIN_BARCELONA_PILAR_10-2.jpg?fit=300%2C225&#038;ssl=1\" data-large-file=\"https:\/\/i0.wp.com\/staging.asufin.com\/staging\/wp-content\/uploads\/2017\/05\/170518_ASUFIN_BARCELONA_PILAR_10-2.jpg?fit=800%2C600&#038;ssl=1\" src=\"https:\/\/i0.wp.com\/staging.asufin.com\/staging\/wp-content\/uploads\/2017\/05\/170518_ASUFIN_BARCELONA_PILAR_10-2.jpg?w=210&#038;h=158&#038;ssl=1\" srcset=\"https:\/\/i0.wp.com\/staging.asufin.com\/staging\/wp-content\/uploads\/2017\/05\/170518_ASUFIN_BARCELONA_PILAR_10-2.jpg?w=1008&amp;ssl=1 1008w, https:\/\/i0.wp.com\/staging.asufin.com\/staging\/wp-content\/uploads\/2017\/05\/170518_ASUFIN_BARCELONA_PILAR_10-2.jpg?resize=300%2C225&amp;ssl=1 300w, https:\/\/i0.wp.com\/staging.asufin.com\/staging\/wp-content\/uploads\/2017\/05\/170518_ASUFIN_BARCELONA_PILAR_10-2.jpg?resize=768%2C576&amp;ssl=1 768w, https:\/\/i0.wp.com\/staging.asufin.com\/staging\/wp-content\/uploads\/2017\/05\/170518_ASUFIN_BARCELONA_PILAR_10-2.jpg?resize=600%2C450&amp;ssl=1 600w\" width=\"210\" height=\"158\" loading=\"lazy\" data-original-width=\"210\" data-original-height=\"158\" itemprop=\"http:\/\/schema.org\/image\" title=\"170518_ASUFIN_BARCELONA_PILAR_10\" alt=\"Patricia Su\u00e1rez atiende a los ponentes en el almuerzo ofrecido en el hotel antes de la conferencia\" style=\"width: 210px; height: 158px;\" \/> <\/a> <div class=\"tiled-gallery-caption\" itemprop=\"caption description\"> Patricia Su\u00e1rez atiende a los ponentes en el almuerzo ofrecido en el hotel antes de la conferencia <\/div> <\/div> <div class=\"tiled-gallery-item tiled-gallery-item-small\" itemprop=\"associatedMedia\" itemscope itemtype=\"http:\/\/schema.org\/ImageObject\"> <a href=\"https:\/\/staging.asufin.com\/staging\/170518_asufin_barcelona_pilar_11\/\" border=\"0\" itemprop=\"url\"> <meta itemprop=\"width\" content=\"210\"> <meta itemprop=\"height\" content=\"158\"> <img loading=\"lazy\" decoding=\"async\" class=\"\" data-attachment-id=\"29355\" data-orig-file=\"https:\/\/staging.asufin.com\/staging\/wp-content\/uploads\/2017\/05\/170518_ASUFIN_BARCELONA_PILAR_11-2.jpg\" data-orig-size=\"1008,756\" data-comments-opened=\"1\" data-image-meta=\"{&quot;aperture&quot;:&quot;0&quot;,&quot;credit&quot;:&quot;&quot;,&quot;camera&quot;:&quot;&quot;,&quot;caption&quot;:&quot;&quot;,&quot;created_timestamp&quot;:&quot;0&quot;,&quot;copyright&quot;:&quot;&quot;,&quot;focal_length&quot;:&quot;0&quot;,&quot;iso&quot;:&quot;0&quot;,&quot;shutter_speed&quot;:&quot;0&quot;,&quot;title&quot;:&quot;&quot;,&quot;orientation&quot;:&quot;0&quot;}\" data-image-title=\"170518_ASUFIN_BARCELONA_PILAR_11\" data-image-description=\"\" data-medium-file=\"https:\/\/i0.wp.com\/staging.asufin.com\/staging\/wp-content\/uploads\/2017\/05\/170518_ASUFIN_BARCELONA_PILAR_11-2.jpg?fit=300%2C225&#038;ssl=1\" data-large-file=\"https:\/\/i0.wp.com\/staging.asufin.com\/staging\/wp-content\/uploads\/2017\/05\/170518_ASUFIN_BARCELONA_PILAR_11-2.jpg?fit=800%2C600&#038;ssl=1\" src=\"https:\/\/i0.wp.com\/staging.asufin.com\/staging\/wp-content\/uploads\/2017\/05\/170518_ASUFIN_BARCELONA_PILAR_11-2.jpg?w=210&#038;h=158&#038;ssl=1\" srcset=\"https:\/\/i0.wp.com\/staging.asufin.com\/staging\/wp-content\/uploads\/2017\/05\/170518_ASUFIN_BARCELONA_PILAR_11-2.jpg?w=1008&amp;ssl=1 1008w, https:\/\/i0.wp.com\/staging.asufin.com\/staging\/wp-content\/uploads\/2017\/05\/170518_ASUFIN_BARCELONA_PILAR_11-2.jpg?resize=300%2C225&amp;ssl=1 300w, https:\/\/i0.wp.com\/staging.asufin.com\/staging\/wp-content\/uploads\/2017\/05\/170518_ASUFIN_BARCELONA_PILAR_11-2.jpg?resize=768%2C576&amp;ssl=1 768w, https:\/\/i0.wp.com\/staging.asufin.com\/staging\/wp-content\/uploads\/2017\/05\/170518_ASUFIN_BARCELONA_PILAR_11-2.jpg?resize=600%2C450&amp;ssl=1 600w\" width=\"210\" height=\"158\" loading=\"lazy\" data-original-width=\"210\" data-original-height=\"158\" itemprop=\"http:\/\/schema.org\/image\" title=\"170518_ASUFIN_BARCELONA_PILAR_11\" alt=\"Patricia Su\u00e1rez atiende a los ponentes en el almuerzo ofrecido en el hotel antes de la conferencia\" style=\"width: 210px; height: 158px;\" \/> <\/a> <div class=\"tiled-gallery-caption\" itemprop=\"caption description\"> Patricia Su\u00e1rez atiende a los ponentes en el almuerzo ofrecido en el hotel antes de la conferencia <\/div> <\/div> <div class=\"tiled-gallery-item tiled-gallery-item-small\" itemprop=\"associatedMedia\" itemscope itemtype=\"http:\/\/schema.org\/ImageObject\"> <a href=\"https:\/\/staging.asufin.com\/staging\/170518_asufin_barcelona_pilar_12\/\" border=\"0\" itemprop=\"url\"> <meta itemprop=\"width\" content=\"210\"> <meta itemprop=\"height\" content=\"158\"> <img loading=\"lazy\" decoding=\"async\" class=\"\" data-attachment-id=\"29356\" data-orig-file=\"https:\/\/staging.asufin.com\/staging\/wp-content\/uploads\/2017\/05\/170518_ASUFIN_BARCELONA_PILAR_12-2.jpg\" data-orig-size=\"1008,756\" data-comments-opened=\"1\" data-image-meta=\"{&quot;aperture&quot;:&quot;0&quot;,&quot;credit&quot;:&quot;&quot;,&quot;camera&quot;:&quot;&quot;,&quot;caption&quot;:&quot;&quot;,&quot;created_timestamp&quot;:&quot;0&quot;,&quot;copyright&quot;:&quot;&quot;,&quot;focal_length&quot;:&quot;0&quot;,&quot;iso&quot;:&quot;0&quot;,&quot;shutter_speed&quot;:&quot;0&quot;,&quot;title&quot;:&quot;&quot;,&quot;orientation&quot;:&quot;0&quot;}\" data-image-title=\"170518_ASUFIN_BARCELONA_PILAR_12\" data-image-description=\"\" data-medium-file=\"https:\/\/i0.wp.com\/staging.asufin.com\/staging\/wp-content\/uploads\/2017\/05\/170518_ASUFIN_BARCELONA_PILAR_12-2.jpg?fit=300%2C225&#038;ssl=1\" data-large-file=\"https:\/\/i0.wp.com\/staging.asufin.com\/staging\/wp-content\/uploads\/2017\/05\/170518_ASUFIN_BARCELONA_PILAR_12-2.jpg?fit=800%2C600&#038;ssl=1\" src=\"https:\/\/i0.wp.com\/staging.asufin.com\/staging\/wp-content\/uploads\/2017\/05\/170518_ASUFIN_BARCELONA_PILAR_12-2.jpg?w=210&#038;h=158&#038;ssl=1\" srcset=\"https:\/\/i0.wp.com\/staging.asufin.com\/staging\/wp-content\/uploads\/2017\/05\/170518_ASUFIN_BARCELONA_PILAR_12-2.jpg?w=1008&amp;ssl=1 1008w, https:\/\/i0.wp.com\/staging.asufin.com\/staging\/wp-content\/uploads\/2017\/05\/170518_ASUFIN_BARCELONA_PILAR_12-2.jpg?resize=300%2C225&amp;ssl=1 300w, https:\/\/i0.wp.com\/staging.asufin.com\/staging\/wp-content\/uploads\/2017\/05\/170518_ASUFIN_BARCELONA_PILAR_12-2.jpg?resize=768%2C576&amp;ssl=1 768w, https:\/\/i0.wp.com\/staging.asufin.com\/staging\/wp-content\/uploads\/2017\/05\/170518_ASUFIN_BARCELONA_PILAR_12-2.jpg?resize=600%2C450&amp;ssl=1 600w\" width=\"210\" height=\"158\" loading=\"lazy\" data-original-width=\"210\" data-original-height=\"158\" itemprop=\"http:\/\/schema.org\/image\" title=\"170518_ASUFIN_BARCELONA_PILAR_12\" alt=\"Patricia Su\u00e1rez atiende a los ponentes en el almuerzo ofrecido en el hotel antes de la conferencia\" style=\"width: 210px; height: 158px;\" \/> <\/a> <div class=\"tiled-gallery-caption\" itemprop=\"caption description\"> Patricia Su\u00e1rez atiende a los ponentes en el almuerzo ofrecido en el hotel antes de la conferencia <\/div> <\/div> <div class=\"tiled-gallery-item tiled-gallery-item-small\" itemprop=\"associatedMedia\" itemscope itemtype=\"http:\/\/schema.org\/ImageObject\"> <a href=\"https:\/\/staging.asufin.com\/staging\/170518_asufin_barcelona_pilar_13\/\" border=\"0\" itemprop=\"url\"> <meta itemprop=\"width\" content=\"210\"> <meta itemprop=\"height\" content=\"158\"> <img loading=\"lazy\" decoding=\"async\" class=\"\" data-attachment-id=\"29357\" data-orig-file=\"https:\/\/staging.asufin.com\/staging\/wp-content\/uploads\/2017\/05\/170518_ASUFIN_BARCELONA_PILAR_13-2.jpg\" data-orig-size=\"1008,756\" data-comments-opened=\"1\" data-image-meta=\"{&quot;aperture&quot;:&quot;0&quot;,&quot;credit&quot;:&quot;&quot;,&quot;camera&quot;:&quot;&quot;,&quot;caption&quot;:&quot;&quot;,&quot;created_timestamp&quot;:&quot;0&quot;,&quot;copyright&quot;:&quot;&quot;,&quot;focal_length&quot;:&quot;0&quot;,&quot;iso&quot;:&quot;0&quot;,&quot;shutter_speed&quot;:&quot;0&quot;,&quot;title&quot;:&quot;&quot;,&quot;orientation&quot;:&quot;0&quot;}\" data-image-title=\"170518_ASUFIN_BARCELONA_PILAR_13\" data-image-description=\"\" data-medium-file=\"https:\/\/i0.wp.com\/staging.asufin.com\/staging\/wp-content\/uploads\/2017\/05\/170518_ASUFIN_BARCELONA_PILAR_13-2.jpg?fit=300%2C225&#038;ssl=1\" data-large-file=\"https:\/\/i0.wp.com\/staging.asufin.com\/staging\/wp-content\/uploads\/2017\/05\/170518_ASUFIN_BARCELONA_PILAR_13-2.jpg?fit=800%2C600&#038;ssl=1\" src=\"https:\/\/i0.wp.com\/staging.asufin.com\/staging\/wp-content\/uploads\/2017\/05\/170518_ASUFIN_BARCELONA_PILAR_13-2.jpg?w=210&#038;h=158&#038;ssl=1\" srcset=\"https:\/\/i0.wp.com\/staging.asufin.com\/staging\/wp-content\/uploads\/2017\/05\/170518_ASUFIN_BARCELONA_PILAR_13-2.jpg?w=1008&amp;ssl=1 1008w, https:\/\/i0.wp.com\/staging.asufin.com\/staging\/wp-content\/uploads\/2017\/05\/170518_ASUFIN_BARCELONA_PILAR_13-2.jpg?resize=300%2C225&amp;ssl=1 300w, https:\/\/i0.wp.com\/staging.asufin.com\/staging\/wp-content\/uploads\/2017\/05\/170518_ASUFIN_BARCELONA_PILAR_13-2.jpg?resize=768%2C576&amp;ssl=1 768w, https:\/\/i0.wp.com\/staging.asufin.com\/staging\/wp-content\/uploads\/2017\/05\/170518_ASUFIN_BARCELONA_PILAR_13-2.jpg?resize=600%2C450&amp;ssl=1 600w\" width=\"210\" height=\"158\" loading=\"lazy\" data-original-width=\"210\" data-original-height=\"158\" itemprop=\"http:\/\/schema.org\/image\" title=\"170518_ASUFIN_BARCELONA_PILAR_13\" alt=\"Patricia Su\u00e1rez atiende a los ponentes en el almuerzo ofrecido en el hotel antes de la conferencia\" style=\"width: 210px; height: 158px;\" \/> <\/a> <div class=\"tiled-gallery-caption\" itemprop=\"caption description\"> Patricia Su\u00e1rez atiende a los ponentes en el almuerzo ofrecido en el hotel antes de la conferencia <\/div> <\/div> <div class=\"tiled-gallery-item tiled-gallery-item-small\" itemprop=\"associatedMedia\" itemscope itemtype=\"http:\/\/schema.org\/ImageObject\"> <a href=\"https:\/\/staging.asufin.com\/staging\/170518_asufin_barcelona_pilar_14\/\" border=\"0\" itemprop=\"url\"> <meta itemprop=\"width\" content=\"210\"> <meta itemprop=\"height\" content=\"157\"> <img loading=\"lazy\" decoding=\"async\" class=\"\" data-attachment-id=\"29358\" data-orig-file=\"https:\/\/staging.asufin.com\/staging\/wp-content\/uploads\/2017\/05\/170518_ASUFIN_BARCELONA_PILAR_14-2.jpg\" data-orig-size=\"1008,756\" data-comments-opened=\"1\" data-image-meta=\"{&quot;aperture&quot;:&quot;0&quot;,&quot;credit&quot;:&quot;&quot;,&quot;camera&quot;:&quot;&quot;,&quot;caption&quot;:&quot;&quot;,&quot;created_timestamp&quot;:&quot;0&quot;,&quot;copyright&quot;:&quot;&quot;,&quot;focal_length&quot;:&quot;0&quot;,&quot;iso&quot;:&quot;0&quot;,&quot;shutter_speed&quot;:&quot;0&quot;,&quot;title&quot;:&quot;&quot;,&quot;orientation&quot;:&quot;0&quot;}\" data-image-title=\"170518_ASUFIN_BARCELONA_PILAR_14\" data-image-description=\"\" data-medium-file=\"https:\/\/i0.wp.com\/staging.asufin.com\/staging\/wp-content\/uploads\/2017\/05\/170518_ASUFIN_BARCELONA_PILAR_14-2.jpg?fit=300%2C225&#038;ssl=1\" data-large-file=\"https:\/\/i0.wp.com\/staging.asufin.com\/staging\/wp-content\/uploads\/2017\/05\/170518_ASUFIN_BARCELONA_PILAR_14-2.jpg?fit=800%2C600&#038;ssl=1\" src=\"https:\/\/i0.wp.com\/staging.asufin.com\/staging\/wp-content\/uploads\/2017\/05\/170518_ASUFIN_BARCELONA_PILAR_14-2.jpg?w=210&#038;h=157&#038;ssl=1\" srcset=\"https:\/\/i0.wp.com\/staging.asufin.com\/staging\/wp-content\/uploads\/2017\/05\/170518_ASUFIN_BARCELONA_PILAR_14-2.jpg?w=1008&amp;ssl=1 1008w, https:\/\/i0.wp.com\/staging.asufin.com\/staging\/wp-content\/uploads\/2017\/05\/170518_ASUFIN_BARCELONA_PILAR_14-2.jpg?resize=300%2C225&amp;ssl=1 300w, https:\/\/i0.wp.com\/staging.asufin.com\/staging\/wp-content\/uploads\/2017\/05\/170518_ASUFIN_BARCELONA_PILAR_14-2.jpg?resize=768%2C576&amp;ssl=1 768w, https:\/\/i0.wp.com\/staging.asufin.com\/staging\/wp-content\/uploads\/2017\/05\/170518_ASUFIN_BARCELONA_PILAR_14-2.jpg?resize=600%2C450&amp;ssl=1 600w\" width=\"210\" height=\"157\" loading=\"lazy\" data-original-width=\"210\" data-original-height=\"157\" itemprop=\"http:\/\/schema.org\/image\" title=\"170518_ASUFIN_BARCELONA_PILAR_14\" alt=\"Patricia Su\u00e1rez atiende a los ponentes en el almuerzo ofrecido en el hotel antes de la conferencia\" style=\"width: 210px; height: 157px;\" \/> <\/a> <div class=\"tiled-gallery-caption\" itemprop=\"caption description\"> Patricia Su\u00e1rez atiende a los ponentes en el almuerzo ofrecido en el hotel antes de la conferencia <\/div> <\/div> <div class=\"tiled-gallery-item tiled-gallery-item-small\" itemprop=\"associatedMedia\" itemscope itemtype=\"http:\/\/schema.org\/ImageObject\"> <a href=\"https:\/\/staging.asufin.com\/staging\/170518_asufin_barcelona_pilar_15\/\" border=\"0\" itemprop=\"url\"> <meta itemprop=\"width\" content=\"210\"> <meta itemprop=\"height\" content=\"157\"> <img loading=\"lazy\" decoding=\"async\" class=\"\" data-attachment-id=\"29359\" data-orig-file=\"https:\/\/staging.asufin.com\/staging\/wp-content\/uploads\/2017\/05\/170518_ASUFIN_BARCELONA_PILAR_15-2.jpg\" data-orig-size=\"1008,756\" data-comments-opened=\"1\" data-image-meta=\"{&quot;aperture&quot;:&quot;0&quot;,&quot;credit&quot;:&quot;&quot;,&quot;camera&quot;:&quot;&quot;,&quot;caption&quot;:&quot;&quot;,&quot;created_timestamp&quot;:&quot;0&quot;,&quot;copyright&quot;:&quot;&quot;,&quot;focal_length&quot;:&quot;0&quot;,&quot;iso&quot;:&quot;0&quot;,&quot;shutter_speed&quot;:&quot;0&quot;,&quot;title&quot;:&quot;&quot;,&quot;orientation&quot;:&quot;0&quot;}\" data-image-title=\"170518_ASUFIN_BARCELONA_PILAR_15\" data-image-description=\"\" data-medium-file=\"https:\/\/i0.wp.com\/staging.asufin.com\/staging\/wp-content\/uploads\/2017\/05\/170518_ASUFIN_BARCELONA_PILAR_15-2.jpg?fit=300%2C225&#038;ssl=1\" data-large-file=\"https:\/\/i0.wp.com\/staging.asufin.com\/staging\/wp-content\/uploads\/2017\/05\/170518_ASUFIN_BARCELONA_PILAR_15-2.jpg?fit=800%2C600&#038;ssl=1\" src=\"https:\/\/i0.wp.com\/staging.asufin.com\/staging\/wp-content\/uploads\/2017\/05\/170518_ASUFIN_BARCELONA_PILAR_15-2.jpg?w=210&#038;h=157&#038;ssl=1\" srcset=\"https:\/\/i0.wp.com\/staging.asufin.com\/staging\/wp-content\/uploads\/2017\/05\/170518_ASUFIN_BARCELONA_PILAR_15-2.jpg?w=1008&amp;ssl=1 1008w, https:\/\/i0.wp.com\/staging.asufin.com\/staging\/wp-content\/uploads\/2017\/05\/170518_ASUFIN_BARCELONA_PILAR_15-2.jpg?resize=300%2C225&amp;ssl=1 300w, https:\/\/i0.wp.com\/staging.asufin.com\/staging\/wp-content\/uploads\/2017\/05\/170518_ASUFIN_BARCELONA_PILAR_15-2.jpg?resize=768%2C576&amp;ssl=1 768w, https:\/\/i0.wp.com\/staging.asufin.com\/staging\/wp-content\/uploads\/2017\/05\/170518_ASUFIN_BARCELONA_PILAR_15-2.jpg?resize=600%2C450&amp;ssl=1 600w\" width=\"210\" height=\"157\" loading=\"lazy\" data-original-width=\"210\" data-original-height=\"157\" itemprop=\"http:\/\/schema.org\/image\" title=\"170518_ASUFIN_BARCELONA_PILAR_15\" alt=\"Patricia Su\u00e1rez atiende a los ponentes en el almuerzo ofrecido en el hotel antes de la conferencia\" style=\"width: 210px; height: 157px;\" \/> <\/a> <div class=\"tiled-gallery-caption\" itemprop=\"caption description\"> Patricia Su\u00e1rez atiende a los ponentes en el almuerzo ofrecido en el hotel antes de la conferencia <\/div> <\/div> <div class=\"tiled-gallery-item tiled-gallery-item-small\" itemprop=\"associatedMedia\" itemscope itemtype=\"http:\/\/schema.org\/ImageObject\"> <a href=\"https:\/\/staging.asufin.com\/staging\/170518_asufin_barcelona_pilar_16\/\" border=\"0\" itemprop=\"url\"> <meta itemprop=\"width\" content=\"210\"> <meta itemprop=\"height\" content=\"157\"> <img loading=\"lazy\" decoding=\"async\" class=\"\" data-attachment-id=\"29360\" data-orig-file=\"https:\/\/staging.asufin.com\/staging\/wp-content\/uploads\/2017\/05\/170518_ASUFIN_BARCELONA_PILAR_16-2.jpg\" data-orig-size=\"1008,756\" data-comments-opened=\"1\" data-image-meta=\"{&quot;aperture&quot;:&quot;0&quot;,&quot;credit&quot;:&quot;&quot;,&quot;camera&quot;:&quot;&quot;,&quot;caption&quot;:&quot;&quot;,&quot;created_timestamp&quot;:&quot;0&quot;,&quot;copyright&quot;:&quot;&quot;,&quot;focal_length&quot;:&quot;0&quot;,&quot;iso&quot;:&quot;0&quot;,&quot;shutter_speed&quot;:&quot;0&quot;,&quot;title&quot;:&quot;&quot;,&quot;orientation&quot;:&quot;0&quot;}\" data-image-title=\"170518_ASUFIN_BARCELONA_PILAR_16\" data-image-description=\"\" data-medium-file=\"https:\/\/i0.wp.com\/staging.asufin.com\/staging\/wp-content\/uploads\/2017\/05\/170518_ASUFIN_BARCELONA_PILAR_16-2.jpg?fit=300%2C225&#038;ssl=1\" data-large-file=\"https:\/\/i0.wp.com\/staging.asufin.com\/staging\/wp-content\/uploads\/2017\/05\/170518_ASUFIN_BARCELONA_PILAR_16-2.jpg?fit=800%2C600&#038;ssl=1\" src=\"https:\/\/i0.wp.com\/staging.asufin.com\/staging\/wp-content\/uploads\/2017\/05\/170518_ASUFIN_BARCELONA_PILAR_16-2.jpg?w=210&#038;h=157&#038;ssl=1\" srcset=\"https:\/\/i0.wp.com\/staging.asufin.com\/staging\/wp-content\/uploads\/2017\/05\/170518_ASUFIN_BARCELONA_PILAR_16-2.jpg?w=1008&amp;ssl=1 1008w, https:\/\/i0.wp.com\/staging.asufin.com\/staging\/wp-content\/uploads\/2017\/05\/170518_ASUFIN_BARCELONA_PILAR_16-2.jpg?resize=300%2C225&amp;ssl=1 300w, https:\/\/i0.wp.com\/staging.asufin.com\/staging\/wp-content\/uploads\/2017\/05\/170518_ASUFIN_BARCELONA_PILAR_16-2.jpg?resize=768%2C576&amp;ssl=1 768w, https:\/\/i0.wp.com\/staging.asufin.com\/staging\/wp-content\/uploads\/2017\/05\/170518_ASUFIN_BARCELONA_PILAR_16-2.jpg?resize=600%2C450&amp;ssl=1 600w\" width=\"210\" height=\"157\" loading=\"lazy\" data-original-width=\"210\" data-original-height=\"157\" itemprop=\"http:\/\/schema.org\/image\" title=\"170518_ASUFIN_BARCELONA_PILAR_16\" alt=\"Patricia Su\u00e1rez atiende a los ponentes en el almuerzo ofrecido en el hotel antes de la conferencia\" style=\"width: 210px; height: 157px;\" \/> <\/a> <div class=\"tiled-gallery-caption\" itemprop=\"caption description\"> Patricia Su\u00e1rez atiende a los ponentes en el almuerzo ofrecido en el hotel antes de la conferencia <\/div> <\/div> <\/div> <!-- close group --> <div class=\"gallery-group images-23\" style=\"width: 211px; height: 4262px;\" data-original-width=\"211\" data-original-height=\"4262\" > <div class=\"tiled-gallery-item tiled-gallery-item-small\" itemprop=\"associatedMedia\" itemscope itemtype=\"http:\/\/schema.org\/ImageObject\"> <a href=\"https:\/\/staging.asufin.com\/staging\/170518_asufin_barcelona_pilar_17\/\" border=\"0\" itemprop=\"url\"> <meta itemprop=\"width\" content=\"207\"> <meta itemprop=\"height\" content=\"155\"> <img loading=\"lazy\" decoding=\"async\" class=\"\" data-attachment-id=\"29361\" data-orig-file=\"https:\/\/staging.asufin.com\/staging\/wp-content\/uploads\/2017\/05\/170518_ASUFIN_BARCELONA_PILAR_17-2.jpg\" data-orig-size=\"1008,756\" data-comments-opened=\"1\" data-image-meta=\"{&quot;aperture&quot;:&quot;0&quot;,&quot;credit&quot;:&quot;&quot;,&quot;camera&quot;:&quot;&quot;,&quot;caption&quot;:&quot;&quot;,&quot;created_timestamp&quot;:&quot;0&quot;,&quot;copyright&quot;:&quot;&quot;,&quot;focal_length&quot;:&quot;0&quot;,&quot;iso&quot;:&quot;0&quot;,&quot;shutter_speed&quot;:&quot;0&quot;,&quot;title&quot;:&quot;&quot;,&quot;orientation&quot;:&quot;0&quot;}\" data-image-title=\"170518_ASUFIN_BARCELONA_PILAR_17\" data-image-description=\"\" data-medium-file=\"https:\/\/i0.wp.com\/staging.asufin.com\/staging\/wp-content\/uploads\/2017\/05\/170518_ASUFIN_BARCELONA_PILAR_17-2.jpg?fit=300%2C225&#038;ssl=1\" data-large-file=\"https:\/\/i0.wp.com\/staging.asufin.com\/staging\/wp-content\/uploads\/2017\/05\/170518_ASUFIN_BARCELONA_PILAR_17-2.jpg?fit=800%2C600&#038;ssl=1\" src=\"https:\/\/i0.wp.com\/staging.asufin.com\/staging\/wp-content\/uploads\/2017\/05\/170518_ASUFIN_BARCELONA_PILAR_17-2.jpg?w=207&#038;h=155&#038;ssl=1\" srcset=\"https:\/\/i0.wp.com\/staging.asufin.com\/staging\/wp-content\/uploads\/2017\/05\/170518_ASUFIN_BARCELONA_PILAR_17-2.jpg?w=1008&amp;ssl=1 1008w, https:\/\/i0.wp.com\/staging.asufin.com\/staging\/wp-content\/uploads\/2017\/05\/170518_ASUFIN_BARCELONA_PILAR_17-2.jpg?resize=300%2C225&amp;ssl=1 300w, https:\/\/i0.wp.com\/staging.asufin.com\/staging\/wp-content\/uploads\/2017\/05\/170518_ASUFIN_BARCELONA_PILAR_17-2.jpg?resize=768%2C576&amp;ssl=1 768w, https:\/\/i0.wp.com\/staging.asufin.com\/staging\/wp-content\/uploads\/2017\/05\/170518_ASUFIN_BARCELONA_PILAR_17-2.jpg?resize=600%2C450&amp;ssl=1 600w\" width=\"207\" height=\"155\" loading=\"lazy\" data-original-width=\"207\" data-original-height=\"155\" itemprop=\"http:\/\/schema.org\/image\" title=\"170518_ASUFIN_BARCELONA_PILAR_17\" alt=\"Patricia Su\u00e1rez atiende a los ponentes en el almuerzo ofrecido en el hotel antes de la conferencia. Taza ASUFIN\" style=\"width: 207px; height: 155px;\" \/> <\/a> <div class=\"tiled-gallery-caption\" itemprop=\"caption description\"> Patricia Su\u00e1rez atiende a los ponentes en el almuerzo ofrecido en el hotel antes de la conferencia. Taza ASUFIN <\/div> <\/div> <div class=\"tiled-gallery-item tiled-gallery-item-small\" itemprop=\"associatedMedia\" itemscope itemtype=\"http:\/\/schema.org\/ImageObject\"> <a href=\"https:\/\/staging.asufin.com\/staging\/170518_asufin_barcelona_pilar_18\/\" border=\"0\" itemprop=\"url\"> <meta itemprop=\"width\" content=\"207\"> <meta itemprop=\"height\" content=\"155\"> <img loading=\"lazy\" decoding=\"async\" class=\"\" data-attachment-id=\"29362\" data-orig-file=\"https:\/\/staging.asufin.com\/staging\/wp-content\/uploads\/2017\/05\/170518_ASUFIN_BARCELONA_PILAR_18-2.jpg\" data-orig-size=\"1008,756\" data-comments-opened=\"1\" data-image-meta=\"{&quot;aperture&quot;:&quot;0&quot;,&quot;credit&quot;:&quot;&quot;,&quot;camera&quot;:&quot;&quot;,&quot;caption&quot;:&quot;&quot;,&quot;created_timestamp&quot;:&quot;0&quot;,&quot;copyright&quot;:&quot;&quot;,&quot;focal_length&quot;:&quot;0&quot;,&quot;iso&quot;:&quot;0&quot;,&quot;shutter_speed&quot;:&quot;0&quot;,&quot;title&quot;:&quot;&quot;,&quot;orientation&quot;:&quot;0&quot;}\" data-image-title=\"170518_ASUFIN_BARCELONA_PILAR_18\" data-image-description=\"\" data-medium-file=\"https:\/\/i0.wp.com\/staging.asufin.com\/staging\/wp-content\/uploads\/2017\/05\/170518_ASUFIN_BARCELONA_PILAR_18-2.jpg?fit=300%2C225&#038;ssl=1\" data-large-file=\"https:\/\/i0.wp.com\/staging.asufin.com\/staging\/wp-content\/uploads\/2017\/05\/170518_ASUFIN_BARCELONA_PILAR_18-2.jpg?fit=800%2C600&#038;ssl=1\" src=\"https:\/\/i0.wp.com\/staging.asufin.com\/staging\/wp-content\/uploads\/2017\/05\/170518_ASUFIN_BARCELONA_PILAR_18-2.jpg?w=207&#038;h=155&#038;ssl=1\" srcset=\"https:\/\/i0.wp.com\/staging.asufin.com\/staging\/wp-content\/uploads\/2017\/05\/170518_ASUFIN_BARCELONA_PILAR_18-2.jpg?w=1008&amp;ssl=1 1008w, https:\/\/i0.wp.com\/staging.asufin.com\/staging\/wp-content\/uploads\/2017\/05\/170518_ASUFIN_BARCELONA_PILAR_18-2.jpg?resize=300%2C225&amp;ssl=1 300w, https:\/\/i0.wp.com\/staging.asufin.com\/staging\/wp-content\/uploads\/2017\/05\/170518_ASUFIN_BARCELONA_PILAR_18-2.jpg?resize=768%2C576&amp;ssl=1 768w, https:\/\/i0.wp.com\/staging.asufin.com\/staging\/wp-content\/uploads\/2017\/05\/170518_ASUFIN_BARCELONA_PILAR_18-2.jpg?resize=600%2C450&amp;ssl=1 600w\" width=\"207\" height=\"155\" loading=\"lazy\" data-original-width=\"207\" data-original-height=\"155\" itemprop=\"http:\/\/schema.org\/image\" title=\"170518_ASUFIN_BARCELONA_PILAR_18\" alt=\"Patricia Su\u00e1rez atiende a los ponentes en el almuerzo ofrecido en el hotel antes de la conferencia\" style=\"width: 207px; height: 155px;\" \/> <\/a> <div class=\"tiled-gallery-caption\" itemprop=\"caption description\"> Patricia Su\u00e1rez atiende a los ponentes en el almuerzo ofrecido en el hotel antes de la conferencia <\/div> <\/div> <div class=\"tiled-gallery-item tiled-gallery-item-small\" itemprop=\"associatedMedia\" itemscope itemtype=\"http:\/\/schema.org\/ImageObject\"> <a href=\"https:\/\/staging.asufin.com\/staging\/170518_asufin_barcelona_pilar_19\/\" border=\"0\" itemprop=\"url\"> <meta itemprop=\"width\" content=\"207\"> <meta itemprop=\"height\" content=\"155\"> <img loading=\"lazy\" decoding=\"async\" class=\"\" data-attachment-id=\"29363\" data-orig-file=\"https:\/\/staging.asufin.com\/staging\/wp-content\/uploads\/2017\/05\/170518_ASUFIN_BARCELONA_PILAR_19-2.jpg\" data-orig-size=\"1008,756\" data-comments-opened=\"1\" data-image-meta=\"{&quot;aperture&quot;:&quot;0&quot;,&quot;credit&quot;:&quot;&quot;,&quot;camera&quot;:&quot;&quot;,&quot;caption&quot;:&quot;&quot;,&quot;created_timestamp&quot;:&quot;0&quot;,&quot;copyright&quot;:&quot;&quot;,&quot;focal_length&quot;:&quot;0&quot;,&quot;iso&quot;:&quot;0&quot;,&quot;shutter_speed&quot;:&quot;0&quot;,&quot;title&quot;:&quot;&quot;,&quot;orientation&quot;:&quot;0&quot;}\" data-image-title=\"170518_ASUFIN_BARCELONA_PILAR_19\" data-image-description=\"\" data-medium-file=\"https:\/\/i0.wp.com\/staging.asufin.com\/staging\/wp-content\/uploads\/2017\/05\/170518_ASUFIN_BARCELONA_PILAR_19-2.jpg?fit=300%2C225&#038;ssl=1\" data-large-file=\"https:\/\/i0.wp.com\/staging.asufin.com\/staging\/wp-content\/uploads\/2017\/05\/170518_ASUFIN_BARCELONA_PILAR_19-2.jpg?fit=800%2C600&#038;ssl=1\" src=\"https:\/\/i0.wp.com\/staging.asufin.com\/staging\/wp-content\/uploads\/2017\/05\/170518_ASUFIN_BARCELONA_PILAR_19-2.jpg?w=207&#038;h=155&#038;ssl=1\" srcset=\"https:\/\/i0.wp.com\/staging.asufin.com\/staging\/wp-content\/uploads\/2017\/05\/170518_ASUFIN_BARCELONA_PILAR_19-2.jpg?w=1008&amp;ssl=1 1008w, https:\/\/i0.wp.com\/staging.asufin.com\/staging\/wp-content\/uploads\/2017\/05\/170518_ASUFIN_BARCELONA_PILAR_19-2.jpg?resize=300%2C225&amp;ssl=1 300w, https:\/\/i0.wp.com\/staging.asufin.com\/staging\/wp-content\/uploads\/2017\/05\/170518_ASUFIN_BARCELONA_PILAR_19-2.jpg?resize=768%2C576&amp;ssl=1 768w, https:\/\/i0.wp.com\/staging.asufin.com\/staging\/wp-content\/uploads\/2017\/05\/170518_ASUFIN_BARCELONA_PILAR_19-2.jpg?resize=600%2C450&amp;ssl=1 600w\" width=\"207\" height=\"155\" loading=\"lazy\" data-original-width=\"207\" data-original-height=\"155\" itemprop=\"http:\/\/schema.org\/image\" title=\"170518_ASUFIN_BARCELONA_PILAR_19\" alt=\"Patricia Su\u00e1rez atiende a los ponentes en el almuerzo ofrecido en el hotel antes de la conferencia\" style=\"width: 207px; height: 155px;\" \/> <\/a> <div class=\"tiled-gallery-caption\" itemprop=\"caption description\"> Patricia Su\u00e1rez atiende a los ponentes en el almuerzo ofrecido en el hotel antes de la conferencia <\/div> <\/div> <div class=\"tiled-gallery-item tiled-gallery-item-small\" itemprop=\"associatedMedia\" itemscope itemtype=\"http:\/\/schema.org\/ImageObject\"> <a href=\"https:\/\/staging.asufin.com\/staging\/170518_asufin_barcelona_pilar_20\/\" border=\"0\" itemprop=\"url\"> <meta itemprop=\"width\" content=\"207\"> <meta itemprop=\"height\" content=\"155\"> <img loading=\"lazy\" decoding=\"async\" class=\"\" data-attachment-id=\"29364\" data-orig-file=\"https:\/\/staging.asufin.com\/staging\/wp-content\/uploads\/2017\/05\/170518_ASUFIN_BARCELONA_PILAR_20-2.jpg\" data-orig-size=\"1008,756\" data-comments-opened=\"1\" data-image-meta=\"{&quot;aperture&quot;:&quot;0&quot;,&quot;credit&quot;:&quot;&quot;,&quot;camera&quot;:&quot;&quot;,&quot;caption&quot;:&quot;&quot;,&quot;created_timestamp&quot;:&quot;0&quot;,&quot;copyright&quot;:&quot;&quot;,&quot;focal_length&quot;:&quot;0&quot;,&quot;iso&quot;:&quot;0&quot;,&quot;shutter_speed&quot;:&quot;0&quot;,&quot;title&quot;:&quot;&quot;,&quot;orientation&quot;:&quot;0&quot;}\" data-image-title=\"170518_ASUFIN_BARCELONA_PILAR_20\" data-image-description=\"\" data-medium-file=\"https:\/\/i0.wp.com\/staging.asufin.com\/staging\/wp-content\/uploads\/2017\/05\/170518_ASUFIN_BARCELONA_PILAR_20-2.jpg?fit=300%2C225&#038;ssl=1\" data-large-file=\"https:\/\/i0.wp.com\/staging.asufin.com\/staging\/wp-content\/uploads\/2017\/05\/170518_ASUFIN_BARCELONA_PILAR_20-2.jpg?fit=800%2C600&#038;ssl=1\" src=\"https:\/\/i0.wp.com\/staging.asufin.com\/staging\/wp-content\/uploads\/2017\/05\/170518_ASUFIN_BARCELONA_PILAR_20-2.jpg?w=207&#038;h=155&#038;ssl=1\" srcset=\"https:\/\/i0.wp.com\/staging.asufin.com\/staging\/wp-content\/uploads\/2017\/05\/170518_ASUFIN_BARCELONA_PILAR_20-2.jpg?w=1008&amp;ssl=1 1008w, https:\/\/i0.wp.com\/staging.asufin.com\/staging\/wp-content\/uploads\/2017\/05\/170518_ASUFIN_BARCELONA_PILAR_20-2.jpg?resize=300%2C225&amp;ssl=1 300w, https:\/\/i0.wp.com\/staging.asufin.com\/staging\/wp-content\/uploads\/2017\/05\/170518_ASUFIN_BARCELONA_PILAR_20-2.jpg?resize=768%2C576&amp;ssl=1 768w, https:\/\/i0.wp.com\/staging.asufin.com\/staging\/wp-content\/uploads\/2017\/05\/170518_ASUFIN_BARCELONA_PILAR_20-2.jpg?resize=600%2C450&amp;ssl=1 600w\" width=\"207\" height=\"155\" loading=\"lazy\" data-original-width=\"207\" data-original-height=\"155\" itemprop=\"http:\/\/schema.org\/image\" title=\"170518_ASUFIN_BARCELONA_PILAR_20\" alt=\"Patricia Su\u00e1rez atiende a los ponentes en el almuerzo ofrecido en el hotel antes de la conferencia\" style=\"width: 207px; height: 155px;\" \/> <\/a> <div class=\"tiled-gallery-caption\" itemprop=\"caption description\"> Patricia Su\u00e1rez atiende a los ponentes en el almuerzo ofrecido en el hotel antes de la conferencia <\/div> <\/div> <div class=\"tiled-gallery-item tiled-gallery-item-small\" itemprop=\"associatedMedia\" itemscope itemtype=\"http:\/\/schema.org\/ImageObject\"> <a href=\"https:\/\/staging.asufin.com\/staging\/170518_asufin_barcelona_pilar_21\/\" border=\"0\" itemprop=\"url\"> <meta itemprop=\"width\" content=\"207\"> <meta itemprop=\"height\" content=\"158\"> <img loading=\"lazy\" decoding=\"async\" class=\"\" data-attachment-id=\"29365\" data-orig-file=\"https:\/\/staging.asufin.com\/staging\/wp-content\/uploads\/2017\/05\/170518_ASUFIN_BARCELONA_PILAR_21-2.jpg\" data-orig-size=\"975,744\" data-comments-opened=\"1\" data-image-meta=\"{&quot;aperture&quot;:&quot;0&quot;,&quot;credit&quot;:&quot;&quot;,&quot;camera&quot;:&quot;&quot;,&quot;caption&quot;:&quot;&quot;,&quot;created_timestamp&quot;:&quot;0&quot;,&quot;copyright&quot;:&quot;&quot;,&quot;focal_length&quot;:&quot;0&quot;,&quot;iso&quot;:&quot;0&quot;,&quot;shutter_speed&quot;:&quot;0&quot;,&quot;title&quot;:&quot;&quot;,&quot;orientation&quot;:&quot;0&quot;}\" data-image-title=\"170518_ASUFIN_BARCELONA_PILAR_21\" data-image-description=\"\" data-medium-file=\"https:\/\/i0.wp.com\/staging.asufin.com\/staging\/wp-content\/uploads\/2017\/05\/170518_ASUFIN_BARCELONA_PILAR_21-2.jpg?fit=300%2C229&#038;ssl=1\" data-large-file=\"https:\/\/i0.wp.com\/staging.asufin.com\/staging\/wp-content\/uploads\/2017\/05\/170518_ASUFIN_BARCELONA_PILAR_21-2.jpg?fit=800%2C610&#038;ssl=1\" src=\"https:\/\/i0.wp.com\/staging.asufin.com\/staging\/wp-content\/uploads\/2017\/05\/170518_ASUFIN_BARCELONA_PILAR_21-2.jpg?w=207&#038;h=158&#038;ssl=1\" srcset=\"https:\/\/i0.wp.com\/staging.asufin.com\/staging\/wp-content\/uploads\/2017\/05\/170518_ASUFIN_BARCELONA_PILAR_21-2.jpg?w=975&amp;ssl=1 975w, https:\/\/i0.wp.com\/staging.asufin.com\/staging\/wp-content\/uploads\/2017\/05\/170518_ASUFIN_BARCELONA_PILAR_21-2.jpg?resize=300%2C229&amp;ssl=1 300w, https:\/\/i0.wp.com\/staging.asufin.com\/staging\/wp-content\/uploads\/2017\/05\/170518_ASUFIN_BARCELONA_PILAR_21-2.jpg?resize=768%2C586&amp;ssl=1 768w, https:\/\/i0.wp.com\/staging.asufin.com\/staging\/wp-content\/uploads\/2017\/05\/170518_ASUFIN_BARCELONA_PILAR_21-2.jpg?resize=600%2C458&amp;ssl=1 600w\" width=\"207\" height=\"158\" loading=\"lazy\" data-original-width=\"207\" data-original-height=\"158\" itemprop=\"http:\/\/schema.org\/image\" title=\"170518_ASUFIN_BARCELONA_PILAR_21\" alt=\"VI Conferencia Europea Sobre Hipotecas en Divisas en Barcelona. Mesa ponencias.\" style=\"width: 207px; height: 158px;\" \/> <\/a> <div class=\"tiled-gallery-caption\" itemprop=\"caption description\"> VI Conferencia Europea Sobre Hipotecas en Divisas en Barcelona. Mesa ponencias. <\/div> <\/div> <div class=\"tiled-gallery-item tiled-gallery-item-small\" itemprop=\"associatedMedia\" itemscope itemtype=\"http:\/\/schema.org\/ImageObject\"> <a href=\"https:\/\/staging.asufin.com\/staging\/170518_asufin_barcelona_pilar_22\/\" border=\"0\" itemprop=\"url\"> <meta itemprop=\"width\" content=\"207\"> <meta itemprop=\"height\" content=\"155\"> <img loading=\"lazy\" decoding=\"async\" class=\"\" data-attachment-id=\"29366\" data-orig-file=\"https:\/\/staging.asufin.com\/staging\/wp-content\/uploads\/2017\/05\/170518_ASUFIN_BARCELONA_PILAR_22-2.jpg\" data-orig-size=\"1008,756\" data-comments-opened=\"1\" data-image-meta=\"{&quot;aperture&quot;:&quot;0&quot;,&quot;credit&quot;:&quot;&quot;,&quot;camera&quot;:&quot;&quot;,&quot;caption&quot;:&quot;&quot;,&quot;created_timestamp&quot;:&quot;0&quot;,&quot;copyright&quot;:&quot;&quot;,&quot;focal_length&quot;:&quot;0&quot;,&quot;iso&quot;:&quot;0&quot;,&quot;shutter_speed&quot;:&quot;0&quot;,&quot;title&quot;:&quot;&quot;,&quot;orientation&quot;:&quot;0&quot;}\" data-image-title=\"170518_ASUFIN_BARCELONA_PILAR_22\" data-image-description=\"\" data-medium-file=\"https:\/\/i0.wp.com\/staging.asufin.com\/staging\/wp-content\/uploads\/2017\/05\/170518_ASUFIN_BARCELONA_PILAR_22-2.jpg?fit=300%2C225&#038;ssl=1\" data-large-file=\"https:\/\/i0.wp.com\/staging.asufin.com\/staging\/wp-content\/uploads\/2017\/05\/170518_ASUFIN_BARCELONA_PILAR_22-2.jpg?fit=800%2C600&#038;ssl=1\" src=\"https:\/\/i0.wp.com\/staging.asufin.com\/staging\/wp-content\/uploads\/2017\/05\/170518_ASUFIN_BARCELONA_PILAR_22-2.jpg?w=207&#038;h=155&#038;ssl=1\" srcset=\"https:\/\/i0.wp.com\/staging.asufin.com\/staging\/wp-content\/uploads\/2017\/05\/170518_ASUFIN_BARCELONA_PILAR_22-2.jpg?w=1008&amp;ssl=1 1008w, https:\/\/i0.wp.com\/staging.asufin.com\/staging\/wp-content\/uploads\/2017\/05\/170518_ASUFIN_BARCELONA_PILAR_22-2.jpg?resize=300%2C225&amp;ssl=1 300w, https:\/\/i0.wp.com\/staging.asufin.com\/staging\/wp-content\/uploads\/2017\/05\/170518_ASUFIN_BARCELONA_PILAR_22-2.jpg?resize=768%2C576&amp;ssl=1 768w, https:\/\/i0.wp.com\/staging.asufin.com\/staging\/wp-content\/uploads\/2017\/05\/170518_ASUFIN_BARCELONA_PILAR_22-2.jpg?resize=600%2C450&amp;ssl=1 600w\" width=\"207\" height=\"155\" loading=\"lazy\" data-original-width=\"207\" data-original-height=\"155\" itemprop=\"http:\/\/schema.org\/image\" title=\"170518_ASUFIN_BARCELONA_PILAR_22\" alt=\"Patricia Su\u00e1rez atiende a los ponentes en el almuerzo ofrecido en el hotel antes de la conferencia\" style=\"width: 207px; height: 155px;\" \/> <\/a> <div class=\"tiled-gallery-caption\" itemprop=\"caption description\"> Patricia Su\u00e1rez atiende a los ponentes en el almuerzo ofrecido en el hotel antes de la conferencia <\/div> <\/div> <div class=\"tiled-gallery-item tiled-gallery-item-small\" itemprop=\"associatedMedia\" itemscope itemtype=\"http:\/\/schema.org\/ImageObject\"> <a href=\"https:\/\/staging.asufin.com\/staging\/170518_asufin_barcelona_pilar_23\/\" border=\"0\" itemprop=\"url\"> <meta itemprop=\"width\" content=\"207\"> <meta itemprop=\"height\" content=\"155\"> <img loading=\"lazy\" decoding=\"async\" class=\"\" data-attachment-id=\"29367\" data-orig-file=\"https:\/\/staging.asufin.com\/staging\/wp-content\/uploads\/2017\/05\/170518_ASUFIN_BARCELONA_PILAR_23-2.jpg\" data-orig-size=\"1008,756\" data-comments-opened=\"1\" data-image-meta=\"{&quot;aperture&quot;:&quot;0&quot;,&quot;credit&quot;:&quot;&quot;,&quot;camera&quot;:&quot;&quot;,&quot;caption&quot;:&quot;&quot;,&quot;created_timestamp&quot;:&quot;0&quot;,&quot;copyright&quot;:&quot;&quot;,&quot;focal_length&quot;:&quot;0&quot;,&quot;iso&quot;:&quot;0&quot;,&quot;shutter_speed&quot;:&quot;0&quot;,&quot;title&quot;:&quot;&quot;,&quot;orientation&quot;:&quot;0&quot;}\" data-image-title=\"170518_ASUFIN_BARCELONA_PILAR_23\" data-image-description=\"\" data-medium-file=\"https:\/\/i0.wp.com\/staging.asufin.com\/staging\/wp-content\/uploads\/2017\/05\/170518_ASUFIN_BARCELONA_PILAR_23-2.jpg?fit=300%2C225&#038;ssl=1\" data-large-file=\"https:\/\/i0.wp.com\/staging.asufin.com\/staging\/wp-content\/uploads\/2017\/05\/170518_ASUFIN_BARCELONA_PILAR_23-2.jpg?fit=800%2C600&#038;ssl=1\" src=\"https:\/\/i0.wp.com\/staging.asufin.com\/staging\/wp-content\/uploads\/2017\/05\/170518_ASUFIN_BARCELONA_PILAR_23-2.jpg?w=207&#038;h=155&#038;ssl=1\" srcset=\"https:\/\/i0.wp.com\/staging.asufin.com\/staging\/wp-content\/uploads\/2017\/05\/170518_ASUFIN_BARCELONA_PILAR_23-2.jpg?w=1008&amp;ssl=1 1008w, https:\/\/i0.wp.com\/staging.asufin.com\/staging\/wp-content\/uploads\/2017\/05\/170518_ASUFIN_BARCELONA_PILAR_23-2.jpg?resize=300%2C225&amp;ssl=1 300w, https:\/\/i0.wp.com\/staging.asufin.com\/staging\/wp-content\/uploads\/2017\/05\/170518_ASUFIN_BARCELONA_PILAR_23-2.jpg?resize=768%2C576&amp;ssl=1 768w, https:\/\/i0.wp.com\/staging.asufin.com\/staging\/wp-content\/uploads\/2017\/05\/170518_ASUFIN_BARCELONA_PILAR_23-2.jpg?resize=600%2C450&amp;ssl=1 600w\" width=\"207\" height=\"155\" loading=\"lazy\" data-original-width=\"207\" data-original-height=\"155\" itemprop=\"http:\/\/schema.org\/image\" title=\"170518_ASUFIN_BARCELONA_PILAR_23\" alt=\"VI Conferencia Europea Sobre Hipotecas en Divisas en Barcelona. Mesa ponencias.\" style=\"width: 207px; height: 155px;\" \/> <\/a> <div class=\"tiled-gallery-caption\" itemprop=\"caption description\"> VI Conferencia Europea Sobre Hipotecas en Divisas en Barcelona. Mesa ponencias. <\/div> <\/div> <div class=\"tiled-gallery-item tiled-gallery-item-small\" itemprop=\"associatedMedia\" itemscope itemtype=\"http:\/\/schema.org\/ImageObject\"> <a href=\"https:\/\/staging.asufin.com\/staging\/170518_asufin_barcelona_pilar_24\/\" border=\"0\" itemprop=\"url\"> <meta itemprop=\"width\" content=\"207\"> <meta itemprop=\"height\" content=\"155\"> <img loading=\"lazy\" decoding=\"async\" class=\"\" data-attachment-id=\"29368\" data-orig-file=\"https:\/\/staging.asufin.com\/staging\/wp-content\/uploads\/2017\/05\/170518_ASUFIN_BARCELONA_PILAR_24-2.jpg\" data-orig-size=\"1008,756\" data-comments-opened=\"1\" data-image-meta=\"{&quot;aperture&quot;:&quot;0&quot;,&quot;credit&quot;:&quot;&quot;,&quot;camera&quot;:&quot;&quot;,&quot;caption&quot;:&quot;&quot;,&quot;created_timestamp&quot;:&quot;0&quot;,&quot;copyright&quot;:&quot;&quot;,&quot;focal_length&quot;:&quot;0&quot;,&quot;iso&quot;:&quot;0&quot;,&quot;shutter_speed&quot;:&quot;0&quot;,&quot;title&quot;:&quot;&quot;,&quot;orientation&quot;:&quot;0&quot;}\" data-image-title=\"170518_ASUFIN_BARCELONA_PILAR_24\" data-image-description=\"\" data-medium-file=\"https:\/\/i0.wp.com\/staging.asufin.com\/staging\/wp-content\/uploads\/2017\/05\/170518_ASUFIN_BARCELONA_PILAR_24-2.jpg?fit=300%2C225&#038;ssl=1\" data-large-file=\"https:\/\/i0.wp.com\/staging.asufin.com\/staging\/wp-content\/uploads\/2017\/05\/170518_ASUFIN_BARCELONA_PILAR_24-2.jpg?fit=800%2C600&#038;ssl=1\" src=\"https:\/\/i0.wp.com\/staging.asufin.com\/staging\/wp-content\/uploads\/2017\/05\/170518_ASUFIN_BARCELONA_PILAR_24-2.jpg?w=207&#038;h=155&#038;ssl=1\" srcset=\"https:\/\/i0.wp.com\/staging.asufin.com\/staging\/wp-content\/uploads\/2017\/05\/170518_ASUFIN_BARCELONA_PILAR_24-2.jpg?w=1008&amp;ssl=1 1008w, https:\/\/i0.wp.com\/staging.asufin.com\/staging\/wp-content\/uploads\/2017\/05\/170518_ASUFIN_BARCELONA_PILAR_24-2.jpg?resize=300%2C225&amp;ssl=1 300w, https:\/\/i0.wp.com\/staging.asufin.com\/staging\/wp-content\/uploads\/2017\/05\/170518_ASUFIN_BARCELONA_PILAR_24-2.jpg?resize=768%2C576&amp;ssl=1 768w, https:\/\/i0.wp.com\/staging.asufin.com\/staging\/wp-content\/uploads\/2017\/05\/170518_ASUFIN_BARCELONA_PILAR_24-2.jpg?resize=600%2C450&amp;ssl=1 600w\" width=\"207\" height=\"155\" loading=\"lazy\" data-original-width=\"207\" data-original-height=\"155\" itemprop=\"http:\/\/schema.org\/image\" title=\"170518_ASUFIN_BARCELONA_PILAR_24\" alt=\"De Izq. a Derecha: Alejandro Villarejo, Rosana Organista y Loleta Linares\" style=\"width: 207px; height: 155px;\" \/> <\/a> <div class=\"tiled-gallery-caption\" itemprop=\"caption description\"> De Izq. a Derecha: Alejandro Villarejo, Rosana Organista y Loleta Linares <\/div> <\/div> <div class=\"tiled-gallery-item tiled-gallery-item-small\" itemprop=\"associatedMedia\" itemscope itemtype=\"http:\/\/schema.org\/ImageObject\"> <a href=\"https:\/\/staging.asufin.com\/staging\/170518_asufin_barcelona_pilar_25\/\" border=\"0\" itemprop=\"url\"> <meta itemprop=\"width\" content=\"207\"> <meta itemprop=\"height\" content=\"276\"> <img loading=\"lazy\" decoding=\"async\" class=\"\" data-attachment-id=\"29369\" data-orig-file=\"https:\/\/staging.asufin.com\/staging\/wp-content\/uploads\/2017\/05\/170518_ASUFIN_BARCELONA_PILAR_25-2.jpg\" data-orig-size=\"907,1209\" data-comments-opened=\"1\" data-image-meta=\"{&quot;aperture&quot;:&quot;0&quot;,&quot;credit&quot;:&quot;&quot;,&quot;camera&quot;:&quot;&quot;,&quot;caption&quot;:&quot;&quot;,&quot;created_timestamp&quot;:&quot;0&quot;,&quot;copyright&quot;:&quot;&quot;,&quot;focal_length&quot;:&quot;0&quot;,&quot;iso&quot;:&quot;0&quot;,&quot;shutter_speed&quot;:&quot;0&quot;,&quot;title&quot;:&quot;&quot;,&quot;orientation&quot;:&quot;0&quot;}\" data-image-title=\"170518_ASUFIN_BARCELONA_PILAR_25\" data-image-description=\"\" data-medium-file=\"https:\/\/i0.wp.com\/staging.asufin.com\/staging\/wp-content\/uploads\/2017\/05\/170518_ASUFIN_BARCELONA_PILAR_25-2.jpg?fit=225%2C300&#038;ssl=1\" data-large-file=\"https:\/\/i0.wp.com\/staging.asufin.com\/staging\/wp-content\/uploads\/2017\/05\/170518_ASUFIN_BARCELONA_PILAR_25-2.jpg?fit=768%2C1024&#038;ssl=1\" src=\"https:\/\/i0.wp.com\/staging.asufin.com\/staging\/wp-content\/uploads\/2017\/05\/170518_ASUFIN_BARCELONA_PILAR_25-2.jpg?w=207&#038;h=276&#038;ssl=1\" srcset=\"https:\/\/i0.wp.com\/staging.asufin.com\/staging\/wp-content\/uploads\/2017\/05\/170518_ASUFIN_BARCELONA_PILAR_25-2.jpg?w=907&amp;ssl=1 907w, https:\/\/i0.wp.com\/staging.asufin.com\/staging\/wp-content\/uploads\/2017\/05\/170518_ASUFIN_BARCELONA_PILAR_25-2.jpg?resize=225%2C300&amp;ssl=1 225w, https:\/\/i0.wp.com\/staging.asufin.com\/staging\/wp-content\/uploads\/2017\/05\/170518_ASUFIN_BARCELONA_PILAR_25-2.jpg?resize=768%2C1024&amp;ssl=1 768w, https:\/\/i0.wp.com\/staging.asufin.com\/staging\/wp-content\/uploads\/2017\/05\/170518_ASUFIN_BARCELONA_PILAR_25-2.jpg?resize=600%2C800&amp;ssl=1 600w\" width=\"207\" height=\"276\" loading=\"lazy\" data-original-width=\"207\" data-original-height=\"276\" itemprop=\"http:\/\/schema.org\/image\" title=\"170518_ASUFIN_BARCELONA_PILAR_25\" alt=\"Alejandro Villarejo y Loleta Linares\" style=\"width: 207px; height: 276px;\" \/> <\/a> <div class=\"tiled-gallery-caption\" itemprop=\"caption description\"> Alejandro Villarejo y Loleta Linares <\/div> <\/div> <div class=\"tiled-gallery-item tiled-gallery-item-small\" itemprop=\"associatedMedia\" itemscope itemtype=\"http:\/\/schema.org\/ImageObject\"> <a href=\"https:\/\/staging.asufin.com\/staging\/170518_asufin_barcelona_pilar_26\/\" border=\"0\" itemprop=\"url\"> <meta itemprop=\"width\" content=\"207\"> <meta itemprop=\"height\" content=\"276\"> <img loading=\"lazy\" decoding=\"async\" class=\"\" data-attachment-id=\"29370\" data-orig-file=\"https:\/\/staging.asufin.com\/staging\/wp-content\/uploads\/2017\/05\/170518_ASUFIN_BARCELONA_PILAR_26-2.jpg\" data-orig-size=\"907,1209\" data-comments-opened=\"1\" data-image-meta=\"{&quot;aperture&quot;:&quot;0&quot;,&quot;credit&quot;:&quot;&quot;,&quot;camera&quot;:&quot;&quot;,&quot;caption&quot;:&quot;&quot;,&quot;created_timestamp&quot;:&quot;0&quot;,&quot;copyright&quot;:&quot;&quot;,&quot;focal_length&quot;:&quot;0&quot;,&quot;iso&quot;:&quot;0&quot;,&quot;shutter_speed&quot;:&quot;0&quot;,&quot;title&quot;:&quot;&quot;,&quot;orientation&quot;:&quot;0&quot;}\" data-image-title=\"170518_ASUFIN_BARCELONA_PILAR_26\" data-image-description=\"\" data-medium-file=\"https:\/\/i0.wp.com\/staging.asufin.com\/staging\/wp-content\/uploads\/2017\/05\/170518_ASUFIN_BARCELONA_PILAR_26-2.jpg?fit=225%2C300&#038;ssl=1\" data-large-file=\"https:\/\/i0.wp.com\/staging.asufin.com\/staging\/wp-content\/uploads\/2017\/05\/170518_ASUFIN_BARCELONA_PILAR_26-2.jpg?fit=768%2C1024&#038;ssl=1\" src=\"https:\/\/i0.wp.com\/staging.asufin.com\/staging\/wp-content\/uploads\/2017\/05\/170518_ASUFIN_BARCELONA_PILAR_26-2.jpg?w=207&#038;h=276&#038;ssl=1\" srcset=\"https:\/\/i0.wp.com\/staging.asufin.com\/staging\/wp-content\/uploads\/2017\/05\/170518_ASUFIN_BARCELONA_PILAR_26-2.jpg?w=907&amp;ssl=1 907w, https:\/\/i0.wp.com\/staging.asufin.com\/staging\/wp-content\/uploads\/2017\/05\/170518_ASUFIN_BARCELONA_PILAR_26-2.jpg?resize=225%2C300&amp;ssl=1 225w, https:\/\/i0.wp.com\/staging.asufin.com\/staging\/wp-content\/uploads\/2017\/05\/170518_ASUFIN_BARCELONA_PILAR_26-2.jpg?resize=768%2C1024&amp;ssl=1 768w, https:\/\/i0.wp.com\/staging.asufin.com\/staging\/wp-content\/uploads\/2017\/05\/170518_ASUFIN_BARCELONA_PILAR_26-2.jpg?resize=600%2C800&amp;ssl=1 600w\" width=\"207\" height=\"276\" loading=\"lazy\" data-original-width=\"207\" data-original-height=\"276\" itemprop=\"http:\/\/schema.org\/image\" title=\"170518_ASUFIN_BARCELONA_PILAR_26\" alt=\"De izq. a derecha: Pau Montserrat, Patricia Su\u00e1rez, Franca Berno y Sheila Meneghetti\" style=\"width: 207px; height: 276px;\" \/> <\/a> <div class=\"tiled-gallery-caption\" itemprop=\"caption description\"> De izq. a derecha: Pau Montserrat, Patricia Su\u00e1rez, Franca Berno y Sheila Meneghetti <\/div> <\/div> <div class=\"tiled-gallery-item tiled-gallery-item-small\" itemprop=\"associatedMedia\" itemscope itemtype=\"http:\/\/schema.org\/ImageObject\"> <a href=\"https:\/\/staging.asufin.com\/staging\/170518_asufin_barcelona_pilar_27\/\" border=\"0\" itemprop=\"url\"> <meta itemprop=\"width\" content=\"207\"> <meta itemprop=\"height\" content=\"275\"> <img loading=\"lazy\" decoding=\"async\" class=\"\" data-attachment-id=\"29371\" data-orig-file=\"https:\/\/staging.asufin.com\/staging\/wp-content\/uploads\/2017\/05\/170518_ASUFIN_BARCELONA_PILAR_27-2.jpg\" data-orig-size=\"907,1209\" data-comments-opened=\"1\" data-image-meta=\"{&quot;aperture&quot;:&quot;0&quot;,&quot;credit&quot;:&quot;&quot;,&quot;camera&quot;:&quot;&quot;,&quot;caption&quot;:&quot;&quot;,&quot;created_timestamp&quot;:&quot;0&quot;,&quot;copyright&quot;:&quot;&quot;,&quot;focal_length&quot;:&quot;0&quot;,&quot;iso&quot;:&quot;0&quot;,&quot;shutter_speed&quot;:&quot;0&quot;,&quot;title&quot;:&quot;&quot;,&quot;orientation&quot;:&quot;0&quot;}\" data-image-title=\"170518_ASUFIN_BARCELONA_PILAR_27\" data-image-description=\"\" data-medium-file=\"https:\/\/i0.wp.com\/staging.asufin.com\/staging\/wp-content\/uploads\/2017\/05\/170518_ASUFIN_BARCELONA_PILAR_27-2.jpg?fit=225%2C300&#038;ssl=1\" data-large-file=\"https:\/\/i0.wp.com\/staging.asufin.com\/staging\/wp-content\/uploads\/2017\/05\/170518_ASUFIN_BARCELONA_PILAR_27-2.jpg?fit=768%2C1024&#038;ssl=1\" src=\"https:\/\/i0.wp.com\/staging.asufin.com\/staging\/wp-content\/uploads\/2017\/05\/170518_ASUFIN_BARCELONA_PILAR_27-2.jpg?w=207&#038;h=275&#038;ssl=1\" srcset=\"https:\/\/i0.wp.com\/staging.asufin.com\/staging\/wp-content\/uploads\/2017\/05\/170518_ASUFIN_BARCELONA_PILAR_27-2.jpg?w=907&amp;ssl=1 907w, https:\/\/i0.wp.com\/staging.asufin.com\/staging\/wp-content\/uploads\/2017\/05\/170518_ASUFIN_BARCELONA_PILAR_27-2.jpg?resize=225%2C300&amp;ssl=1 225w, https:\/\/i0.wp.com\/staging.asufin.com\/staging\/wp-content\/uploads\/2017\/05\/170518_ASUFIN_BARCELONA_PILAR_27-2.jpg?resize=768%2C1024&amp;ssl=1 768w, https:\/\/i0.wp.com\/staging.asufin.com\/staging\/wp-content\/uploads\/2017\/05\/170518_ASUFIN_BARCELONA_PILAR_27-2.jpg?resize=600%2C800&amp;ssl=1 600w\" width=\"207\" height=\"275\" loading=\"lazy\" data-original-width=\"207\" data-original-height=\"275\" itemprop=\"http:\/\/schema.org\/image\" title=\"170518_ASUFIN_BARCELONA_PILAR_27\" alt=\"Covadonga Fern\u00e1ndez Villar junto a dos asistentes a la conferencia\" style=\"width: 207px; height: 275px;\" \/> <\/a> <div class=\"tiled-gallery-caption\" itemprop=\"caption description\"> Covadonga Fern\u00e1ndez Villar junto a dos asistentes a la conferencia <\/div> <\/div> <div class=\"tiled-gallery-item tiled-gallery-item-small\" itemprop=\"associatedMedia\" itemscope itemtype=\"http:\/\/schema.org\/ImageObject\"> <a href=\"https:\/\/staging.asufin.com\/staging\/170518_asufin_barcelona_pilar_28\/\" border=\"0\" itemprop=\"url\"> <meta itemprop=\"width\" content=\"207\"> <meta itemprop=\"height\" content=\"275\"> <img loading=\"lazy\" decoding=\"async\" class=\"\" data-attachment-id=\"29372\" data-orig-file=\"https:\/\/staging.asufin.com\/staging\/wp-content\/uploads\/2017\/05\/170518_ASUFIN_BARCELONA_PILAR_28-2.jpg\" data-orig-size=\"907,1209\" data-comments-opened=\"1\" data-image-meta=\"{&quot;aperture&quot;:&quot;0&quot;,&quot;credit&quot;:&quot;&quot;,&quot;camera&quot;:&quot;&quot;,&quot;caption&quot;:&quot;&quot;,&quot;created_timestamp&quot;:&quot;0&quot;,&quot;copyright&quot;:&quot;&quot;,&quot;focal_length&quot;:&quot;0&quot;,&quot;iso&quot;:&quot;0&quot;,&quot;shutter_speed&quot;:&quot;0&quot;,&quot;title&quot;:&quot;&quot;,&quot;orientation&quot;:&quot;0&quot;}\" data-image-title=\"170518_ASUFIN_BARCELONA_PILAR_28\" data-image-description=\"\" data-medium-file=\"https:\/\/i0.wp.com\/staging.asufin.com\/staging\/wp-content\/uploads\/2017\/05\/170518_ASUFIN_BARCELONA_PILAR_28-2.jpg?fit=225%2C300&#038;ssl=1\" data-large-file=\"https:\/\/i0.wp.com\/staging.asufin.com\/staging\/wp-content\/uploads\/2017\/05\/170518_ASUFIN_BARCELONA_PILAR_28-2.jpg?fit=768%2C1024&#038;ssl=1\" src=\"https:\/\/i0.wp.com\/staging.asufin.com\/staging\/wp-content\/uploads\/2017\/05\/170518_ASUFIN_BARCELONA_PILAR_28-2.jpg?w=207&#038;h=275&#038;ssl=1\" srcset=\"https:\/\/i0.wp.com\/staging.asufin.com\/staging\/wp-content\/uploads\/2017\/05\/170518_ASUFIN_BARCELONA_PILAR_28-2.jpg?w=907&amp;ssl=1 907w, https:\/\/i0.wp.com\/staging.asufin.com\/staging\/wp-content\/uploads\/2017\/05\/170518_ASUFIN_BARCELONA_PILAR_28-2.jpg?resize=225%2C300&amp;ssl=1 225w, https:\/\/i0.wp.com\/staging.asufin.com\/staging\/wp-content\/uploads\/2017\/05\/170518_ASUFIN_BARCELONA_PILAR_28-2.jpg?resize=768%2C1024&amp;ssl=1 768w, https:\/\/i0.wp.com\/staging.asufin.com\/staging\/wp-content\/uploads\/2017\/05\/170518_ASUFIN_BARCELONA_PILAR_28-2.jpg?resize=600%2C800&amp;ssl=1 600w\" width=\"207\" height=\"275\" loading=\"lazy\" data-original-width=\"207\" data-original-height=\"275\" itemprop=\"http:\/\/schema.org\/image\" title=\"170518_ASUFIN_BARCELONA_PILAR_28\" alt=\"Rosana Organista y Covadonga Fern\u00e1ndez Villar\" style=\"width: 207px; height: 275px;\" \/> <\/a> <div class=\"tiled-gallery-caption\" itemprop=\"caption description\"> Rosana Organista y Covadonga Fern\u00e1ndez Villar <\/div> <\/div> <div class=\"tiled-gallery-item tiled-gallery-item-small\" itemprop=\"associatedMedia\" itemscope itemtype=\"http:\/\/schema.org\/ImageObject\"> <a href=\"https:\/\/staging.asufin.com\/staging\/170518_asufin_barcelona_pilar_29\/\" border=\"0\" itemprop=\"url\"> <meta itemprop=\"width\" content=\"207\"> <meta itemprop=\"height\" content=\"275\"> <img loading=\"lazy\" decoding=\"async\" class=\"\" data-attachment-id=\"29373\" data-orig-file=\"https:\/\/staging.asufin.com\/staging\/wp-content\/uploads\/2017\/05\/170518_ASUFIN_BARCELONA_PILAR_29-2.jpg\" data-orig-size=\"907,1209\" data-comments-opened=\"1\" data-image-meta=\"{&quot;aperture&quot;:&quot;0&quot;,&quot;credit&quot;:&quot;&quot;,&quot;camera&quot;:&quot;&quot;,&quot;caption&quot;:&quot;&quot;,&quot;created_timestamp&quot;:&quot;0&quot;,&quot;copyright&quot;:&quot;&quot;,&quot;focal_length&quot;:&quot;0&quot;,&quot;iso&quot;:&quot;0&quot;,&quot;shutter_speed&quot;:&quot;0&quot;,&quot;title&quot;:&quot;&quot;,&quot;orientation&quot;:&quot;0&quot;}\" data-image-title=\"170518_ASUFIN_BARCELONA_PILAR_29\" data-image-description=\"\" data-medium-file=\"https:\/\/i0.wp.com\/staging.asufin.com\/staging\/wp-content\/uploads\/2017\/05\/170518_ASUFIN_BARCELONA_PILAR_29-2.jpg?fit=225%2C300&#038;ssl=1\" data-large-file=\"https:\/\/i0.wp.com\/staging.asufin.com\/staging\/wp-content\/uploads\/2017\/05\/170518_ASUFIN_BARCELONA_PILAR_29-2.jpg?fit=768%2C1024&#038;ssl=1\" src=\"https:\/\/i0.wp.com\/staging.asufin.com\/staging\/wp-content\/uploads\/2017\/05\/170518_ASUFIN_BARCELONA_PILAR_29-2.jpg?w=207&#038;h=275&#038;ssl=1\" srcset=\"https:\/\/i0.wp.com\/staging.asufin.com\/staging\/wp-content\/uploads\/2017\/05\/170518_ASUFIN_BARCELONA_PILAR_29-2.jpg?w=907&amp;ssl=1 907w, https:\/\/i0.wp.com\/staging.asufin.com\/staging\/wp-content\/uploads\/2017\/05\/170518_ASUFIN_BARCELONA_PILAR_29-2.jpg?resize=225%2C300&amp;ssl=1 225w, https:\/\/i0.wp.com\/staging.asufin.com\/staging\/wp-content\/uploads\/2017\/05\/170518_ASUFIN_BARCELONA_PILAR_29-2.jpg?resize=768%2C1024&amp;ssl=1 768w, https:\/\/i0.wp.com\/staging.asufin.com\/staging\/wp-content\/uploads\/2017\/05\/170518_ASUFIN_BARCELONA_PILAR_29-2.jpg?resize=600%2C800&amp;ssl=1 600w\" width=\"207\" height=\"275\" loading=\"lazy\" data-original-width=\"207\" data-original-height=\"275\" itemprop=\"http:\/\/schema.org\/image\" title=\"170518_ASUFIN_BARCELONA_PILAR_29\" alt=\"De izq. a derecha: Dalibor Mr\u009aa, Patricia Su\u00e1rez, Alja Pestar, Denis Smajo y Jelena Pavlovic\" style=\"width: 207px; height: 275px;\" \/> <\/a> <div class=\"tiled-gallery-caption\" itemprop=\"caption description\"> De izq. a derecha: Dalibor Mr\u009aa, Patricia Su\u00e1rez, Alja Pestar, Denis Smajo y Jelena Pavlovic <\/div> <\/div> <div class=\"tiled-gallery-item tiled-gallery-item-small\" itemprop=\"associatedMedia\" itemscope itemtype=\"http:\/\/schema.org\/ImageObject\"> <a href=\"https:\/\/staging.asufin.com\/staging\/170518_asufin_barcelona_pilar_30\/\" border=\"0\" itemprop=\"url\"> <meta itemprop=\"width\" content=\"207\"> <meta itemprop=\"height\" content=\"155\"> <img loading=\"lazy\" decoding=\"async\" class=\"\" data-attachment-id=\"29374\" data-orig-file=\"https:\/\/staging.asufin.com\/staging\/wp-content\/uploads\/2017\/05\/170518_ASUFIN_BARCELONA_PILAR_30-2.jpg\" data-orig-size=\"1008,756\" data-comments-opened=\"1\" data-image-meta=\"{&quot;aperture&quot;:&quot;0&quot;,&quot;credit&quot;:&quot;&quot;,&quot;camera&quot;:&quot;&quot;,&quot;caption&quot;:&quot;&quot;,&quot;created_timestamp&quot;:&quot;0&quot;,&quot;copyright&quot;:&quot;&quot;,&quot;focal_length&quot;:&quot;0&quot;,&quot;iso&quot;:&quot;0&quot;,&quot;shutter_speed&quot;:&quot;0&quot;,&quot;title&quot;:&quot;&quot;,&quot;orientation&quot;:&quot;0&quot;}\" data-image-title=\"170518_ASUFIN_BARCELONA_PILAR_30\" data-image-description=\"\" data-medium-file=\"https:\/\/i0.wp.com\/staging.asufin.com\/staging\/wp-content\/uploads\/2017\/05\/170518_ASUFIN_BARCELONA_PILAR_30-2.jpg?fit=300%2C225&#038;ssl=1\" data-large-file=\"https:\/\/i0.wp.com\/staging.asufin.com\/staging\/wp-content\/uploads\/2017\/05\/170518_ASUFIN_BARCELONA_PILAR_30-2.jpg?fit=800%2C600&#038;ssl=1\" src=\"https:\/\/i0.wp.com\/staging.asufin.com\/staging\/wp-content\/uploads\/2017\/05\/170518_ASUFIN_BARCELONA_PILAR_30-2.jpg?w=207&#038;h=155&#038;ssl=1\" srcset=\"https:\/\/i0.wp.com\/staging.asufin.com\/staging\/wp-content\/uploads\/2017\/05\/170518_ASUFIN_BARCELONA_PILAR_30-2.jpg?w=1008&amp;ssl=1 1008w, https:\/\/i0.wp.com\/staging.asufin.com\/staging\/wp-content\/uploads\/2017\/05\/170518_ASUFIN_BARCELONA_PILAR_30-2.jpg?resize=300%2C225&amp;ssl=1 300w, https:\/\/i0.wp.com\/staging.asufin.com\/staging\/wp-content\/uploads\/2017\/05\/170518_ASUFIN_BARCELONA_PILAR_30-2.jpg?resize=768%2C576&amp;ssl=1 768w, https:\/\/i0.wp.com\/staging.asufin.com\/staging\/wp-content\/uploads\/2017\/05\/170518_ASUFIN_BARCELONA_PILAR_30-2.jpg?resize=600%2C450&amp;ssl=1 600w\" width=\"207\" height=\"155\" loading=\"lazy\" data-original-width=\"207\" data-original-height=\"155\" itemprop=\"http:\/\/schema.org\/image\" title=\"170518_ASUFIN_BARCELONA_PILAR_30\" alt=\"Asistentes a la VI Conferencia Europea Sobre Hipotecas en Divisas en Barcelona\" style=\"width: 207px; height: 155px;\" \/> <\/a> <div class=\"tiled-gallery-caption\" itemprop=\"caption description\"> Asistentes a la VI Conferencia Europea Sobre Hipotecas en Divisas en Barcelona <\/div> <\/div> <div class=\"tiled-gallery-item tiled-gallery-item-small\" itemprop=\"associatedMedia\" itemscope itemtype=\"http:\/\/schema.org\/ImageObject\"> <a href=\"https:\/\/staging.asufin.com\/staging\/170518_asufin_barcelona_pilar_31\/\" border=\"0\" itemprop=\"url\"> <meta itemprop=\"width\" content=\"207\"> <meta itemprop=\"height\" content=\"155\"> <img loading=\"lazy\" decoding=\"async\" class=\"\" data-attachment-id=\"29375\" data-orig-file=\"https:\/\/staging.asufin.com\/staging\/wp-content\/uploads\/2017\/05\/170518_ASUFIN_BARCELONA_PILAR_31-2.jpg\" data-orig-size=\"1008,756\" data-comments-opened=\"1\" data-image-meta=\"{&quot;aperture&quot;:&quot;0&quot;,&quot;credit&quot;:&quot;&quot;,&quot;camera&quot;:&quot;&quot;,&quot;caption&quot;:&quot;&quot;,&quot;created_timestamp&quot;:&quot;0&quot;,&quot;copyright&quot;:&quot;&quot;,&quot;focal_length&quot;:&quot;0&quot;,&quot;iso&quot;:&quot;0&quot;,&quot;shutter_speed&quot;:&quot;0&quot;,&quot;title&quot;:&quot;&quot;,&quot;orientation&quot;:&quot;0&quot;}\" data-image-title=\"170518_ASUFIN_BARCELONA_PILAR_31\" data-image-description=\"\" data-medium-file=\"https:\/\/i0.wp.com\/staging.asufin.com\/staging\/wp-content\/uploads\/2017\/05\/170518_ASUFIN_BARCELONA_PILAR_31-2.jpg?fit=300%2C225&#038;ssl=1\" data-large-file=\"https:\/\/i0.wp.com\/staging.asufin.com\/staging\/wp-content\/uploads\/2017\/05\/170518_ASUFIN_BARCELONA_PILAR_31-2.jpg?fit=800%2C600&#038;ssl=1\" src=\"https:\/\/i0.wp.com\/staging.asufin.com\/staging\/wp-content\/uploads\/2017\/05\/170518_ASUFIN_BARCELONA_PILAR_31-2.jpg?w=207&#038;h=155&#038;ssl=1\" srcset=\"https:\/\/i0.wp.com\/staging.asufin.com\/staging\/wp-content\/uploads\/2017\/05\/170518_ASUFIN_BARCELONA_PILAR_31-2.jpg?w=1008&amp;ssl=1 1008w, https:\/\/i0.wp.com\/staging.asufin.com\/staging\/wp-content\/uploads\/2017\/05\/170518_ASUFIN_BARCELONA_PILAR_31-2.jpg?resize=300%2C225&amp;ssl=1 300w, https:\/\/i0.wp.com\/staging.asufin.com\/staging\/wp-content\/uploads\/2017\/05\/170518_ASUFIN_BARCELONA_PILAR_31-2.jpg?resize=768%2C576&amp;ssl=1 768w, https:\/\/i0.wp.com\/staging.asufin.com\/staging\/wp-content\/uploads\/2017\/05\/170518_ASUFIN_BARCELONA_PILAR_31-2.jpg?resize=600%2C450&amp;ssl=1 600w\" width=\"207\" height=\"155\" loading=\"lazy\" data-original-width=\"207\" data-original-height=\"155\" itemprop=\"http:\/\/schema.org\/image\" title=\"170518_ASUFIN_BARCELONA_PILAR_31\" alt=\"De izq. a derecha: Patricia Su\u00e1rez, Albert Jan\u00e9 y Sigr\u00fan Davidsdottir\" style=\"width: 207px; height: 155px;\" \/> <\/a> <div class=\"tiled-gallery-caption\" itemprop=\"caption description\"> De izq. a derecha: Patricia Su\u00e1rez, Albert Jan\u00e9 y Sigr\u00fan Davidsdottir <\/div> <\/div> <div class=\"tiled-gallery-item tiled-gallery-item-small\" itemprop=\"associatedMedia\" itemscope itemtype=\"http:\/\/schema.org\/ImageObject\"> <a href=\"https:\/\/staging.asufin.com\/staging\/170518_asufin_barcelona_pilar_32\/\" border=\"0\" itemprop=\"url\"> <meta itemprop=\"width\" content=\"207\"> <meta itemprop=\"height\" content=\"155\"> <img loading=\"lazy\" decoding=\"async\" class=\"\" data-attachment-id=\"29376\" data-orig-file=\"https:\/\/staging.asufin.com\/staging\/wp-content\/uploads\/2017\/05\/170518_ASUFIN_BARCELONA_PILAR_32-2.jpg\" data-orig-size=\"1008,756\" data-comments-opened=\"1\" data-image-meta=\"{&quot;aperture&quot;:&quot;0&quot;,&quot;credit&quot;:&quot;&quot;,&quot;camera&quot;:&quot;&quot;,&quot;caption&quot;:&quot;&quot;,&quot;created_timestamp&quot;:&quot;0&quot;,&quot;copyright&quot;:&quot;&quot;,&quot;focal_length&quot;:&quot;0&quot;,&quot;iso&quot;:&quot;0&quot;,&quot;shutter_speed&quot;:&quot;0&quot;,&quot;title&quot;:&quot;&quot;,&quot;orientation&quot;:&quot;0&quot;}\" data-image-title=\"170518_ASUFIN_BARCELONA_PILAR_32\" data-image-description=\"\" data-medium-file=\"https:\/\/i0.wp.com\/staging.asufin.com\/staging\/wp-content\/uploads\/2017\/05\/170518_ASUFIN_BARCELONA_PILAR_32-2.jpg?fit=300%2C225&#038;ssl=1\" data-large-file=\"https:\/\/i0.wp.com\/staging.asufin.com\/staging\/wp-content\/uploads\/2017\/05\/170518_ASUFIN_BARCELONA_PILAR_32-2.jpg?fit=800%2C600&#038;ssl=1\" src=\"https:\/\/i0.wp.com\/staging.asufin.com\/staging\/wp-content\/uploads\/2017\/05\/170518_ASUFIN_BARCELONA_PILAR_32-2.jpg?w=207&#038;h=155&#038;ssl=1\" srcset=\"https:\/\/i0.wp.com\/staging.asufin.com\/staging\/wp-content\/uploads\/2017\/05\/170518_ASUFIN_BARCELONA_PILAR_32-2.jpg?w=1008&amp;ssl=1 1008w, https:\/\/i0.wp.com\/staging.asufin.com\/staging\/wp-content\/uploads\/2017\/05\/170518_ASUFIN_BARCELONA_PILAR_32-2.jpg?resize=300%2C225&amp;ssl=1 300w, https:\/\/i0.wp.com\/staging.asufin.com\/staging\/wp-content\/uploads\/2017\/05\/170518_ASUFIN_BARCELONA_PILAR_32-2.jpg?resize=768%2C576&amp;ssl=1 768w, https:\/\/i0.wp.com\/staging.asufin.com\/staging\/wp-content\/uploads\/2017\/05\/170518_ASUFIN_BARCELONA_PILAR_32-2.jpg?resize=600%2C450&amp;ssl=1 600w\" width=\"207\" height=\"155\" loading=\"lazy\" data-original-width=\"207\" data-original-height=\"155\" itemprop=\"http:\/\/schema.org\/image\" title=\"170518_ASUFIN_BARCELONA_PILAR_32\" alt=\"De izq. a derecha: Patricia Su\u00e1rez, Albert Jan\u00e9 y Sigr\u00fan Davidsdottir\" style=\"width: 207px; height: 155px;\" \/> <\/a> <div class=\"tiled-gallery-caption\" itemprop=\"caption description\"> De izq. a derecha: Patricia Su\u00e1rez, Albert Jan\u00e9 y Sigr\u00fan Davidsdottir <\/div> <\/div> <div class=\"tiled-gallery-item tiled-gallery-item-small\" itemprop=\"associatedMedia\" itemscope itemtype=\"http:\/\/schema.org\/ImageObject\"> <a href=\"https:\/\/staging.asufin.com\/staging\/170518_asufin_barcelona_pilar_33\/\" border=\"0\" itemprop=\"url\"> <meta itemprop=\"width\" content=\"207\"> <meta itemprop=\"height\" content=\"155\"> <img loading=\"lazy\" decoding=\"async\" class=\"\" data-attachment-id=\"29377\" data-orig-file=\"https:\/\/staging.asufin.com\/staging\/wp-content\/uploads\/2017\/05\/170518_ASUFIN_BARCELONA_PILAR_33-2.jpg\" data-orig-size=\"1008,756\" data-comments-opened=\"1\" data-image-meta=\"{&quot;aperture&quot;:&quot;0&quot;,&quot;credit&quot;:&quot;&quot;,&quot;camera&quot;:&quot;&quot;,&quot;caption&quot;:&quot;&quot;,&quot;created_timestamp&quot;:&quot;0&quot;,&quot;copyright&quot;:&quot;&quot;,&quot;focal_length&quot;:&quot;0&quot;,&quot;iso&quot;:&quot;0&quot;,&quot;shutter_speed&quot;:&quot;0&quot;,&quot;title&quot;:&quot;&quot;,&quot;orientation&quot;:&quot;0&quot;}\" data-image-title=\"170518_ASUFIN_BARCELONA_PILAR_33\" data-image-description=\"\" data-medium-file=\"https:\/\/i0.wp.com\/staging.asufin.com\/staging\/wp-content\/uploads\/2017\/05\/170518_ASUFIN_BARCELONA_PILAR_33-2.jpg?fit=300%2C225&#038;ssl=1\" data-large-file=\"https:\/\/i0.wp.com\/staging.asufin.com\/staging\/wp-content\/uploads\/2017\/05\/170518_ASUFIN_BARCELONA_PILAR_33-2.jpg?fit=800%2C600&#038;ssl=1\" src=\"https:\/\/i0.wp.com\/staging.asufin.com\/staging\/wp-content\/uploads\/2017\/05\/170518_ASUFIN_BARCELONA_PILAR_33-2.jpg?w=207&#038;h=155&#038;ssl=1\" srcset=\"https:\/\/i0.wp.com\/staging.asufin.com\/staging\/wp-content\/uploads\/2017\/05\/170518_ASUFIN_BARCELONA_PILAR_33-2.jpg?w=1008&amp;ssl=1 1008w, https:\/\/i0.wp.com\/staging.asufin.com\/staging\/wp-content\/uploads\/2017\/05\/170518_ASUFIN_BARCELONA_PILAR_33-2.jpg?resize=300%2C225&amp;ssl=1 300w, https:\/\/i0.wp.com\/staging.asufin.com\/staging\/wp-content\/uploads\/2017\/05\/170518_ASUFIN_BARCELONA_PILAR_33-2.jpg?resize=768%2C576&amp;ssl=1 768w, https:\/\/i0.wp.com\/staging.asufin.com\/staging\/wp-content\/uploads\/2017\/05\/170518_ASUFIN_BARCELONA_PILAR_33-2.jpg?resize=600%2C450&amp;ssl=1 600w\" width=\"207\" height=\"155\" loading=\"lazy\" data-original-width=\"207\" data-original-height=\"155\" itemprop=\"http:\/\/schema.org\/image\" title=\"170518_ASUFIN_BARCELONA_PILAR_33\" alt=\"De izq. a derecha: Alja Pestar, Patricia Su\u00e1rez,Bo\u009atjan M. Zupan?i?, Jelena Pavlovic, Dalibor Mr\u009aa, Nicole Kwiatkowski y Denis Smajo\" style=\"width: 207px; height: 155px;\" \/> <\/a> <div class=\"tiled-gallery-caption\" itemprop=\"caption description\"> De izq. a derecha: Alja Pestar, Patricia Su\u00e1rez,Bo\u009atjan M. Zupan?i?, Jelena Pavlovic, Dalibor Mr\u009aa, Nicole Kwiatkowski y Denis Smajo <\/div> <\/div> <div class=\"tiled-gallery-item tiled-gallery-item-small\" itemprop=\"associatedMedia\" itemscope itemtype=\"http:\/\/schema.org\/ImageObject\"> <a href=\"https:\/\/staging.asufin.com\/staging\/170518_asufin_barcelona_pilar_34\/\" border=\"0\" itemprop=\"url\"> <meta itemprop=\"width\" content=\"207\"> <meta itemprop=\"height\" content=\"155\"> <img loading=\"lazy\" decoding=\"async\" class=\"\" data-attachment-id=\"29378\" data-orig-file=\"https:\/\/staging.asufin.com\/staging\/wp-content\/uploads\/2017\/05\/170518_ASUFIN_BARCELONA_PILAR_34-2.jpg\" data-orig-size=\"1008,756\" data-comments-opened=\"1\" data-image-meta=\"{&quot;aperture&quot;:&quot;0&quot;,&quot;credit&quot;:&quot;&quot;,&quot;camera&quot;:&quot;&quot;,&quot;caption&quot;:&quot;&quot;,&quot;created_timestamp&quot;:&quot;0&quot;,&quot;copyright&quot;:&quot;&quot;,&quot;focal_length&quot;:&quot;0&quot;,&quot;iso&quot;:&quot;0&quot;,&quot;shutter_speed&quot;:&quot;0&quot;,&quot;title&quot;:&quot;&quot;,&quot;orientation&quot;:&quot;0&quot;}\" data-image-title=\"170518_ASUFIN_BARCELONA_PILAR_34\" data-image-description=\"\" data-medium-file=\"https:\/\/i0.wp.com\/staging.asufin.com\/staging\/wp-content\/uploads\/2017\/05\/170518_ASUFIN_BARCELONA_PILAR_34-2.jpg?fit=300%2C225&#038;ssl=1\" data-large-file=\"https:\/\/i0.wp.com\/staging.asufin.com\/staging\/wp-content\/uploads\/2017\/05\/170518_ASUFIN_BARCELONA_PILAR_34-2.jpg?fit=800%2C600&#038;ssl=1\" src=\"https:\/\/i0.wp.com\/staging.asufin.com\/staging\/wp-content\/uploads\/2017\/05\/170518_ASUFIN_BARCELONA_PILAR_34-2.jpg?w=207&#038;h=155&#038;ssl=1\" srcset=\"https:\/\/i0.wp.com\/staging.asufin.com\/staging\/wp-content\/uploads\/2017\/05\/170518_ASUFIN_BARCELONA_PILAR_34-2.jpg?w=1008&amp;ssl=1 1008w, https:\/\/i0.wp.com\/staging.asufin.com\/staging\/wp-content\/uploads\/2017\/05\/170518_ASUFIN_BARCELONA_PILAR_34-2.jpg?resize=300%2C225&amp;ssl=1 300w, https:\/\/i0.wp.com\/staging.asufin.com\/staging\/wp-content\/uploads\/2017\/05\/170518_ASUFIN_BARCELONA_PILAR_34-2.jpg?resize=768%2C576&amp;ssl=1 768w, https:\/\/i0.wp.com\/staging.asufin.com\/staging\/wp-content\/uploads\/2017\/05\/170518_ASUFIN_BARCELONA_PILAR_34-2.jpg?resize=600%2C450&amp;ssl=1 600w\" width=\"207\" height=\"155\" loading=\"lazy\" data-original-width=\"207\" data-original-height=\"155\" itemprop=\"http:\/\/schema.org\/image\" title=\"170518_ASUFIN_BARCELONA_PILAR_34\" alt=\"De izq. a derecha: Alja Pestar, Patricia Su\u00e1rez y Bo\u009atjan M. Zupan?i?,\" style=\"width: 207px; height: 155px;\" \/> <\/a> <div class=\"tiled-gallery-caption\" itemprop=\"caption description\"> De izq. a derecha: Alja Pestar, Patricia Su\u00e1rez y Bo\u009atjan M. Zupan?i?, <\/div> <\/div> <div class=\"tiled-gallery-item tiled-gallery-item-small\" itemprop=\"associatedMedia\" itemscope itemtype=\"http:\/\/schema.org\/ImageObject\"> <a href=\"https:\/\/staging.asufin.com\/staging\/170518_asufin_barcelona_pilar_35\/\" border=\"0\" itemprop=\"url\"> <meta itemprop=\"width\" content=\"207\"> <meta itemprop=\"height\" content=\"155\"> <img loading=\"lazy\" decoding=\"async\" class=\"\" data-attachment-id=\"29379\" data-orig-file=\"https:\/\/staging.asufin.com\/staging\/wp-content\/uploads\/2017\/05\/170518_ASUFIN_BARCELONA_PILAR_35-2.jpg\" data-orig-size=\"1008,756\" data-comments-opened=\"1\" data-image-meta=\"{&quot;aperture&quot;:&quot;0&quot;,&quot;credit&quot;:&quot;&quot;,&quot;camera&quot;:&quot;&quot;,&quot;caption&quot;:&quot;&quot;,&quot;created_timestamp&quot;:&quot;0&quot;,&quot;copyright&quot;:&quot;&quot;,&quot;focal_length&quot;:&quot;0&quot;,&quot;iso&quot;:&quot;0&quot;,&quot;shutter_speed&quot;:&quot;0&quot;,&quot;title&quot;:&quot;&quot;,&quot;orientation&quot;:&quot;0&quot;}\" data-image-title=\"170518_ASUFIN_BARCELONA_PILAR_35\" data-image-description=\"\" data-medium-file=\"https:\/\/i0.wp.com\/staging.asufin.com\/staging\/wp-content\/uploads\/2017\/05\/170518_ASUFIN_BARCELONA_PILAR_35-2.jpg?fit=300%2C225&#038;ssl=1\" data-large-file=\"https:\/\/i0.wp.com\/staging.asufin.com\/staging\/wp-content\/uploads\/2017\/05\/170518_ASUFIN_BARCELONA_PILAR_35-2.jpg?fit=800%2C600&#038;ssl=1\" src=\"https:\/\/i0.wp.com\/staging.asufin.com\/staging\/wp-content\/uploads\/2017\/05\/170518_ASUFIN_BARCELONA_PILAR_35-2.jpg?w=207&#038;h=155&#038;ssl=1\" srcset=\"https:\/\/i0.wp.com\/staging.asufin.com\/staging\/wp-content\/uploads\/2017\/05\/170518_ASUFIN_BARCELONA_PILAR_35-2.jpg?w=1008&amp;ssl=1 1008w, https:\/\/i0.wp.com\/staging.asufin.com\/staging\/wp-content\/uploads\/2017\/05\/170518_ASUFIN_BARCELONA_PILAR_35-2.jpg?resize=300%2C225&amp;ssl=1 300w, https:\/\/i0.wp.com\/staging.asufin.com\/staging\/wp-content\/uploads\/2017\/05\/170518_ASUFIN_BARCELONA_PILAR_35-2.jpg?resize=768%2C576&amp;ssl=1 768w, https:\/\/i0.wp.com\/staging.asufin.com\/staging\/wp-content\/uploads\/2017\/05\/170518_ASUFIN_BARCELONA_PILAR_35-2.jpg?resize=600%2C450&amp;ssl=1 600w\" width=\"207\" height=\"155\" loading=\"lazy\" data-original-width=\"207\" data-original-height=\"155\" itemprop=\"http:\/\/schema.org\/image\" title=\"170518_ASUFIN_BARCELONA_PILAR_35\" alt=\"Bo\u009atjan M. Zupan?i?, Juez en el Tribunal de Derechos Humanos de Estrasburgo, en su intervenci\u00f3n junto a los dem\u00e1s ponentes de los balcanes\" style=\"width: 207px; height: 155px;\" \/> <\/a> <div class=\"tiled-gallery-caption\" itemprop=\"caption description\"> Bo\u009atjan M. Zupan?i?, Juez en el Tribunal de Derechos Humanos de Estrasburgo, en su intervenci\u00f3n junto a los dem\u00e1s ponentes de los balcanes <\/div> <\/div> <div class=\"tiled-gallery-item tiled-gallery-item-small\" itemprop=\"associatedMedia\" itemscope itemtype=\"http:\/\/schema.org\/ImageObject\"> <a href=\"https:\/\/staging.asufin.com\/staging\/170518_asufin_barcelona_pilar_36\/\" border=\"0\" itemprop=\"url\"> <meta itemprop=\"width\" content=\"207\"> <meta itemprop=\"height\" content=\"155\"> <img loading=\"lazy\" decoding=\"async\" class=\"\" data-attachment-id=\"29380\" data-orig-file=\"https:\/\/staging.asufin.com\/staging\/wp-content\/uploads\/2017\/05\/170518_ASUFIN_BARCELONA_PILAR_36-2.jpg\" data-orig-size=\"1008,756\" data-comments-opened=\"1\" data-image-meta=\"{&quot;aperture&quot;:&quot;0&quot;,&quot;credit&quot;:&quot;&quot;,&quot;camera&quot;:&quot;&quot;,&quot;caption&quot;:&quot;&quot;,&quot;created_timestamp&quot;:&quot;0&quot;,&quot;copyright&quot;:&quot;&quot;,&quot;focal_length&quot;:&quot;0&quot;,&quot;iso&quot;:&quot;0&quot;,&quot;shutter_speed&quot;:&quot;0&quot;,&quot;title&quot;:&quot;&quot;,&quot;orientation&quot;:&quot;0&quot;}\" data-image-title=\"170518_ASUFIN_BARCELONA_PILAR_36\" data-image-description=\"\" data-medium-file=\"https:\/\/i0.wp.com\/staging.asufin.com\/staging\/wp-content\/uploads\/2017\/05\/170518_ASUFIN_BARCELONA_PILAR_36-2.jpg?fit=300%2C225&#038;ssl=1\" data-large-file=\"https:\/\/i0.wp.com\/staging.asufin.com\/staging\/wp-content\/uploads\/2017\/05\/170518_ASUFIN_BARCELONA_PILAR_36-2.jpg?fit=800%2C600&#038;ssl=1\" src=\"https:\/\/i0.wp.com\/staging.asufin.com\/staging\/wp-content\/uploads\/2017\/05\/170518_ASUFIN_BARCELONA_PILAR_36-2.jpg?w=207&#038;h=155&#038;ssl=1\" srcset=\"https:\/\/i0.wp.com\/staging.asufin.com\/staging\/wp-content\/uploads\/2017\/05\/170518_ASUFIN_BARCELONA_PILAR_36-2.jpg?w=1008&amp;ssl=1 1008w, https:\/\/i0.wp.com\/staging.asufin.com\/staging\/wp-content\/uploads\/2017\/05\/170518_ASUFIN_BARCELONA_PILAR_36-2.jpg?resize=300%2C225&amp;ssl=1 300w, https:\/\/i0.wp.com\/staging.asufin.com\/staging\/wp-content\/uploads\/2017\/05\/170518_ASUFIN_BARCELONA_PILAR_36-2.jpg?resize=768%2C576&amp;ssl=1 768w, https:\/\/i0.wp.com\/staging.asufin.com\/staging\/wp-content\/uploads\/2017\/05\/170518_ASUFIN_BARCELONA_PILAR_36-2.jpg?resize=600%2C450&amp;ssl=1 600w\" width=\"207\" height=\"155\" loading=\"lazy\" data-original-width=\"207\" data-original-height=\"155\" itemprop=\"http:\/\/schema.org\/image\" title=\"170518_ASUFIN_BARCELONA_PILAR_36\" alt=\"VI Conferencia Europea Sobre Hipotecas en Divisas en Barcelona. Foto p\u00fablico\" style=\"width: 207px; height: 155px;\" \/> <\/a> <div class=\"tiled-gallery-caption\" itemprop=\"caption description\"> VI Conferencia Europea Sobre Hipotecas en Divisas en Barcelona. Foto p\u00fablico <\/div> <\/div> <div class=\"tiled-gallery-item tiled-gallery-item-small\" itemprop=\"associatedMedia\" itemscope itemtype=\"http:\/\/schema.org\/ImageObject\"> <a href=\"https:\/\/staging.asufin.com\/staging\/170518_asufin_barcelona_pilar_37\/\" border=\"0\" itemprop=\"url\"> <meta itemprop=\"width\" content=\"207\"> <meta itemprop=\"height\" content=\"155\"> <img loading=\"lazy\" decoding=\"async\" class=\"\" data-attachment-id=\"29381\" data-orig-file=\"https:\/\/staging.asufin.com\/staging\/wp-content\/uploads\/2017\/05\/170518_ASUFIN_BARCELONA_PILAR_37-2.jpg\" data-orig-size=\"1008,756\" data-comments-opened=\"1\" data-image-meta=\"{&quot;aperture&quot;:&quot;0&quot;,&quot;credit&quot;:&quot;&quot;,&quot;camera&quot;:&quot;&quot;,&quot;caption&quot;:&quot;&quot;,&quot;created_timestamp&quot;:&quot;0&quot;,&quot;copyright&quot;:&quot;&quot;,&quot;focal_length&quot;:&quot;0&quot;,&quot;iso&quot;:&quot;0&quot;,&quot;shutter_speed&quot;:&quot;0&quot;,&quot;title&quot;:&quot;&quot;,&quot;orientation&quot;:&quot;0&quot;}\" data-image-title=\"170518_ASUFIN_BARCELONA_PILAR_37\" data-image-description=\"\" data-medium-file=\"https:\/\/i0.wp.com\/staging.asufin.com\/staging\/wp-content\/uploads\/2017\/05\/170518_ASUFIN_BARCELONA_PILAR_37-2.jpg?fit=300%2C225&#038;ssl=1\" data-large-file=\"https:\/\/i0.wp.com\/staging.asufin.com\/staging\/wp-content\/uploads\/2017\/05\/170518_ASUFIN_BARCELONA_PILAR_37-2.jpg?fit=800%2C600&#038;ssl=1\" src=\"https:\/\/i0.wp.com\/staging.asufin.com\/staging\/wp-content\/uploads\/2017\/05\/170518_ASUFIN_BARCELONA_PILAR_37-2.jpg?w=207&#038;h=155&#038;ssl=1\" srcset=\"https:\/\/i0.wp.com\/staging.asufin.com\/staging\/wp-content\/uploads\/2017\/05\/170518_ASUFIN_BARCELONA_PILAR_37-2.jpg?w=1008&amp;ssl=1 1008w, https:\/\/i0.wp.com\/staging.asufin.com\/staging\/wp-content\/uploads\/2017\/05\/170518_ASUFIN_BARCELONA_PILAR_37-2.jpg?resize=300%2C225&amp;ssl=1 300w, https:\/\/i0.wp.com\/staging.asufin.com\/staging\/wp-content\/uploads\/2017\/05\/170518_ASUFIN_BARCELONA_PILAR_37-2.jpg?resize=768%2C576&amp;ssl=1 768w, https:\/\/i0.wp.com\/staging.asufin.com\/staging\/wp-content\/uploads\/2017\/05\/170518_ASUFIN_BARCELONA_PILAR_37-2.jpg?resize=600%2C450&amp;ssl=1 600w\" width=\"207\" height=\"155\" loading=\"lazy\" data-original-width=\"207\" data-original-height=\"155\" itemprop=\"http:\/\/schema.org\/image\" title=\"170518_ASUFIN_BARCELONA_PILAR_37\" alt=\"De izq. a derecha: Patricia Su\u00e1rez, Beata Komarnicka Nowak y Franca Berno\" style=\"width: 207px; height: 155px;\" \/> <\/a> <div class=\"tiled-gallery-caption\" itemprop=\"caption description\"> De izq. a derecha: Patricia Su\u00e1rez, Beata Komarnicka Nowak y Franca Berno <\/div> <\/div> <div class=\"tiled-gallery-item tiled-gallery-item-small\" itemprop=\"associatedMedia\" itemscope itemtype=\"http:\/\/schema.org\/ImageObject\"> <a href=\"https:\/\/staging.asufin.com\/staging\/170518_asufin_barcelona_pilar_38\/\" border=\"0\" itemprop=\"url\"> <meta itemprop=\"width\" content=\"207\"> <meta itemprop=\"height\" content=\"155\"> <img loading=\"lazy\" decoding=\"async\" class=\"\" data-attachment-id=\"29382\" data-orig-file=\"https:\/\/staging.asufin.com\/staging\/wp-content\/uploads\/2017\/05\/170518_ASUFIN_BARCELONA_PILAR_38-2.jpg\" data-orig-size=\"1008,756\" data-comments-opened=\"1\" data-image-meta=\"{&quot;aperture&quot;:&quot;0&quot;,&quot;credit&quot;:&quot;&quot;,&quot;camera&quot;:&quot;&quot;,&quot;caption&quot;:&quot;&quot;,&quot;created_timestamp&quot;:&quot;0&quot;,&quot;copyright&quot;:&quot;&quot;,&quot;focal_length&quot;:&quot;0&quot;,&quot;iso&quot;:&quot;0&quot;,&quot;shutter_speed&quot;:&quot;0&quot;,&quot;title&quot;:&quot;&quot;,&quot;orientation&quot;:&quot;0&quot;}\" data-image-title=\"170518_ASUFIN_BARCELONA_PILAR_38\" data-image-description=\"\" data-medium-file=\"https:\/\/i0.wp.com\/staging.asufin.com\/staging\/wp-content\/uploads\/2017\/05\/170518_ASUFIN_BARCELONA_PILAR_38-2.jpg?fit=300%2C225&#038;ssl=1\" data-large-file=\"https:\/\/i0.wp.com\/staging.asufin.com\/staging\/wp-content\/uploads\/2017\/05\/170518_ASUFIN_BARCELONA_PILAR_38-2.jpg?fit=800%2C600&#038;ssl=1\" src=\"https:\/\/i0.wp.com\/staging.asufin.com\/staging\/wp-content\/uploads\/2017\/05\/170518_ASUFIN_BARCELONA_PILAR_38-2.jpg?w=207&#038;h=155&#038;ssl=1\" srcset=\"https:\/\/i0.wp.com\/staging.asufin.com\/staging\/wp-content\/uploads\/2017\/05\/170518_ASUFIN_BARCELONA_PILAR_38-2.jpg?w=1008&amp;ssl=1 1008w, https:\/\/i0.wp.com\/staging.asufin.com\/staging\/wp-content\/uploads\/2017\/05\/170518_ASUFIN_BARCELONA_PILAR_38-2.jpg?resize=300%2C225&amp;ssl=1 300w, https:\/\/i0.wp.com\/staging.asufin.com\/staging\/wp-content\/uploads\/2017\/05\/170518_ASUFIN_BARCELONA_PILAR_38-2.jpg?resize=768%2C576&amp;ssl=1 768w, https:\/\/i0.wp.com\/staging.asufin.com\/staging\/wp-content\/uploads\/2017\/05\/170518_ASUFIN_BARCELONA_PILAR_38-2.jpg?resize=600%2C450&amp;ssl=1 600w\" width=\"207\" height=\"155\" loading=\"lazy\" data-original-width=\"207\" data-original-height=\"155\" itemprop=\"http:\/\/schema.org\/image\" title=\"170518_ASUFIN_BARCELONA_PILAR_38\" alt=\"Patricia Su\u00e1rez junto a Mar\u00eda Victoria Zunzunegui, investigadora de Finsalud\" style=\"width: 207px; height: 155px;\" \/> <\/a> <div class=\"tiled-gallery-caption\" itemprop=\"caption description\"> Patricia Su\u00e1rez junto a Mar\u00eda Victoria Zunzunegui, investigadora de Finsalud <\/div> <\/div> <div class=\"tiled-gallery-item tiled-gallery-item-small\" itemprop=\"associatedMedia\" itemscope itemtype=\"http:\/\/schema.org\/ImageObject\"> <a href=\"https:\/\/staging.asufin.com\/staging\/170518_asufin_barcelona_pilar_39\/\" border=\"0\" itemprop=\"url\"> <meta itemprop=\"width\" content=\"207\"> <meta itemprop=\"height\" content=\"155\"> <img loading=\"lazy\" decoding=\"async\" class=\"\" data-attachment-id=\"29383\" data-orig-file=\"https:\/\/staging.asufin.com\/staging\/wp-content\/uploads\/2017\/05\/170518_ASUFIN_BARCELONA_PILAR_39-2.jpg\" data-orig-size=\"1008,756\" data-comments-opened=\"1\" data-image-meta=\"{&quot;aperture&quot;:&quot;0&quot;,&quot;credit&quot;:&quot;&quot;,&quot;camera&quot;:&quot;&quot;,&quot;caption&quot;:&quot;&quot;,&quot;created_timestamp&quot;:&quot;0&quot;,&quot;copyright&quot;:&quot;&quot;,&quot;focal_length&quot;:&quot;0&quot;,&quot;iso&quot;:&quot;0&quot;,&quot;shutter_speed&quot;:&quot;0&quot;,&quot;title&quot;:&quot;&quot;,&quot;orientation&quot;:&quot;0&quot;}\" data-image-title=\"170518_ASUFIN_BARCELONA_PILAR_39\" data-image-description=\"\" data-medium-file=\"https:\/\/i0.wp.com\/staging.asufin.com\/staging\/wp-content\/uploads\/2017\/05\/170518_ASUFIN_BARCELONA_PILAR_39-2.jpg?fit=300%2C225&#038;ssl=1\" data-large-file=\"https:\/\/i0.wp.com\/staging.asufin.com\/staging\/wp-content\/uploads\/2017\/05\/170518_ASUFIN_BARCELONA_PILAR_39-2.jpg?fit=800%2C600&#038;ssl=1\" src=\"https:\/\/i0.wp.com\/staging.asufin.com\/staging\/wp-content\/uploads\/2017\/05\/170518_ASUFIN_BARCELONA_PILAR_39-2.jpg?w=207&#038;h=155&#038;ssl=1\" srcset=\"https:\/\/i0.wp.com\/staging.asufin.com\/staging\/wp-content\/uploads\/2017\/05\/170518_ASUFIN_BARCELONA_PILAR_39-2.jpg?w=1008&amp;ssl=1 1008w, https:\/\/i0.wp.com\/staging.asufin.com\/staging\/wp-content\/uploads\/2017\/05\/170518_ASUFIN_BARCELONA_PILAR_39-2.jpg?resize=300%2C225&amp;ssl=1 300w, https:\/\/i0.wp.com\/staging.asufin.com\/staging\/wp-content\/uploads\/2017\/05\/170518_ASUFIN_BARCELONA_PILAR_39-2.jpg?resize=768%2C576&amp;ssl=1 768w, https:\/\/i0.wp.com\/staging.asufin.com\/staging\/wp-content\/uploads\/2017\/05\/170518_ASUFIN_BARCELONA_PILAR_39-2.jpg?resize=600%2C450&amp;ssl=1 600w\" width=\"207\" height=\"155\" loading=\"lazy\" data-original-width=\"207\" data-original-height=\"155\" itemprop=\"http:\/\/schema.org\/image\" title=\"170518_ASUFIN_BARCELONA_PILAR_39\" alt=\"Patricia Su\u00e1rez junto a Carlos S\u00e1nchez Mart\u00edn, letrado del gabinete t\u00e9cnico del Tribunal Supremo\" style=\"width: 207px; height: 155px;\" \/> <\/a> <div class=\"tiled-gallery-caption\" itemprop=\"caption description\"> Patricia Su\u00e1rez junto a Carlos S\u00e1nchez Mart\u00edn, letrado del gabinete t\u00e9cnico del Tribunal Supremo <\/div> <\/div> <\/div> <!-- close group --> <\/div> <!-- close row --> <\/div>\n<p>&nbsp;<\/p>\n","protected":false},"excerpt":{"rendered":"<p>\u00bb\u00a0ASUFIN reuni\u00f3 a casi 100 personas en el Colegio de Abogados de Barcelona para tratar la problem\u00e1tica de la Hipoteca en Divisas en Europa \u00bb Jueces, abogados y representantes de asociaciones de consumidores europeas explicaron como ha afectado la hipotecas indexadas en divisas en sus pa\u00edses \u00bbPatricia Su\u00e1rez, presidenta de ASUFIN: \u0093Hemos conseguido que vengan [&hellip;]<\/p>\n","protected":false},"author":2,"featured_media":29274,"comment_status":"open","ping_status":"closed","sticky":false,"template":"","format":"standard","meta":{"_acf_changed":false,"_jetpack_newsletter_access":"","_jetpack_dont_email_post_to_subs":false,"_jetpack_newsletter_tier_id":0,"_jetpack_memberships_contains_paywalled_content":false,"_jetpack_memberships_contains_paid_content":false,"footnotes":""},"categories":[43,191,1975,1137],"tags":[2928,253,2929,2930,2931,2932,2933,53,2472,2789,2934,2935,2936,2211,64,2613,2937,2938],"class_list":["post-29267","post","type-post","status-publish","format-standard","has-post-thumbnail","hentry","category-asufin-destacado","category-eventos","category-europa","category-hipoteca-multidivisa","tag-alja-pestar","tag-barcelona","tag-beata-komarnicka-nowak","tag-bostjan-m-zupancic","tag-carlos-sanchez-martin","tag-dalibor-mrsa","tag-denis-smajo","tag-finsalud","tag-franca-berno","tag-icab","tag-jelena-pavlovic","tag-maria-victoria-zunzunegu","tag-nicole-kwiatkowski","tag-sigrun-davidsdottir","tag-tribunal-supremo","tag-tuconfin","tag-udruge-franak","tag-zdruzenje-frank"],"acf":[],"jetpack_featured_media_url":"https:\/\/i0.wp.com\/staging.asufin.com\/staging\/wp-content\/uploads\/2017\/05\/170518_Conferencia_Barcelona_9-3.jpg?fit=1000%2C461&ssl=1","jetpack_shortlink":"https:\/\/wp.me\/peayLa-7C3","jetpack_likes_enabled":false,"jetpack_sharing_enabled":true,"_links":{"self":[{"href":"https:\/\/staging.asufin.com\/staging\/wp-json\/wp\/v2\/posts\/29267","targetHints":{"allow":["GET"]}}],"collection":[{"href":"https:\/\/staging.asufin.com\/staging\/wp-json\/wp\/v2\/posts"}],"about":[{"href":"https:\/\/staging.asufin.com\/staging\/wp-json\/wp\/v2\/types\/post"}],"author":[{"embeddable":true,"href":"https:\/\/staging.asufin.com\/staging\/wp-json\/wp\/v2\/users\/2"}],"replies":[{"embeddable":true,"href":"https:\/\/staging.asufin.com\/staging\/wp-json\/wp\/v2\/comments?post=29267"}],"version-history":[{"count":0,"href":"https:\/\/staging.asufin.com\/staging\/wp-json\/wp\/v2\/posts\/29267\/revisions"}],"wp:featuredmedia":[{"embeddable":true,"href":"https:\/\/staging.asufin.com\/staging\/wp-json\/wp\/v2\/media\/29274"}],"wp:attachment":[{"href":"https:\/\/staging.asufin.com\/staging\/wp-json\/wp\/v2\/media?parent=29267"}],"wp:term":[{"taxonomy":"category","embeddable":true,"href":"https:\/\/staging.asufin.com\/staging\/wp-json\/wp\/v2\/categories?post=29267"},{"taxonomy":"post_tag","embeddable":true,"href":"https:\/\/staging.asufin.com\/staging\/wp-json\/wp\/v2\/tags?post=29267"}],"curies":[{"name":"wp","href":"https:\/\/api.w.org\/{rel}","templated":true}]}}