{"id":29319,"date":"2017-05-19T20:00:32","date_gmt":"2017-05-19T18:00:32","guid":{"rendered":"https:\/\/asufin.com\/?p=29319"},"modified":"2019-12-21T13:21:28","modified_gmt":"2019-12-21T12:21:28","slug":"asufin-plusvalias-espejo-publico-19-5-17","status":"publish","type":"post","link":"https:\/\/staging.asufin.com\/staging\/asufin-plusvalias-espejo-publico-19-5-17\/","title":{"rendered":"ASUFIN sobre Plusval\u00edas &#8211; Espejo P\u00fablico &#8211; 19.5.17"},"content":{"rendered":"<p>Nuestra presidenta, Patricia Su\u00e1rez, ha intervenido hoy (19.5.17) en el programa Espejo P\u00fablico. El espacio de hoy ha estado dedicado a las reclamaciones por plusval\u00edas. Una reciente sentencia del Tribunal Constitucional permite recuperar lo abonado de m\u00e1s por este impuesto. Asimismo, tambi\u00e9n ha intervenido Carmen, socia de ASUFIN y afectada por este impuesto ya que, a ra\u00edz de la venta de un inmueble, tuvo que abonarlo sin que se produjese el hecho imponible.<\/p>\n<p><a href=\"http:\/\/www.atresplayer.com\/television\/programas\/espejo-publico\/2017\/mayo\/dia-19-patxi-lpez-elegir-secretario-general-billete-moncloa_2017051900529.html\" target=\"_blank\" rel=\"noopener noreferrer\"><img data-recalc-dims=\"1\" fetchpriority=\"high\" decoding=\"async\" data-attachment-id=\"29326\" data-permalink=\"https:\/\/staging.asufin.com\/staging\/170519_ww_ep_plusvalias_2\/\" data-orig-file=\"https:\/\/i0.wp.com\/staging.asufin.com\/staging\/wp-content\/uploads\/2017\/05\/170519_WW_EP_plusvalias_2-2.jpg?fit=1888%2C1050&amp;ssl=1\" data-orig-size=\"1888,1050\" data-comments-opened=\"1\" data-image-meta=\"{&quot;aperture&quot;:&quot;0&quot;,&quot;credit&quot;:&quot;&quot;,&quot;camera&quot;:&quot;&quot;,&quot;caption&quot;:&quot;&quot;,&quot;created_timestamp&quot;:&quot;0&quot;,&quot;copyright&quot;:&quot;&quot;,&quot;focal_length&quot;:&quot;0&quot;,&quot;iso&quot;:&quot;0&quot;,&quot;shutter_speed&quot;:&quot;0&quot;,&quot;title&quot;:&quot;&quot;,&quot;orientation&quot;:&quot;0&quot;}\" data-image-title=\"170519_WW_EP_plusvalias_ASUFIN_2\" data-image-description=\"\" data-image-caption=\"\" data-large-file=\"https:\/\/i0.wp.com\/staging.asufin.com\/staging\/wp-content\/uploads\/2017\/05\/170519_WW_EP_plusvalias_2-2.jpg?fit=800%2C445&amp;ssl=1\" class=\"wp-image-29326 size-large aligncenter\" src=\"https:\/\/i0.wp.com\/asufin.com\/wp-content\/uploads\/2017\/05\/170519_WW_EP_plusvalias_2-1024x569.jpg?resize=800%2C445&#038;ssl=1\" alt=\"170519_WW_EP_plusvalias_ASUFIN_2\" width=\"800\" height=\"445\" title=\"\"><\/a><\/p>\n","protected":false},"excerpt":{"rendered":"<p>Nuestra presidenta, Patricia Su\u00e1rez, ha intervenido hoy (19.5.17) en el programa Espejo P\u00fablico. El espacio de hoy ha estado dedicado a las reclamaciones por plusval\u00edas. Una reciente sentencia del Tribunal Constitucional permite recuperar lo abonado de m\u00e1s por este impuesto. Asimismo, tambi\u00e9n ha intervenido Carmen, socia de ASUFIN y afectada por este impuesto ya que, [&hellip;]<\/p>\n","protected":false},"author":2,"featured_media":29325,"comment_status":"open","ping_status":"closed","sticky":false,"template":"","format":"standard","meta":{"_acf_changed":false,"_jetpack_newsletter_access":"","_jetpack_dont_email_post_to_subs":false,"_jetpack_newsletter_tier_id":0,"_jetpack_memberships_contains_paywalled_content":false,"_jetpack_memberships_contains_paid_content":false,"footnotes":""},"categories":[43,19,2845,3384,44],"tags":[2772,898,2910],"class_list":["post-29319","post","type-post","status-publish","format-standard","has-post-thumbnail","hentry","category-asufin-destacado","category-asufin-en-los-medios","category-plusvalia","category-tv","category-wonder-woman","tag-albert-castillon","tag-espejo-publico","tag-sussana-griso"],"acf":[],"jetpack_featured_media_url":"https:\/\/i0.wp.com\/staging.asufin.com\/staging\/wp-content\/uploads\/2017\/05\/170519_WW_ESPEJO_PUBLICOS_PLUSVALIAS_1-2.jpg?fit=978%2C653&ssl=1","jetpack_shortlink":"https:\/\/wp.me\/peayLa-7CT","jetpack_likes_enabled":false,"jetpack_sharing_enabled":true,"_links":{"self":[{"href":"https:\/\/staging.asufin.com\/staging\/wp-json\/wp\/v2\/posts\/29319","targetHints":{"allow":["GET"]}}],"collection":[{"href":"https:\/\/staging.asufin.com\/staging\/wp-json\/wp\/v2\/posts"}],"about":[{"href":"https:\/\/staging.asufin.com\/staging\/wp-json\/wp\/v2\/types\/post"}],"author":[{"embeddable":true,"href":"https:\/\/staging.asufin.com\/staging\/wp-json\/wp\/v2\/users\/2"}],"replies":[{"embeddable":true,"href":"https:\/\/staging.asufin.com\/staging\/wp-json\/wp\/v2\/comments?post=29319"}],"version-history":[{"count":0,"href":"https:\/\/staging.asufin.com\/staging\/wp-json\/wp\/v2\/posts\/29319\/revisions"}],"wp:featuredmedia":[{"embeddable":true,"href":"https:\/\/staging.asufin.com\/staging\/wp-json\/wp\/v2\/media\/29325"}],"wp:attachment":[{"href":"https:\/\/staging.asufin.com\/staging\/wp-json\/wp\/v2\/media?parent=29319"}],"wp:term":[{"taxonomy":"category","embeddable":true,"href":"https:\/\/staging.asufin.com\/staging\/wp-json\/wp\/v2\/categories?post=29319"},{"taxonomy":"post_tag","embeddable":true,"href":"https:\/\/staging.asufin.com\/staging\/wp-json\/wp\/v2\/tags?post=29319"}],"curies":[{"name":"wp","href":"https:\/\/api.w.org\/{rel}","templated":true}]}}