{"id":29320,"date":"2017-05-19T20:30:46","date_gmt":"2017-05-19T18:30:46","guid":{"rendered":"https:\/\/asufin.com\/?p=29320"},"modified":"2020-01-07T12:07:16","modified_gmt":"2020-01-07T11:07:16","slug":"asufin-plusvalias-mas-vale-tarde-19-5-17","status":"publish","type":"post","link":"https:\/\/staging.asufin.com\/staging\/asufin-plusvalias-mas-vale-tarde-19-5-17\/","title":{"rendered":"ASUFIN sobre Plusval\u00edas &#8211; M\u00e1s Vale Tarde &#8211; 19.5.17"},"content":{"rendered":"<p>Carmen, socia de ASUFIN intervino hoy (19.5.17) en el programa M\u00e1s Vale Tarde de la Sexta. El espacio ha estado dedicado a tratar el tema de plusval\u00edas. Roberto, con una sentencia a su favor est\u00e1 a la espera de que el ayuntamiento le ingrese el dinero cobrado de m\u00e1s en funci\u00f3n de este concepto. Por otro lado, Carmen lo tiene un poco m\u00e1s complicado pero espera que su reclamaci\u00f3n prospere con la asociaci\u00f3n y esta sentencia del Tribunal Constitucional que abre la v\u00eda para la devoluci\u00f3n de este impuesto.<\/p>\n<p>Si no has podido verlo, puedes hacerlo <strong><a href=\"http:\/\/www.lasexta.com\/programas\/mas-vale-tarde\/noticias\/los-afectados-por-el-impuesto-de-la-plusvalia-a-la-espera-de-poder-recuperar-su-dinero_20170519591f34bc0cf249bae1a3d792.html\" target=\"_blank\" rel=\"noopener noreferrer\">aqu\u00ed\u00a0<\/a><\/strong><\/p>\n<p><a href=\"http:\/\/www.lasexta.com\/programas\/mas-vale-tarde\/noticias\/los-afectados-por-el-impuesto-de-la-plusvalia-a-la-espera-de-poder-recuperar-su-dinero_20170519591f34bc0cf249bae1a3d792.html\" target=\"_blank\" rel=\"noopener noreferrer\"><img data-recalc-dims=\"1\" fetchpriority=\"high\" decoding=\"async\" data-attachment-id=\"29331\" data-permalink=\"https:\/\/staging.asufin.com\/staging\/captura-de-pantalla-2017-05-22-a-las-12-29-52\/\" data-orig-file=\"https:\/\/i0.wp.com\/staging.asufin.com\/staging\/wp-content\/uploads\/2017\/05\/Captura-de-pantalla-2017-05-22-a-las-12.29.52-2.png?fit=824%2C508&amp;ssl=1\" data-orig-size=\"824,508\" data-comments-opened=\"1\" data-image-meta=\"{&quot;aperture&quot;:&quot;0&quot;,&quot;credit&quot;:&quot;&quot;,&quot;camera&quot;:&quot;&quot;,&quot;caption&quot;:&quot;&quot;,&quot;created_timestamp&quot;:&quot;0&quot;,&quot;copyright&quot;:&quot;&quot;,&quot;focal_length&quot;:&quot;0&quot;,&quot;iso&quot;:&quot;0&quot;,&quot;shutter_speed&quot;:&quot;0&quot;,&quot;title&quot;:&quot;&quot;,&quot;orientation&quot;:&quot;0&quot;}\" data-image-title=\"ASUFIN_MAS_VALE_TARDE_\" data-image-description=\"\" data-image-caption=\"\" data-large-file=\"https:\/\/i0.wp.com\/staging.asufin.com\/staging\/wp-content\/uploads\/2017\/05\/Captura-de-pantalla-2017-05-22-a-las-12.29.52-2.png?fit=800%2C493&amp;ssl=1\" class=\"alignnone wp-image-29331 size-full\" src=\"https:\/\/i0.wp.com\/asufin.com\/wp-content\/uploads\/2017\/05\/Captura-de-pantalla-2017-05-22-a-las-12.29.52.png?resize=800%2C493&#038;ssl=1\" alt=\"ASUFIN_MAS_VALE_TARDE_\" width=\"800\" height=\"493\" title=\"\"><\/a><\/p>\n","protected":false},"excerpt":{"rendered":"<p>Carmen, socia de ASUFIN intervino hoy (19.5.17) en el programa M\u00e1s Vale Tarde de la Sexta. El espacio ha estado dedicado a tratar el tema de plusval\u00edas. Roberto, con una sentencia a su favor est\u00e1 a la espera de que el ayuntamiento le ingrese el dinero cobrado de m\u00e1s en funci\u00f3n de este concepto. Por [&hellip;]<\/p>\n","protected":false},"author":2,"featured_media":29330,"comment_status":"open","ping_status":"closed","sticky":false,"template":"","format":"standard","meta":{"_acf_changed":false,"_jetpack_newsletter_access":"","_jetpack_dont_email_post_to_subs":false,"_jetpack_newsletter_tier_id":0,"_jetpack_memberships_contains_paywalled_content":false,"_jetpack_memberships_contains_paid_content":false,"footnotes":""},"categories":[43,19,3384],"tags":[2911,2912,2775],"class_list":["post-29320","post","type-post","status-publish","format-standard","has-post-thumbnail","hentry","category-asufin-destacado","category-asufin-en-los-medios","category-tv","tag-la-sexta","tag-mamen-mendizabal","tag-mas-vale-tarde"],"acf":[],"jetpack_featured_media_url":"https:\/\/i0.wp.com\/staging.asufin.com\/staging\/wp-content\/uploads\/2017\/05\/170519_ASUFIN_MVT_-2.jpg?fit=978%2C653&ssl=1","jetpack_shortlink":"https:\/\/wp.me\/peayLa-7CU","jetpack_likes_enabled":false,"jetpack_sharing_enabled":true,"_links":{"self":[{"href":"https:\/\/staging.asufin.com\/staging\/wp-json\/wp\/v2\/posts\/29320","targetHints":{"allow":["GET"]}}],"collection":[{"href":"https:\/\/staging.asufin.com\/staging\/wp-json\/wp\/v2\/posts"}],"about":[{"href":"https:\/\/staging.asufin.com\/staging\/wp-json\/wp\/v2\/types\/post"}],"author":[{"embeddable":true,"href":"https:\/\/staging.asufin.com\/staging\/wp-json\/wp\/v2\/users\/2"}],"replies":[{"embeddable":true,"href":"https:\/\/staging.asufin.com\/staging\/wp-json\/wp\/v2\/comments?post=29320"}],"version-history":[{"count":0,"href":"https:\/\/staging.asufin.com\/staging\/wp-json\/wp\/v2\/posts\/29320\/revisions"}],"wp:featuredmedia":[{"embeddable":true,"href":"https:\/\/staging.asufin.com\/staging\/wp-json\/wp\/v2\/media\/29330"}],"wp:attachment":[{"href":"https:\/\/staging.asufin.com\/staging\/wp-json\/wp\/v2\/media?parent=29320"}],"wp:term":[{"taxonomy":"category","embeddable":true,"href":"https:\/\/staging.asufin.com\/staging\/wp-json\/wp\/v2\/categories?post=29320"},{"taxonomy":"post_tag","embeddable":true,"href":"https:\/\/staging.asufin.com\/staging\/wp-json\/wp\/v2\/tags?post=29320"}],"curies":[{"name":"wp","href":"https:\/\/api.w.org\/{rel}","templated":true}]}}