{"id":29616,"date":"2017-06-08T10:33:37","date_gmt":"2017-06-08T08:33:37","guid":{"rendered":"https:\/\/asufin.com\/?p=29616"},"modified":"2020-01-07T12:04:45","modified_gmt":"2020-01-07T11:04:45","slug":"asufin-presentara-una-querella-los-administradores-del-banco-popular","status":"publish","type":"post","link":"https:\/\/staging.asufin.com\/staging\/asufin-presentara-una-querella-los-administradores-del-banco-popular\/","title":{"rendered":"ASUFIN presentar\u00e1 una querella contra los administradores del Banco Popular"},"content":{"rendered":"<h5>\u00bbPatricia Su\u00e1rez: \u0093Esta compra es un paso m\u00e1s hacia la concentraci\u00f3n bancaria, lo que supone menor competencia. No es una buena noticia para los consumidores\u0094.<\/h5>\n<h5>\u00bbASUFIN est\u00e1 trabajando ya en la presentaci\u00f3n de una querella contra los administradores del Banco Popular para que se sepa toda la verdad<\/h5>\n<p>Tras semanas de incertidumbre, el Banco Santander se ha convertido en propietario \u00fanico del 100% del Banco Popular por 1\u0080.<\/p>\n<p>Para la Asociaci\u00f3n de Usuarios Financieros no es una buena noticia para los consumidores ya que supone un paso m\u00e1s hacia la concentraci\u00f3n bancaria, una merma en la competencia entre entidades. No hab\u00eda muchas opciones, Patricia Su\u00e1rez, presidenta de ASUFIN y Wonder Woman de los afectados financieros celebra que \u0093el Banco Santander tendr\u00e1 que hacer frente a las reclamaciones de las cl\u00e1usulas suelo, hipotecas multidivisas y bonos convertibles, entre otros. No como cuando el Banco Sabadell compr\u00f3 la CAM por 1\u0080, que no asumi\u00f3 las cuotas participativas y los afectados siguen peleando para recuperar su dinero\u0094.<\/p>\n<p>En este sentido, la compra del Popular supone una sucesi\u00f3n contractual y procesal. De este modo, tanto quienes ya ten\u00edan un procedimiento en curso como quienes est\u00e9n pendientes de presentar una reclamaci\u00f3n por sus cl\u00e1usulas abusivas siguen manteniendo sus derechos, aunque ahora contra el Banco Santander. Por ello, la asociaci\u00f3n espera que los afectados reciban una soluci\u00f3n definitiva por parte del mayor banco de Espa\u00f1a.<\/p>\n<p>ASUFIN ya est\u00e1 trabajando, con ayuda de abogados expertos y peritos financieros, en la presentaci\u00f3n de una querella contra los administradores del Banco Popular. &#8220;De la misma manera que una querella contra Rato ha sacado a la luz pruebas de la administraci\u00f3n negligente del banco contraria a los intereses de los accionistas, ahora toca investigar si efectivamente los dirigentes del Banco Popular actuaron con transparencia y diligencia, solo as\u00ed se sabr\u00e1 la verdad y podremos ayudar a los afectados a recuperar su dinero\u0094, sentencia Su\u00e1rez.<\/p>\n<p>Las entidades cumplen formalmente sus programas de responsabilidad social corporativa y, pero a la hora de ponerlas en marcha, se quedan muy lejos de hacerlas realidad. Para la presidenta de ASUFIN, \u0093la actitud de Patricia Bot\u00edn anunciando que no asumir\u00e1 las reclamaciones de los accionistas no es distinta de la de su padre, el cambio de cultura bancaria no llega\u0094.<\/p>\n<p>[divider]OTROS METROS[\/divider]<\/p>\n<p><a href=\"http:\/\/economia.elpais.com\/economia\/2017\/06\/07\/mis_derechos\/1496847902_459084.html\" target=\"_blank\" rel=\"noopener noreferrer\">El Pa\u00eds<\/a><\/p>\n<p><a href=\"http:\/\/www.cuatro.com\/noticias\/economia\/Asufin-presentara-querella-administradores-Popular_0_2383500905.html\" target=\"_blank\" rel=\"noopener noreferrer\">Cuatro<\/a><\/p>\n<p><a href=\"http:\/\/www.20minutos.es\/noticia\/3058664\/0\/accionistas-popular-avalancha-acciones-legales\/\" target=\"_blank\" rel=\"noopener noreferrer\">20 minutos<\/a><\/p>\n<p><a href=\"http:\/\/www.eldiario.es\/economia\/bufetes-demandas-Santander-damnificados-Popular_0_651985897.html\" target=\"_blank\" rel=\"noopener noreferrer\">El Diario<\/a><\/p>\n<p><a href=\"http:\/\/www.expansion.com\/agencia\/europa_press\/2017\/06\/07\/20170607193058.html\" target=\"_blank\" rel=\"noopener noreferrer\">Expansi\u00f3n<\/a><\/p>\n<p><a href=\"http:\/\/www.lavanguardia.com\/vida\/20170607\/423251929283\/accionistas-del-popular-preparan-medidas-por-la-perdida-de-sus-inversiones.html\" target=\"_blank\" rel=\"noopener noreferrer\">La Vanguardia<\/a><\/p>\n<p><a href=\"https:\/\/okdiario.com\/economia\/mercados\/2017\/06\/07\/asufin-presentara-querella-contra-gestion-banco-popular-1056019\" target=\"_blank\" rel=\"noopener noreferrer\">OKdiario<\/a><\/p>\n<p><a href=\"http:\/\/www.vozpopuli.com\/economia-y-finanzas\/banca\/multimillonario-chileno-Luksic-demandas-Popular-Santander_0_1033398076.html\" target=\"_blank\" rel=\"noopener noreferrer\">Voz Populi<\/a><\/p>\n<p><a href=\"http:\/\/www.diariovasco.com\/economia\/201706\/08\/accionistas-preparan-para-litigar-20170608000951-v.html\" target=\"_blank\" rel=\"noopener noreferrer\">Diario Vasco<\/a><\/p>\n<p><a href=\"http:\/\/www.europapress.es\/economia\/finanzas-00340\/noticia-asufin-presentara-querella-contra-administradores-popular-20170607193059.html\" target=\"_blank\" rel=\"noopener noreferrer\">Europa Press<\/a><\/p>\n<p><a href=\"http:\/\/www.emporda.info\/economia\/2017\/06\/07\/els-accionistes-popular-preparen-mesures\/357826.html\" target=\"_blank\" rel=\"noopener noreferrer\">Emporda<\/a><\/p>\n<p><a href=\"http:\/\/sabemos.es\/2017\/06\/08\/banco-popular-rescate_34397\/\" target=\"_blank\" rel=\"noopener noreferrer\">Sabemos.es<\/a><\/p>\n<p><a href=\"https:\/\/www.norbolsa.es\/NASApp\/norline\/SesionServlet?PNBORG=C&amp;PNBFMT=html&amp;PNBNOT=9_20170607_193059_88&amp;PNBVEW=2&amp;PNBIDI=es&amp;PNBINS=9573&amp;PNBSTR=OSTSFR00&amp;PNBPOR=pc1a&amp;PNBMEN=3.2.1&amp;PNBOPE=NOTDNO00\" target=\"_blank\" rel=\"noopener noreferrer\">Norbolsa<\/a><\/p>\n<p><a href=\"http:\/\/www.larioja.com\/economia\/201706\/08\/accionistas-preparan-para-litigar-20170608004453-v.html\" target=\"_blank\" rel=\"noopener noreferrer\">Larioja.com<\/a><\/p>\n<p><a href=\"http:\/\/www.diariosur.es\/economia\/201706\/08\/accionistas-preparan-para-litigar-20170608000503-v.html\" target=\"_blank\" rel=\"noopener noreferrer\">Diariosur<\/a><\/p>\n<p><a href=\"http:\/\/diariodepontevedra.galiciae.com\/noticia\/713622\/accionistas-del-popular-preparan-medidas-legales-por-la-perdida-de-sus-inversiones\" target=\"_blank\" rel=\"noopener noreferrer\">Diario de Pontevedra<\/a><\/p>\n<p><a href=\"http:\/\/www.bolsamania.com\/noticias\/empresas\/economiafinanzas--asufin-presentara-una-querella-contra-los-administradores-de-popular--2711096.html\" target=\"_blank\" rel=\"noopener noreferrer\">Bolsaman\u00eda<\/a><\/p>\n<p><a href=\"http:\/\/galiciae.com\/noticia\/713622\/accionistas-del-popular-preparan-medidas-legales-por-la-perdida-de-sus-inversiones\" target=\"_blank\" rel=\"noopener noreferrer\">Galicia\u00e9<\/a><\/p>\n<p><a href=\"http:\/\/www.teinteresa.es\/dinero\/finanzas\/Asufin-presentara-querella-administradores-Popular_0_1810019503.html\" target=\"_blank\" rel=\"noopener noreferrer\">Te Interesa<\/a><\/p>\n<p><a href=\"http:\/\/www.galiciaconfidencial.com\/noticia\/59093-asufin-presentara-querela-administradores-popular\" target=\"_blank\" rel=\"noopener noreferrer\">Galicia Confidencial<\/a><\/p>\n<p><a href=\"http:\/\/www.diariosigloxxi.com\/texto-ep\/mostrar\/20170607193058\/asufin-presentara-querella-contra-administradores-popular?fromHost=\" target=\"_blank\" rel=\"noopener noreferrer\">Diario XXI<\/a><\/p>\n<p><a href=\"http:\/\/www.diaridegirona.cat\/economia\/2017\/06\/07\/els-accionistes-popular-preparen-mesures\/850537.html\" target=\"_blank\" rel=\"noopener noreferrer\">Diario de Girona<\/a><\/p>\n<p><a href=\"http:\/\/www.eldiariomontanes.es\/agencias\/cantabria\/201706\/07\/juzgado-anula-aplicacion-indice-983599.html\" target=\"_blank\" rel=\"noopener noreferrer\">El Diario Monta\u00f1\u00e9s<\/a><\/p>\n<p><a href=\"http:\/\/www.lavozlibre.com\/noticias\/ampliar\/1381499\/1\" target=\"_blank\" rel=\"noopener noreferrer\">La Voz Libre<\/a><\/p>\n<p><a href=\"http:\/\/www.periodistadigital.com\/economia\/bolsa\/2017\/06\/07\/asufin-presentara-una-querella-contra-los-administradores-de-popular.shtml\" target=\"_blank\" rel=\"noopener noreferrer\">Periodista Digital<\/a><\/p>\n<p><a href=\"http:\/\/www.elconfidencial.com\/ultima-hora-en-vivo\/2017-06-07\/accionistas-del-popular-preparan-medidas-por-la-perdida-de-sus-inversiones_1237653\/\" target=\"_blank\" rel=\"noopener noreferrer\">El confidencial<\/a><\/p>\n<p><a href=\"http:\/\/www.galiciaconfidencial.com\/noticia\/59093-asufin-presentara-querela-administradores-popular\" target=\"_blank\" rel=\"noopener noreferrer\">Galicia Confidencial<\/a><\/p>\n<p><a href=\"http:\/\/eldia.es\/agencias\/9262971-Accionistas-Popular-preparan-medidas-perdida-inversioneshttp:\/\/www.elcomercio.es\/agencias\/201706\/07\/accionistas-popular-preparan-medidas-983613.html\" target=\"_blank\" rel=\"noopener noreferrer\">El D\u00eda de Tenerife<\/a><\/p>\n<p><a href=\"http:\/\/www.lainformacion.com\/economia-negocios-y-finanzas\/servicios-financieros-y-comerciales\/servicios-bancarios\/Asufin-presentara-querella-administradores-Popular_0_1033398374.html\" target=\"_blank\" rel=\"noopener noreferrer\">La Informaci\u00f3n<\/a><\/p>\n<p><a href=\"http:\/\/www.eleconomista.es\/banca-finanzas\/noticias\/8414593\/06\/17\/Economia-dice-que-el-Banco-Santander-se-hara-cargo-de-cualquier-litigio-contra-el-Popular.html\" target=\"_blank\" rel=\"noopener noreferrer\">El Economista (1)<\/a><\/p>\n<p><a href=\"http:\/\/www.eleconomista.es\/economia\/noticias\/8414177\/06\/17\/Economia-Finanzas-Asufin-presentara-una-querella-contra-los-administradores-de-Popular.html\" target=\"_blank\" rel=\"noopener noreferrer\">El Economista (2)<\/a><\/p>\n<p><a href=\"http:\/\/www.finanzas.com\/noticias\/mercados\/bolsas\/20170607\/asufin-presenta-primera-demanda-3634347.html\" target=\"_blank\" rel=\"noopener noreferrer\">Finanzas (1)<\/a><\/p>\n<p><a href=\"http:\/\/www.finanzas.com\/noticias\/mercados\/bolsas\/20170607\/accionistas-popular-preparan-medidas-3634708.html\" target=\"_blank\" rel=\"noopener noreferrer\">Finanzas (2)<\/a><\/p>\n<p><a href=\"http:\/\/www.finanzas.com\/noticias\/economia\/20170607\/economia-finanzas-asufin-presentara-3634707.html\" target=\"_blank\" rel=\"noopener noreferrer\">Finanzas (3)<\/a><\/p>\n","protected":false},"excerpt":{"rendered":"<p>\u00bbASUFIN est\u00e1 trabajando ya en la presentaci\u00f3n de una querella contra los administradores del Banco Popular para que se sepa toda la verdad<\/p>\n","protected":false},"author":2,"featured_media":29618,"comment_status":"open","ping_status":"closed","sticky":false,"template":"","format":"standard","meta":{"_acf_changed":false,"_jetpack_newsletter_access":"","_jetpack_dont_email_post_to_subs":false,"_jetpack_newsletter_tier_id":0,"_jetpack_memberships_contains_paywalled_content":false,"_jetpack_memberships_contains_paid_content":false,"footnotes":""},"categories":[103,43,146,100,44],"tags":[1891,33],"class_list":["post-29616","post","type-post","status-publish","format-standard","has-post-thumbnail","hentry","category-asufin-comunicados","category-asufin-destacado","category-bpopular","category-bsantander","category-wonder-woman","tag-frob","tag-patricia-suarez"],"acf":[],"jetpack_featured_media_url":"https:\/\/i0.wp.com\/staging.asufin.com\/staging\/wp-content\/uploads\/2017\/06\/BPOPULAR_EURO-2.png?fit=650%2C433&ssl=1","jetpack_shortlink":"https:\/\/wp.me\/peayLa-7HG","jetpack_likes_enabled":false,"jetpack_sharing_enabled":true,"_links":{"self":[{"href":"https:\/\/staging.asufin.com\/staging\/wp-json\/wp\/v2\/posts\/29616","targetHints":{"allow":["GET"]}}],"collection":[{"href":"https:\/\/staging.asufin.com\/staging\/wp-json\/wp\/v2\/posts"}],"about":[{"href":"https:\/\/staging.asufin.com\/staging\/wp-json\/wp\/v2\/types\/post"}],"author":[{"embeddable":true,"href":"https:\/\/staging.asufin.com\/staging\/wp-json\/wp\/v2\/users\/2"}],"replies":[{"embeddable":true,"href":"https:\/\/staging.asufin.com\/staging\/wp-json\/wp\/v2\/comments?post=29616"}],"version-history":[{"count":0,"href":"https:\/\/staging.asufin.com\/staging\/wp-json\/wp\/v2\/posts\/29616\/revisions"}],"wp:featuredmedia":[{"embeddable":true,"href":"https:\/\/staging.asufin.com\/staging\/wp-json\/wp\/v2\/media\/29618"}],"wp:attachment":[{"href":"https:\/\/staging.asufin.com\/staging\/wp-json\/wp\/v2\/media?parent=29616"}],"wp:term":[{"taxonomy":"category","embeddable":true,"href":"https:\/\/staging.asufin.com\/staging\/wp-json\/wp\/v2\/categories?post=29616"},{"taxonomy":"post_tag","embeddable":true,"href":"https:\/\/staging.asufin.com\/staging\/wp-json\/wp\/v2\/tags?post=29616"}],"curies":[{"name":"wp","href":"https:\/\/api.w.org\/{rel}","templated":true}]}}