{"id":29945,"date":"2017-07-14T18:00:01","date_gmt":"2017-07-14T16:00:01","guid":{"rendered":"https:\/\/asufin.com\/?p=29945"},"modified":"2019-12-21T13:21:28","modified_gmt":"2019-12-21T12:21:28","slug":"asufin-la-compensacion-del-santander-espejo-publico-17-7-17","status":"publish","type":"post","link":"https:\/\/staging.asufin.com\/staging\/asufin-la-compensacion-del-santander-espejo-publico-17-7-17\/","title":{"rendered":"ASUFIN sobre la compensaci\u00f3n del Santander &#8211; Espejo P\u00fablico &#8211; 17.7.17"},"content":{"rendered":"<p>Nuestra presidenta, Patricia Su\u00e1rez, ha intervenido hoy (14.7.17) en el programa Espejo P\u00fablico. El espacio de hoy ha estado dedicado al anuncio del Banco Santander sobre la compensaci\u00f3n que har\u00e1 a los accionistas del Banco Popular que acudieron a la ampliaci\u00f3n de capital de 2016 y lo perdieron todo. En el espacio, Su\u00e1rez, Wonder Woman de los afectados, ayud\u00f3 a Otilia, afectada por las acciones del Banco Popular sobre lo que significa el anuncio del Banco Santander sobre una compensaci\u00f3n y en qu\u00e9 deben fijarse, ella y los miles de afectados, una vez se publique el folleto sobre esta compensaci\u00f3n.<\/p>\n<figure id=\"attachment_37772\" aria-describedby=\"caption-attachment-37772\" style=\"width: 1024px\" class=\"wp-caption alignnone\"><img data-recalc-dims=\"1\" fetchpriority=\"high\" decoding=\"async\" data-attachment-id=\"37772\" data-permalink=\"https:\/\/staging.asufin.com\/staging\/asufin-la-compensacion-del-santander-espejo-publico-17-7-17\/collage_ep_web\/\" data-orig-file=\"https:\/\/i0.wp.com\/staging.asufin.com\/staging\/wp-content\/uploads\/2017\/07\/COLLAGE_EP_WEB.jpg?fit=1037%2C691&amp;ssl=1\" data-orig-size=\"1037,691\" data-comments-opened=\"1\" data-image-meta=\"{&quot;aperture&quot;:&quot;0&quot;,&quot;credit&quot;:&quot;&quot;,&quot;camera&quot;:&quot;&quot;,&quot;caption&quot;:&quot;&quot;,&quot;created_timestamp&quot;:&quot;0&quot;,&quot;copyright&quot;:&quot;&quot;,&quot;focal_length&quot;:&quot;0&quot;,&quot;iso&quot;:&quot;0&quot;,&quot;shutter_speed&quot;:&quot;0&quot;,&quot;title&quot;:&quot;&quot;,&quot;orientation&quot;:&quot;0&quot;}\" data-image-title=\"Wonder Woman en Espejo P\u00fablico\" data-image-description=\"&lt;p&gt;Wonder Woman en Espejo P\u00fablico sobre la querella del Banco Popular&lt;\/p&gt;\n\" data-image-caption=\"\" data-large-file=\"https:\/\/i0.wp.com\/staging.asufin.com\/staging\/wp-content\/uploads\/2017\/07\/COLLAGE_EP_WEB.jpg?fit=800%2C533&amp;ssl=1\" class=\"wp-image-37772 size-large\" src=\"https:\/\/i0.wp.com\/www.asufin.com\/wp-content\/uploads\/2017\/07\/COLLAGE_EP_WEB-1024x682.jpg?resize=800%2C533\" alt=\"Wonder Woman en Espejo P\u00fablico sobre la querella del Banco Popular\" width=\"800\" height=\"533\" title=\"\" srcset=\"https:\/\/i0.wp.com\/staging.asufin.com\/staging\/wp-content\/uploads\/2017\/07\/COLLAGE_EP_WEB.jpg?resize=1024%2C682&amp;ssl=1 1024w, https:\/\/i0.wp.com\/staging.asufin.com\/staging\/wp-content\/uploads\/2017\/07\/COLLAGE_EP_WEB.jpg?resize=300%2C200&amp;ssl=1 300w, https:\/\/i0.wp.com\/staging.asufin.com\/staging\/wp-content\/uploads\/2017\/07\/COLLAGE_EP_WEB.jpg?resize=768%2C512&amp;ssl=1 768w, https:\/\/i0.wp.com\/staging.asufin.com\/staging\/wp-content\/uploads\/2017\/07\/COLLAGE_EP_WEB.jpg?resize=600%2C400&amp;ssl=1 600w, https:\/\/i0.wp.com\/staging.asufin.com\/staging\/wp-content\/uploads\/2017\/07\/COLLAGE_EP_WEB.jpg?resize=360%2C240&amp;ssl=1 360w, https:\/\/i0.wp.com\/staging.asufin.com\/staging\/wp-content\/uploads\/2017\/07\/COLLAGE_EP_WEB.jpg?w=1037&amp;ssl=1 1037w\" sizes=\"(max-width: 800px) 100vw, 800px\" \/><figcaption id=\"caption-attachment-37772\" class=\"wp-caption-text\">Wonder Woman en Espejo P\u00fablico sobre la querella del Banco Popular<\/figcaption><\/figure>\n","protected":false},"excerpt":{"rendered":"<p>Nuestra presidenta, Patricia Su\u00e1rez, ha intervenido hoy (14.7.17) en el programa Espejo P\u00fablico. El espacio de hoy ha estado dedicado al anuncio del Banco Santander sobre la compensaci\u00f3n que har\u00e1 a los accionistas del Banco Popular que acudieron a la ampliaci\u00f3n de capital de 2016 y lo perdieron todo. En el espacio, Su\u00e1rez, Wonder Woman [&hellip;]<\/p>\n","protected":false},"author":2,"featured_media":29950,"comment_status":"open","ping_status":"closed","sticky":false,"template":"","format":"standard","meta":{"_acf_changed":false,"_jetpack_newsletter_access":"","_jetpack_dont_email_post_to_subs":false,"_jetpack_newsletter_tier_id":0,"_jetpack_memberships_contains_paywalled_content":false,"_jetpack_memberships_contains_paid_content":false,"footnotes":""},"categories":[43,19,3384,44],"tags":[2772,420,898,2786],"class_list":["post-29945","post","type-post","status-publish","format-standard","has-post-thumbnail","hentry","category-asufin-destacado","category-asufin-en-los-medios","category-tv","category-wonder-woman","tag-albert-castillon","tag-banco-santander","tag-espejo-publico","tag-sandra-golpe"],"acf":[],"jetpack_featured_media_url":"https:\/\/i0.wp.com\/staging.asufin.com\/staging\/wp-content\/uploads\/2017\/07\/170714_WW_ESPEJO_PUBLICO_BSANTANDER_BPOPULAR_FRONT-2.jpg?fit=978%2C653&ssl=1","jetpack_shortlink":"https:\/\/wp.me\/peayLa-7MZ","jetpack_likes_enabled":false,"jetpack_sharing_enabled":true,"_links":{"self":[{"href":"https:\/\/staging.asufin.com\/staging\/wp-json\/wp\/v2\/posts\/29945","targetHints":{"allow":["GET"]}}],"collection":[{"href":"https:\/\/staging.asufin.com\/staging\/wp-json\/wp\/v2\/posts"}],"about":[{"href":"https:\/\/staging.asufin.com\/staging\/wp-json\/wp\/v2\/types\/post"}],"author":[{"embeddable":true,"href":"https:\/\/staging.asufin.com\/staging\/wp-json\/wp\/v2\/users\/2"}],"replies":[{"embeddable":true,"href":"https:\/\/staging.asufin.com\/staging\/wp-json\/wp\/v2\/comments?post=29945"}],"version-history":[{"count":0,"href":"https:\/\/staging.asufin.com\/staging\/wp-json\/wp\/v2\/posts\/29945\/revisions"}],"wp:featuredmedia":[{"embeddable":true,"href":"https:\/\/staging.asufin.com\/staging\/wp-json\/wp\/v2\/media\/29950"}],"wp:attachment":[{"href":"https:\/\/staging.asufin.com\/staging\/wp-json\/wp\/v2\/media?parent=29945"}],"wp:term":[{"taxonomy":"category","embeddable":true,"href":"https:\/\/staging.asufin.com\/staging\/wp-json\/wp\/v2\/categories?post=29945"},{"taxonomy":"post_tag","embeddable":true,"href":"https:\/\/staging.asufin.com\/staging\/wp-json\/wp\/v2\/tags?post=29945"}],"curies":[{"name":"wp","href":"https:\/\/api.w.org\/{rel}","templated":true}]}}