{"id":30263,"date":"2017-09-06T20:00:43","date_gmt":"2017-09-06T18:00:43","guid":{"rendered":"https:\/\/asufin.com\/?p=30263"},"modified":"2020-01-07T11:58:12","modified_gmt":"2020-01-07T10:58:12","slug":"consultorio-asufin-barometro-admitida-tramite-la-colectiva-irph-bbva","status":"publish","type":"post","link":"https:\/\/staging.asufin.com\/staging\/consultorio-asufin-barometro-admitida-tramite-la-colectiva-irph-bbva\/","title":{"rendered":"Consultorio ASUFIN en el Bar\u00f3metro: Admitida a tr\u00e1mite la colectiva de IRPH contra BBVA"},"content":{"rendered":"<p>Nuestra presidenta, Patricia Su\u00e1rez, ha intervenido hoy (06.09.17) en El Bar\u00f3metro de Albert Castill\u00f3n para hablar sobre la admisi\u00f3n a tr\u00e1mite de la demanda colectiva interpuesta por ASUFIN contra el IRPH de BBVA. Es la primera demanda que se interpone en el Pa\u00eds Vasco y ya cuenta con m\u00e1s de 250 familias. Su\u00e1rez, Wonder Woman de los afectados financieros ha respondido en directo las dudas de los afectados.\u00a0Todos los mi\u00e9rcoles a partir de las 13:15, Patricia Su\u00e1rez resuelve tus dudas en la 95.1 FM<\/p>\n<p>\u00bfTe lo perdiste? Vuelve a escucharlo\u00a0<strong><a href=\"https:\/\/www.ivoox.com\/barometro-06-09-2017-audios-mp3_rf_20744612_1.html\" target=\"_blank\" rel=\"noopener noreferrer\">(a partir del minuto 60:17 aprox.)<\/a><\/strong><\/p>\n","protected":false},"excerpt":{"rendered":"<p>Nuestra presidenta, Patricia Su\u00e1rez, ha intervenido hoy (06.09.17) en El Bar\u00f3metro de Albert Castill\u00f3n para hablar sobre la admisi\u00f3n a tr\u00e1mite de la demanda colectiva interpuesta por ASUFIN contra el IRPH de BBVA. Es la primera demanda que se interpone en el Pa\u00eds Vasco y ya cuenta con m\u00e1s de 250 familias. Su\u00e1rez, Wonder Woman [&hellip;]<\/p>\n","protected":false},"author":2,"featured_media":30264,"comment_status":"open","ping_status":"closed","sticky":false,"template":"","format":"standard","meta":{"_acf_changed":false,"_jetpack_newsletter_access":"","_jetpack_dont_email_post_to_subs":false,"_jetpack_newsletter_tier_id":0,"_jetpack_memberships_contains_paywalled_content":false,"_jetpack_memberships_contains_paid_content":false,"footnotes":""},"categories":[43,19,3385],"tags":[2772,2778,2781],"class_list":["post-30263","post","type-post","status-publish","format-standard","has-post-thumbnail","hentry","category-asufin-destacado","category-asufin-en-los-medios","category-radio","tag-albert-castillon","tag-el-barometro","tag-xavier-horcajo"],"acf":[],"jetpack_featured_media_url":"https:\/\/i0.wp.com\/staging.asufin.com\/staging\/wp-content\/uploads\/2017\/09\/170906_WW_EL_BAROMETRO_ADMISION_TRAMITE_BBVA_IRPH_2-2.jpeg?fit=1024%2C768&ssl=1","jetpack_shortlink":"https:\/\/wp.me\/peayLa-7S7","jetpack_likes_enabled":false,"jetpack_sharing_enabled":true,"_links":{"self":[{"href":"https:\/\/staging.asufin.com\/staging\/wp-json\/wp\/v2\/posts\/30263","targetHints":{"allow":["GET"]}}],"collection":[{"href":"https:\/\/staging.asufin.com\/staging\/wp-json\/wp\/v2\/posts"}],"about":[{"href":"https:\/\/staging.asufin.com\/staging\/wp-json\/wp\/v2\/types\/post"}],"author":[{"embeddable":true,"href":"https:\/\/staging.asufin.com\/staging\/wp-json\/wp\/v2\/users\/2"}],"replies":[{"embeddable":true,"href":"https:\/\/staging.asufin.com\/staging\/wp-json\/wp\/v2\/comments?post=30263"}],"version-history":[{"count":0,"href":"https:\/\/staging.asufin.com\/staging\/wp-json\/wp\/v2\/posts\/30263\/revisions"}],"wp:featuredmedia":[{"embeddable":true,"href":"https:\/\/staging.asufin.com\/staging\/wp-json\/wp\/v2\/media\/30264"}],"wp:attachment":[{"href":"https:\/\/staging.asufin.com\/staging\/wp-json\/wp\/v2\/media?parent=30263"}],"wp:term":[{"taxonomy":"category","embeddable":true,"href":"https:\/\/staging.asufin.com\/staging\/wp-json\/wp\/v2\/categories?post=30263"},{"taxonomy":"post_tag","embeddable":true,"href":"https:\/\/staging.asufin.com\/staging\/wp-json\/wp\/v2\/tags?post=30263"}],"curies":[{"name":"wp","href":"https:\/\/api.w.org\/{rel}","templated":true}]}}