{"id":30375,"date":"2017-09-26T09:24:30","date_gmt":"2017-09-26T07:24:30","guid":{"rendered":"https:\/\/asufin.com\/?p=30375"},"modified":"2020-01-07T11:55:34","modified_gmt":"2020-01-07T10:55:34","slug":"asufin-las-demandas-colectivas-vivir-cadena-24-9-17","status":"publish","type":"post","link":"https:\/\/staging.asufin.com\/staging\/asufin-las-demandas-colectivas-vivir-cadena-24-9-17\/","title":{"rendered":"ASUFIN sobre las demandas colectivas &#8211; A Vivir &#8211; Cadena Ser &#8211; 24.9.17"},"content":{"rendered":"<p>Nuestra presidenta, Patricia Su\u00e1rez, ha estado hoy (24.9.17) en el programa &#8220;A Vivir&#8221; de Cadena Ser presentado por Javier del Pino. Su\u00e1rez, m\u00e1s conocida como Wonder Woman, ha intervenido junto a la activista Simona Levi en el programa para hablar de la fuerza que tienen las demandas colectivas para frenar los abusos bancarios.<\/p>\n<p>No obstante, la dificultad de llevarlas a cabo si no es mediante una asociaci\u00f3n, dificulta que se interpongan. Su\u00e1rez se muestra a favor de que cualquier grupo pueda demandar por esta v\u00eda.<\/p>\n<p>Si te lo perdiste y quieres escucharlo, puedes hacerlo\u00a0<strong><a href=\"http:\/\/play.cadenaser.com\/audio\/001RD010000004730285\/\" target=\"_blank\" rel=\"noopener\">AQU\u00cd (min 9:10 aprox.)<\/a><\/strong><\/p>\n","protected":false},"excerpt":{"rendered":"<p>Nuestra presidenta, Patricia Su\u00e1rez, ha estado hoy (24.9.17) en el programa &#8220;A Vivir&#8221; de Cadena Ser presentado por Javier del Pino. Su\u00e1rez, m\u00e1s conocida como Wonder Woman, ha intervenido junto a la activista Simona Levi en el programa para hablar de la fuerza que tienen las demandas colectivas para frenar los abusos bancarios. No obstante, [&hellip;]<\/p>\n","protected":false},"author":2,"featured_media":30376,"comment_status":"open","ping_status":"closed","sticky":false,"template":"","format":"standard","meta":{"_acf_changed":false,"_jetpack_newsletter_access":"","_jetpack_dont_email_post_to_subs":false,"_jetpack_newsletter_tier_id":0,"_jetpack_memberships_contains_paywalled_content":false,"_jetpack_memberships_contains_paid_content":false,"footnotes":""},"categories":[43,19,3385,44],"tags":[2217,3002,81,2111,3003,3004],"class_list":["post-30375","post","type-post","status-publish","format-standard","has-post-thumbnail","hentry","category-asufin-destacado","category-asufin-en-los-medios","category-radio","category-wonder-woman","tag-15mparato","tag-a-vivir","tag-cadena-ser","tag-demandas-colectivas","tag-javier-del-pino","tag-simona-levi"],"acf":[],"jetpack_featured_media_url":"https:\/\/i0.wp.com\/staging.asufin.com\/staging\/wp-content\/uploads\/2017\/09\/170924_WW_A_VIVIR_CADENA_SER_DEMANDAS_COLECTIVAS-2.jpg?fit=978%2C653&ssl=1","jetpack_shortlink":"https:\/\/wp.me\/peayLa-7TV","jetpack_likes_enabled":false,"jetpack_sharing_enabled":true,"_links":{"self":[{"href":"https:\/\/staging.asufin.com\/staging\/wp-json\/wp\/v2\/posts\/30375","targetHints":{"allow":["GET"]}}],"collection":[{"href":"https:\/\/staging.asufin.com\/staging\/wp-json\/wp\/v2\/posts"}],"about":[{"href":"https:\/\/staging.asufin.com\/staging\/wp-json\/wp\/v2\/types\/post"}],"author":[{"embeddable":true,"href":"https:\/\/staging.asufin.com\/staging\/wp-json\/wp\/v2\/users\/2"}],"replies":[{"embeddable":true,"href":"https:\/\/staging.asufin.com\/staging\/wp-json\/wp\/v2\/comments?post=30375"}],"version-history":[{"count":0,"href":"https:\/\/staging.asufin.com\/staging\/wp-json\/wp\/v2\/posts\/30375\/revisions"}],"wp:featuredmedia":[{"embeddable":true,"href":"https:\/\/staging.asufin.com\/staging\/wp-json\/wp\/v2\/media\/30376"}],"wp:attachment":[{"href":"https:\/\/staging.asufin.com\/staging\/wp-json\/wp\/v2\/media?parent=30375"}],"wp:term":[{"taxonomy":"category","embeddable":true,"href":"https:\/\/staging.asufin.com\/staging\/wp-json\/wp\/v2\/categories?post=30375"},{"taxonomy":"post_tag","embeddable":true,"href":"https:\/\/staging.asufin.com\/staging\/wp-json\/wp\/v2\/tags?post=30375"}],"curies":[{"name":"wp","href":"https:\/\/api.w.org\/{rel}","templated":true}]}}