{"id":30525,"date":"2017-10-27T10:13:46","date_gmt":"2017-10-27T10:13:46","guid":{"rendered":"https:\/\/asufin.com\/?p=30525"},"modified":"2017-10-27T10:14:23","modified_gmt":"2017-10-27T10:14:23","slug":"asufin-participa-en-el-congreso-xxv-aniversario-de-la-union-de-consumidores-de-asturias","status":"publish","type":"post","link":"https:\/\/staging.asufin.com\/staging\/asufin-participa-en-el-congreso-xxv-aniversario-de-la-union-de-consumidores-de-asturias\/","title":{"rendered":"ASUFIN participa en el congreso XXV aniversario de la Uni\u00f3n de Consumidores de Asturias"},"content":{"rendered":"<h5>\u00bbLa presidenta de la Asociaci\u00f3n de Usuarios Financieros expondr\u00e1 la importancia de la labor que realizan las asociaciones de consumidores por un cambio de cultura financiera<\/h5>\n<p>La Uni\u00f3n de Consumidores de Asturias celebra un congreso con motivo de su\u00a0XXV aniversario en la ciudad de Oviedo. La cita tendr\u00e1 lugar el pr\u00f3ximo viernes 27 de octubre en el Auditorio Pr\u00edncipe Felipe.<\/p>\n<p>La apertura del congreso contar\u00e1 con Do\u00f1a Ana Taboada Coma, primera Teniente de Alcalde de Oviedo; Do\u00f1a Patricia Su\u00e1rez, presidenta de ASUFIN; y don Dacio Alonso Gonz\u00e1lez, presidente de la Uni\u00f3n de Consumidores de Asturias.<\/p>\n<p>Ser\u00e1n ponentes Don Jorge Morales Labra, Vicepresidente de la Fundaci\u00f3n de energ\u00edas renovables; Don Andreu Miss\u00e9 i Ferran, periodista y Licenciado en Derecho; y Do\u00f1a Patricia Su\u00e1rez Ram\u00edrez, Presidenta de ASUFIN y patrona de la fundaci\u00f3n Finsalud.<\/p>\n<p>PROGRAMA:<\/p>\n<p><strong>Congreso XXV aniversario de la Uni\u00f3n de Consumidores de Asturias<\/strong><\/p>\n<p>&#8220;De la protecci\u00f3n de los Mercados a la protecci\u00f3n de los Consumidores.&#8221;27 de Octubre de 2.017, <a href=\"http:\/\/www.auditorioprincipefelipe.es\/es\/evento.php\" target=\"_blank\" rel=\"noopener\"><strong>Auditorio Palacio de Congresos Pr\u00edncipe Felipe de Oviedo.<\/strong><\/a><\/p>\n<p><strong>17.00 horas &#8211; Presentaci\u00f3n y apertura del Congreso<\/strong><\/p>\n<p>Do\u00f1a Ana Taboada Coma, primera Teniente de Alcalde Oviedo<br \/>\nD\u00f1a. Patricia Su\u00e1rez Ram\u00edrez, Presidenta de Asufin<br \/>\nD. Dacio Alonso Gonz\u00e1lez, Presidente de Uni\u00f3n de Consumidores<\/p>\n<p><strong>17:15 a 18:15h &#8211; &#8220;La posici\u00f3n del consumidor en el mercado el\u00e9ctrico espa\u00f1ol.&#8221;<\/strong><br \/>\nJorge Morales de Labra, Ingeniero industrial, Vicepresidente de la Fundaci\u00f3n de Energ\u00edas Renovables.<\/p>\n<p style=\"text-align: center;\">-18:15h &#8211; pausa, caf\u00e9 &#8211;<\/p>\n<p><strong>18:30 a 19:30h &#8211; &#8220;Los abusos bancarios la cara oculta de la Crisis financiera&#8221;<\/strong><br \/>\nAndreu Misse i Ferran, Periodista y licenciado en derecho. Ha sido cofundador de El Peri\u00f3dico de Catalunya, trabajado como redactor jefe de econom\u00eda en El Pa\u00eds durante 30 a\u00f1os en Madrid, Barcelona y Bruselas. Actualmente es Director de la Revista Alternativas Econ\u00f3micas. (Autor del libro La gran estafa de las preferentes)<\/p>\n<p><strong>19:30 h. a 20:00h &#8211; \u0093La labor de las asociaciones de consumidores por un cambio de la cultura financiera&#8221;<\/strong><br \/>\nPatricia Su\u00e1rez Ram\u00edrez, Presidenta de la Asociaci\u00f3n de Usuarios Financieros, Asufin, y patrona de la Fundaci\u00f3n Finsalud.<\/p>\n","protected":false},"excerpt":{"rendered":"<p>\u00bbLa presidenta de la Asociaci\u00f3n de Usuarios Financieros expondr\u00e1 la importancia de la labor que realizan las asociaciones de consumidores por un cambio de cultura financiera La Uni\u00f3n de Consumidores de Asturias celebra un congreso con motivo de su\u00a0XXV aniversario en la ciudad de Oviedo. La cita tendr\u00e1 lugar el pr\u00f3ximo viernes 27 de octubre [&hellip;]<\/p>\n","protected":false},"author":2,"featured_media":30529,"comment_status":"open","ping_status":"closed","sticky":false,"template":"page-asufin-noticia.php","format":"standard","meta":{"_acf_changed":false,"_jetpack_newsletter_access":"","_jetpack_dont_email_post_to_subs":false,"_jetpack_newsletter_tier_id":0,"_jetpack_memberships_contains_paywalled_content":false,"_jetpack_memberships_contains_paid_content":false,"footnotes":""},"categories":[17],"tags":[49,50,51,52,53,54,55,56],"class_list":["post-30525","post","type-post","status-publish","format-standard","has-post-thumbnail","hentry","category-sentencias","tag-ana-taboada-coma","tag-andreu-misse-i-ferran","tag-auditorio-palacio-de-congresos-principe-felipe-de-oviedo","tag-dacio-alonso-gonzalez","tag-finsalud","tag-oviedo","tag-patricia-suarez-ramirez","tag-uce-asturias"],"acf":[],"jetpack_featured_media_url":"https:\/\/i0.wp.com\/staging.asufin.com\/staging\/wp-content\/uploads\/2017\/10\/171027_CONGRESO_UCE_ASTURIAS_ASUFIN-2.jpg?fit=978%2C653&ssl=1","jetpack_shortlink":"https:\/\/wp.me\/peayLa-7Wl","jetpack_likes_enabled":false,"jetpack_sharing_enabled":true,"_links":{"self":[{"href":"https:\/\/staging.asufin.com\/staging\/wp-json\/wp\/v2\/posts\/30525","targetHints":{"allow":["GET"]}}],"collection":[{"href":"https:\/\/staging.asufin.com\/staging\/wp-json\/wp\/v2\/posts"}],"about":[{"href":"https:\/\/staging.asufin.com\/staging\/wp-json\/wp\/v2\/types\/post"}],"author":[{"embeddable":true,"href":"https:\/\/staging.asufin.com\/staging\/wp-json\/wp\/v2\/users\/2"}],"replies":[{"embeddable":true,"href":"https:\/\/staging.asufin.com\/staging\/wp-json\/wp\/v2\/comments?post=30525"}],"version-history":[{"count":0,"href":"https:\/\/staging.asufin.com\/staging\/wp-json\/wp\/v2\/posts\/30525\/revisions"}],"wp:featuredmedia":[{"embeddable":true,"href":"https:\/\/staging.asufin.com\/staging\/wp-json\/wp\/v2\/media\/30529"}],"wp:attachment":[{"href":"https:\/\/staging.asufin.com\/staging\/wp-json\/wp\/v2\/media?parent=30525"}],"wp:term":[{"taxonomy":"category","embeddable":true,"href":"https:\/\/staging.asufin.com\/staging\/wp-json\/wp\/v2\/categories?post=30525"},{"taxonomy":"post_tag","embeddable":true,"href":"https:\/\/staging.asufin.com\/staging\/wp-json\/wp\/v2\/tags?post=30525"}],"curies":[{"name":"wp","href":"https:\/\/api.w.org\/{rel}","templated":true}]}}