{"id":34708,"date":"2018-01-15T16:31:13","date_gmt":"2018-01-15T15:31:13","guid":{"rendered":"http:\/\/asufin.com\/?p=34708"},"modified":"2020-05-06T17:10:45","modified_gmt":"2020-05-06T15:10:45","slug":"consultorio-asufin-barometro-asufin-presentara-la-demanda-colectiva-iberpistas-jueves-18-enero","status":"publish","type":"post","link":"https:\/\/staging.asufin.com\/staging\/consultorio-asufin-barometro-asufin-presentara-la-demanda-colectiva-iberpistas-jueves-18-enero\/","title":{"rendered":"Consultorio ASUFIN &#8211; Asufin presenta demanda colectiva contra Iberpistas"},"content":{"rendered":"<p>Patricia Su\u00e1rez, presidenta de ASUFIN, ha contado hoy en <strong>EL BAR\u00d3METRO<\/strong> de Albert Castill\u00f3n que desde ASUFIN se pretende que este mismo jueves 18 de enero de 2018 quede presentada la <strong>demanda colectiva contra la AP6<\/strong>.<\/p>\n<p>Tambi\u00e9n ha recordado que es totalmente <strong>GRATUITA<\/strong>, pues lo que ASUFIN quiere, como siempre, es que se haga justicia.<\/p>\n<p>Los usuarios que quieran apuntarse a la demanda colectiva solo tienen que rellenar este <strong><a href=\"https:\/\/docs.google.com\/forms\/d\/e\/1FAIpQLSczfdRlXistKVoQfVUR6BmnLn4XXy5UNMZH3c_b-IdTPVJZhA\/viewform\" target=\"_blank\" rel=\"noopener\">formulario<\/a>\u00a0<\/strong>o llamar al n\u00famero de tel\u00e9fono de la Asociaci\u00f3n <strong>91. 532 75 83.\u00a0<\/strong><\/p>\n<p>Puedes volver a escuchar a Patricia aqu\u00ed:<\/p>\n\n","protected":false},"excerpt":{"rendered":"<p>Patricia Su\u00e1rez, presidenta de ASUFIN, ha contado hoy en EL BAR\u00d3METRO de Albert Castill\u00f3n que desde ASUFIN se pretende que este mismo jueves 18 de enero de 2018 quede presentada la demanda colectiva contra la AP6. Tambi\u00e9n ha recordado que es totalmente GRATUITA, pues lo que ASUFIN quiere, como siempre, es que se haga justicia. [&hellip;]<\/p>\n","protected":false},"author":2,"featured_media":34748,"comment_status":"open","ping_status":"closed","sticky":false,"template":"","format":"standard","meta":{"_acf_changed":false,"_jetpack_newsletter_access":"","_jetpack_dont_email_post_to_subs":false,"_jetpack_newsletter_tier_id":0,"_jetpack_memberships_contains_paywalled_content":false,"_jetpack_memberships_contains_paid_content":false,"footnotes":""},"categories":[3074,3385],"tags":[2772,3078,3075,3079,97,2778],"class_list":["post-34708","post","type-post","status-publish","format-standard","has-post-thumbnail","hentry","category-autopistas","category-radio","tag-albert-castillon","tag-ap6","tag-autopistas","tag-consultorio","tag-demanda-colectiva","tag-el-barometro"],"acf":[],"jetpack_featured_media_url":"https:\/\/i0.wp.com\/staging.asufin.com\/staging\/wp-content\/uploads\/2018\/01\/asufin_autopistas-e1519051771285.jpg?fit=800%2C450&ssl=1","jetpack_shortlink":"https:\/\/wp.me\/peayLa-91O","jetpack_likes_enabled":false,"jetpack_sharing_enabled":true,"_links":{"self":[{"href":"https:\/\/staging.asufin.com\/staging\/wp-json\/wp\/v2\/posts\/34708","targetHints":{"allow":["GET"]}}],"collection":[{"href":"https:\/\/staging.asufin.com\/staging\/wp-json\/wp\/v2\/posts"}],"about":[{"href":"https:\/\/staging.asufin.com\/staging\/wp-json\/wp\/v2\/types\/post"}],"author":[{"embeddable":true,"href":"https:\/\/staging.asufin.com\/staging\/wp-json\/wp\/v2\/users\/2"}],"replies":[{"embeddable":true,"href":"https:\/\/staging.asufin.com\/staging\/wp-json\/wp\/v2\/comments?post=34708"}],"version-history":[{"count":0,"href":"https:\/\/staging.asufin.com\/staging\/wp-json\/wp\/v2\/posts\/34708\/revisions"}],"wp:featuredmedia":[{"embeddable":true,"href":"https:\/\/staging.asufin.com\/staging\/wp-json\/wp\/v2\/media\/34748"}],"wp:attachment":[{"href":"https:\/\/staging.asufin.com\/staging\/wp-json\/wp\/v2\/media?parent=34708"}],"wp:term":[{"taxonomy":"category","embeddable":true,"href":"https:\/\/staging.asufin.com\/staging\/wp-json\/wp\/v2\/categories?post=34708"},{"taxonomy":"post_tag","embeddable":true,"href":"https:\/\/staging.asufin.com\/staging\/wp-json\/wp\/v2\/tags?post=34708"}],"curies":[{"name":"wp","href":"https:\/\/api.w.org\/{rel}","templated":true}]}}