{"id":34785,"date":"2018-01-19T08:00:06","date_gmt":"2018-01-19T07:00:06","guid":{"rendered":"http:\/\/asufin.com\/?p=34785"},"modified":"2022-07-11T06:54:51","modified_gmt":"2022-07-11T06:54:51","slug":"iberpistas-asufin-solicita-diligencias-preliminares-la-colectiva","status":"publish","type":"post","link":"https:\/\/staging.asufin.com\/staging\/iberpistas-asufin-solicita-diligencias-preliminares-la-colectiva\/","title":{"rendered":"IBERPISTAS: ASUFIN SOLICITA DILIGENCIAS PRELIMINARES PARA LA COLECTIVA"},"content":{"rendered":"<h5>[column size=one_half position=first ]<strong>El <\/strong><strong>Juzgado de Primera Instancia de Segovia ya tiene las diligencias preliminares solicitando estos datos, imprescindibles para la preparaci\u00f3n de la demanda colectiva.<\/strong>[\/column]<\/h5>\n<h5>[column size=one_half position=last ]<strong>Iberpistas ha respondido al requerimiento de ASUFIN neg\u00e1ndose a facilitar la informaci\u00f3n por la debida obligaci\u00f3n de secreto y confidencialidad.<\/strong> [\/column]<\/h5>\n<p><strong>ASUFIN\u00a0<\/strong>sigue\u00a0sigue imparable en su demanda colectiva\u00a0 para reclamar da\u00f1os y perjuicios a Iberpistas (Abertis) por la nefasta gesti\u00f3n de la nevada el d\u00eda de Reyes, que mantuvo atrapados durante horas a cerca de 4.000 veh\u00edculos.<\/p>\n<p>Para iniciar la demanda colectiva contra la concesionaria de la <a href=\"https:\/\/staging.asufin.com\/staging\/reclama\/autopistas\/\">autopista<\/a>, la Ley exige que se notifique a todos los afectados. Por ello,\u00a0 ASUFIN requiri\u00f3 a Iberpistas los registros de peaje y matr\u00edculas, as\u00ed como las grabaciones de entrada y salida de la autopista en todo el tramo Adanero-Villalba correspondiente a los d\u00edas 6 y 7 de enero de 2018.<\/p>\n<p>El d\u00eda 12 de enero se envi\u00f3 el requerimiento por burofax a la concesionaria que, sin embargo, ha respondido que \u201cdada la afectaci\u00f3n a derechos fundamentales de terceros, en particular a datos de car\u00e1cter personal, y la debida obligaci\u00f3n de secreto y confidencialidad, no podemos facilitarle la informaci\u00f3n solicitada\u201d.<\/p>\n<p>As\u00ed las cosas,<strong> ASUFIN<\/strong> ha solicitado al Juzgado de Primera Instancia de Segovia la pr\u00e1ctica de diligencias previas para que Iberpistas facilite dicha informaci\u00f3n, as\u00ed como la copia del Plan Operativo de Viabilidad Invernal aprobado para este invierno 2017-2018.<\/p>\n<blockquote><p>Si Fomento multa a Iberpistas por mala gesti\u00f3n, los afectados tienen m\u00e1s f\u00e1cil la indemnizaci\u00f3n<\/p><\/blockquote>\n<p>Patricia Su\u00e1rez, Presidenta de <strong>ASUFIN,<\/strong> ha valorado muy positivamente las informaciones que aseguran que el Ministerio de Fomento tiene muy avanzado el informe t\u00e9cnico sancionar a la concesionaria<em>: \u201cSe habla de que el colapso fue por negligencia, y esto es muy importante para nuestra demanda. Si se multa a Iberpistas se descarta \u201cla fuerza mayor\u201d y se deja claro que pudieron hacer mucho m\u00e1s para evitar esas horas de sufrimiento a miles de consumidores<\/em>\u201d.<\/p>\n<p>Su\u00e1rez, presidenta de <strong>ASUFIN, <\/strong>considera fundamental que se reclamen los da\u00f1os producidos por una deficiente gesti\u00f3n: \u201c<em>Los espa\u00f1oles tenemos que pasar de quejarnos en el bar a defender nuestros derechos. Mi consejo es que todos los afectados se<\/em> <em>unan a la demanda colectiva porque, al tratarse de poco dinero, una individual no es aconsejable y las demandas acumuladas que est\u00e1n promoviendo muchos despachos de abogados, suelen tener muchos problemas procesales<\/em>\u201d.<\/p>\n<blockquote><p>En los otros colapsos por mal tiempo s\u00f3lo se indemniz\u00f3 a los que reclamaron por demandas colectivas, no por acumuladas.<\/p><\/blockquote>\n<p>Las demandas colectivas s\u00f3lo pueden presentarlas asociaciones de consumidores inscritas en el REACU. La Asociaci\u00f3n de Usuarios Financieros, <strong>ASUFIN<\/strong>, cree que la concesionaria habr\u00eda incumplido sus obligaciones establecidas en el art. 27 de la Ley 8\/1972, de 10 de mayo, de construcci\u00f3n, conservaci\u00f3n y explotaci\u00f3n de autopistas en r\u00e9gimen de concesi\u00f3n.<\/p>\n<p>Recordemos que los dos \u00faltimos colapsos en autopistas de peaje ocurrieron en la AP1 (febrero de\u00a0 2004) y en la AP66 (diciembre de 2008),\u00a0 y en ambos los tribunales dieron la raz\u00f3n a los consumidores, aunque Fomento exculp\u00f3 a las autopistas al declarar que los hechos se produjeron por \u201cfuerza mayor\u201d. En ambos casos se trat\u00f3 de demandas colectivas.<\/p>\n<hr \/>\n<p><strong>Direcci\u00f3n Letrada: Almudena Vel\u00e1zquez Cobos\/<\/strong><br \/>\n<strong>Jos\u00e9 Antonio Ballesteros Garrido<\/strong><\/p>\n","protected":false},"excerpt":{"rendered":"<p>Sigue la demanda colectiva de los afectados del temporal en la AP6<\/p>\n","protected":false},"author":2,"featured_media":34748,"comment_status":"open","ping_status":"closed","sticky":false,"template":"","format":"standard","meta":{"_acf_changed":false,"_jetpack_newsletter_access":"","_jetpack_dont_email_post_to_subs":false,"_jetpack_newsletter_tier_id":0,"_jetpack_memberships_contains_paywalled_content":false,"_jetpack_memberships_contains_paid_content":false,"footnotes":""},"categories":[3008,43,3074,1331],"tags":[2972,3077,366,506],"class_list":["post-34785","post","type-post","status-publish","format-standard","has-post-thumbnail","hentry","category-asufin-demandas","category-asufin-destacado","category-autopistas","category-demandas-colectivas","tag-almudena-velazquez","tag-iberpistas","tag-jose-antonio-ballesteros","tag-segovia"],"acf":[],"jetpack_featured_media_url":"https:\/\/i0.wp.com\/staging.asufin.com\/staging\/wp-content\/uploads\/2018\/01\/asufin_autopistas-e1519051771285.jpg?fit=800%2C450&ssl=1","jetpack_shortlink":"https:\/\/wp.me\/peayLa-933","jetpack_likes_enabled":false,"jetpack_sharing_enabled":true,"_links":{"self":[{"href":"https:\/\/staging.asufin.com\/staging\/wp-json\/wp\/v2\/posts\/34785","targetHints":{"allow":["GET"]}}],"collection":[{"href":"https:\/\/staging.asufin.com\/staging\/wp-json\/wp\/v2\/posts"}],"about":[{"href":"https:\/\/staging.asufin.com\/staging\/wp-json\/wp\/v2\/types\/post"}],"author":[{"embeddable":true,"href":"https:\/\/staging.asufin.com\/staging\/wp-json\/wp\/v2\/users\/2"}],"replies":[{"embeddable":true,"href":"https:\/\/staging.asufin.com\/staging\/wp-json\/wp\/v2\/comments?post=34785"}],"version-history":[{"count":1,"href":"https:\/\/staging.asufin.com\/staging\/wp-json\/wp\/v2\/posts\/34785\/revisions"}],"predecessor-version":[{"id":106877,"href":"https:\/\/staging.asufin.com\/staging\/wp-json\/wp\/v2\/posts\/34785\/revisions\/106877"}],"wp:featuredmedia":[{"embeddable":true,"href":"https:\/\/staging.asufin.com\/staging\/wp-json\/wp\/v2\/media\/34748"}],"wp:attachment":[{"href":"https:\/\/staging.asufin.com\/staging\/wp-json\/wp\/v2\/media?parent=34785"}],"wp:term":[{"taxonomy":"category","embeddable":true,"href":"https:\/\/staging.asufin.com\/staging\/wp-json\/wp\/v2\/categories?post=34785"},{"taxonomy":"post_tag","embeddable":true,"href":"https:\/\/staging.asufin.com\/staging\/wp-json\/wp\/v2\/tags?post=34785"}],"curies":[{"name":"wp","href":"https:\/\/api.w.org\/{rel}","templated":true}]}}