{"id":34790,"date":"2018-01-19T14:37:31","date_gmt":"2018-01-19T13:37:31","guid":{"rendered":"http:\/\/asufin.com\/?p=34790"},"modified":"2019-12-21T12:42:31","modified_gmt":"2019-12-21T11:42:31","slug":"consultorio-asufin-barometro-clausulas-suelo","status":"publish","type":"post","link":"https:\/\/staging.asufin.com\/staging\/consultorio-asufin-barometro-clausulas-suelo\/","title":{"rendered":"Consultorio ASUFIN -19.01.2018- Cl\u00e1usulas suelo"},"content":{"rendered":"<p><strong>Patricia Su\u00e1rez<\/strong>, presidenta de <strong>ASUFIN<\/strong>, ha intervenido hoy d\u00eda 19 de enero de 2018 en <strong>EL BAR\u00d3METRO<\/strong> de <strong>Albert Castill\u00f3n<\/strong> para hablar de las cl\u00e1usulas suelo y ha explicado c\u00f3mo reclamar con ASUFIN.<\/p>\n<p>Si tienes cualquier duda, solo tienes que mandarnos un e-mail a <strong>info@asufin.com<\/strong> o llamar al n\u00famero de tel\u00e9fono de la Asociaci\u00f3n <strong>91. 532 75 83.\u00a0<\/strong><\/p>\n<p>Todos los d\u00edas a partir de las <strong>13:15h,<\/strong> Patricia Su\u00e1rez resuelve tus dudas en la <strong>95.1 FM.<\/strong><\/p>\n<p>Vuelve a escucharlo <strong><a href=\"https:\/\/www.ivoox.com\/barometro-19-01-2018-audios-mp3_rf_23243031_1.html\" target=\"_blank\" rel=\"noopener\">AQU\u00cd\u00a0 (min 101&#8217;00 aproximadamente<\/a>).<\/strong><\/p>\n","protected":false},"excerpt":{"rendered":"<p>Patricia Su\u00e1rez, presidenta de ASUFIN, ha intervenido hoy d\u00eda 19 de enero de 2018 en EL BAR\u00d3METRO de Albert Castill\u00f3n para hablar de las cl\u00e1usulas suelo y ha explicado c\u00f3mo reclamar con ASUFIN. Si tienes cualquier duda, solo tienes que mandarnos un e-mail a info@asufin.com o llamar al n\u00famero de tel\u00e9fono de la Asociaci\u00f3n 91. [&hellip;]<\/p>\n","protected":false},"author":2,"featured_media":35598,"comment_status":"open","ping_status":"closed","sticky":false,"template":"","format":"standard","meta":{"_acf_changed":false,"_jetpack_newsletter_access":"","_jetpack_dont_email_post_to_subs":false,"_jetpack_newsletter_tier_id":0,"_jetpack_memberships_contains_paywalled_content":false,"_jetpack_memberships_contains_paid_content":false,"footnotes":""},"categories":[43,19,138],"tags":[2772,333,3080,2814],"class_list":["post-34790","post","type-post","status-publish","format-standard","has-post-thumbnail","hentry","category-asufin-destacado","category-asufin-en-los-medios","category-clausula-suelo","tag-albert-castillon","tag-clausula-suelo","tag-el-consultorio","tag-intereconomia-radio"],"acf":[],"jetpack_featured_media_url":"https:\/\/i0.wp.com\/staging.asufin.com\/staging\/wp-content\/uploads\/2018\/02\/CLAUSULA_SUELO.jpg?fit=1500%2C1000&ssl=1","jetpack_shortlink":"https:\/\/wp.me\/peayLa-938","jetpack_likes_enabled":false,"jetpack_sharing_enabled":true,"_links":{"self":[{"href":"https:\/\/staging.asufin.com\/staging\/wp-json\/wp\/v2\/posts\/34790","targetHints":{"allow":["GET"]}}],"collection":[{"href":"https:\/\/staging.asufin.com\/staging\/wp-json\/wp\/v2\/posts"}],"about":[{"href":"https:\/\/staging.asufin.com\/staging\/wp-json\/wp\/v2\/types\/post"}],"author":[{"embeddable":true,"href":"https:\/\/staging.asufin.com\/staging\/wp-json\/wp\/v2\/users\/2"}],"replies":[{"embeddable":true,"href":"https:\/\/staging.asufin.com\/staging\/wp-json\/wp\/v2\/comments?post=34790"}],"version-history":[{"count":0,"href":"https:\/\/staging.asufin.com\/staging\/wp-json\/wp\/v2\/posts\/34790\/revisions"}],"wp:featuredmedia":[{"embeddable":true,"href":"https:\/\/staging.asufin.com\/staging\/wp-json\/wp\/v2\/media\/35598"}],"wp:attachment":[{"href":"https:\/\/staging.asufin.com\/staging\/wp-json\/wp\/v2\/media?parent=34790"}],"wp:term":[{"taxonomy":"category","embeddable":true,"href":"https:\/\/staging.asufin.com\/staging\/wp-json\/wp\/v2\/categories?post=34790"},{"taxonomy":"post_tag","embeddable":true,"href":"https:\/\/staging.asufin.com\/staging\/wp-json\/wp\/v2\/tags?post=34790"}],"curies":[{"name":"wp","href":"https:\/\/api.w.org\/{rel}","templated":true}]}}