{"id":35448,"date":"2018-02-12T11:15:52","date_gmt":"2018-02-12T10:15:52","guid":{"rendered":"http:\/\/www.asufin.com\/?p=35448"},"modified":"2020-01-07T11:41:15","modified_gmt":"2020-01-07T10:41:15","slug":"entrevista-patricia-suarez-la-television-vasca-euskal-irrati-telebista","status":"publish","type":"post","link":"https:\/\/staging.asufin.com\/staging\/entrevista-patricia-suarez-la-television-vasca-euskal-irrati-telebista\/","title":{"rendered":"ASUFIN sobre comisiones bancarias &#8211; &#8216;Programa de Klaudio&#8217; &#8211; EITB &#8211; 11.02.18"},"content":{"rendered":"<h3>La presidenta de ASUFIN habl\u00f3 alto y claro en el &#8216;Programa de Klaudio&#8217;\u00a0 de la televisi\u00f3n vasca EITB 2 sobre los abusos bancarios a los que se ve afectada la poblaci\u00f3n espa\u00f1ola.<\/h3>\n<p>La <strong>&#8216;Wonder Woman&#8217;<\/strong> de<strong> ASUFIN<\/strong>, Patricia Su\u00e1rez, explic\u00f3 que los bancos tienen derecho a cobrar comisiones pero que deben hacerlo habiendo sido transparentes con su cliente y habiendo explicado de forma clara el por qu\u00e9 del cobro de tal comisi\u00f3n y la cantidad a pagar.<\/p>\n<p>Una de las comisiones indebidas m\u00e1s utilizada es el <strong>cobro de una cantidad por informar al cliente de que su cuenta est\u00e1 en descubierto<\/strong>. Patricia ha explicado que en este caso, solo ser\u00eda legal la comisi\u00f3n por la extracci\u00f3n del dinero que no se tiene por estar en descubierto. A tenor de esto, la presidenta de <strong>ASUFIN<\/strong> ha recordado que ya existen sentencias que fallan as\u00ed y que, por poco que sea el dinero de la comisi\u00f3n, se debe reclamar.<\/p>\n<p><img data-recalc-dims=\"1\" fetchpriority=\"high\" decoding=\"async\" data-attachment-id=\"35450\" data-permalink=\"https:\/\/staging.asufin.com\/staging\/entrevista-patricia-suarez-la-television-vasca-euskal-irrati-telebista\/entrevista_ww_klaudio_\/\" data-orig-file=\"https:\/\/i0.wp.com\/staging.asufin.com\/staging\/wp-content\/uploads\/2018\/02\/ENTREVISTA_WW_KLAUDIO_.jpg?fit=1500%2C1000&amp;ssl=1\" data-orig-size=\"1500,1000\" data-comments-opened=\"1\" data-image-meta=\"{&quot;aperture&quot;:&quot;0&quot;,&quot;credit&quot;:&quot;&quot;,&quot;camera&quot;:&quot;&quot;,&quot;caption&quot;:&quot;&quot;,&quot;created_timestamp&quot;:&quot;0&quot;,&quot;copyright&quot;:&quot;&quot;,&quot;focal_length&quot;:&quot;0&quot;,&quot;iso&quot;:&quot;0&quot;,&quot;shutter_speed&quot;:&quot;0&quot;,&quot;title&quot;:&quot;&quot;,&quot;orientation&quot;:&quot;0&quot;}\" data-image-title=\"Entrevista a Patricia Su\u00e1rez en la televisi\u00f3n vasca\" data-image-description=\"&lt;p&gt;Entrevista a Patricia Su\u00e1rez en la televisi\u00f3n vasca en El programa de Klaudio.&lt;\/p&gt;\n\" data-image-caption=\"\" data-large-file=\"https:\/\/i0.wp.com\/staging.asufin.com\/staging\/wp-content\/uploads\/2018\/02\/ENTREVISTA_WW_KLAUDIO_.jpg?fit=800%2C534&amp;ssl=1\" class=\"aligncenter wp-image-35450\" src=\"https:\/\/i0.wp.com\/www.asufin.com\/wp-content\/uploads\/2018\/02\/ENTREVISTA_WW_KLAUDIO_-300x200.jpg?resize=448%2C299\" alt=\"EITB\" width=\"448\" height=\"299\" title=\"\" srcset=\"https:\/\/i0.wp.com\/staging.asufin.com\/staging\/wp-content\/uploads\/2018\/02\/ENTREVISTA_WW_KLAUDIO_.jpg?resize=300%2C200&amp;ssl=1 300w, https:\/\/i0.wp.com\/staging.asufin.com\/staging\/wp-content\/uploads\/2018\/02\/ENTREVISTA_WW_KLAUDIO_.jpg?resize=768%2C512&amp;ssl=1 768w, https:\/\/i0.wp.com\/staging.asufin.com\/staging\/wp-content\/uploads\/2018\/02\/ENTREVISTA_WW_KLAUDIO_.jpg?resize=1024%2C683&amp;ssl=1 1024w, https:\/\/i0.wp.com\/staging.asufin.com\/staging\/wp-content\/uploads\/2018\/02\/ENTREVISTA_WW_KLAUDIO_.jpg?resize=600%2C400&amp;ssl=1 600w, https:\/\/i0.wp.com\/staging.asufin.com\/staging\/wp-content\/uploads\/2018\/02\/ENTREVISTA_WW_KLAUDIO_.jpg?resize=360%2C240&amp;ssl=1 360w, https:\/\/i0.wp.com\/staging.asufin.com\/staging\/wp-content\/uploads\/2018\/02\/ENTREVISTA_WW_KLAUDIO_.jpg?resize=1320%2C880&amp;ssl=1 1320w, https:\/\/i0.wp.com\/staging.asufin.com\/staging\/wp-content\/uploads\/2018\/02\/ENTREVISTA_WW_KLAUDIO_.jpg?w=1500&amp;ssl=1 1500w\" sizes=\"(max-width: 448px) 100vw, 448px\" \/><\/p>\n<p>Como sabemos que es complicado reclamar en los juzgados por 30 euros de comisi\u00f3n indebida, desde <strong>ASUFIN<\/strong> se preparan acciones colectivas para este tipo de casos, declara Patricia.<\/p>\n<p>En el espacio, Patricia explic\u00f3 tambi\u00e9n las <strong>comisiones por cuenta obligatoria<\/strong>, los seguros comercializados por los bancos -que son siempre m\u00e1s caros que los comercializados por un corredor de seguros-, los<strong> seguros de vida<\/strong> y todas sus trampas o las <strong>comisiones de demora &#8211;<\/strong>que se pueden cobrar pero que no pueden ser tan altas-, y las recientes <strong>comisiones por ingreso por ventanilla.\u00a0<\/strong><\/p>\n<p>Si tienes cualquier duda o crees que te han cobrado comisiones indebidas, solo tienes que mandarnos un e-mail a <strong>info@asufin.com<\/strong> o llamar al n\u00famero de tel\u00e9fono de la Asociaci\u00f3n <strong>91. 532 75 83 | Madrid\u00a0 &#8211;\u00a0 93.676 32 84 | Barcelona.\u00a0<\/strong><\/p>\n<p>&nbsp;<\/p>\n<p>&nbsp;<\/p>\n<p>&nbsp;<\/p>\n<p>&nbsp;<\/p>\n","protected":false},"excerpt":{"rendered":"<p>La presidenta de ASUFIN habl\u00f3 alto y claro en el &#8216;Programa de Klaudio&#8217;\u00a0 de la televisi\u00f3n vasca EITB 2 sobre los abusos bancarios a los que se ve afectada la poblaci\u00f3n espa\u00f1ola. La &#8216;Wonder Woman&#8217; de ASUFIN, Patricia Su\u00e1rez, explic\u00f3 que los bancos tienen derecho a cobrar comisiones pero que deben hacerlo habiendo sido transparentes [&hellip;]<\/p>\n","protected":false},"author":2,"featured_media":35450,"comment_status":"open","ping_status":"closed","sticky":false,"template":"","format":"standard","meta":{"_acf_changed":false,"_jetpack_newsletter_access":"","_jetpack_dont_email_post_to_subs":false,"_jetpack_newsletter_tier_id":0,"_jetpack_memberships_contains_paywalled_content":false,"_jetpack_memberships_contains_paid_content":false,"footnotes":""},"categories":[19,597,3333,3384,44],"tags":[598,67,3091,3085,728,2032],"class_list":["post-35448","post","type-post","status-publish","format-standard","has-post-thumbnail","hentry","category-asufin-en-los-medios","category-comisiones","category-educacion-financiera","category-tv","category-wonder-woman","tag-comisiones-2","tag-eitb","tag-el-programa-de-klaudio","tag-entrevista","tag-pais-vasco","tag-wonder-woman"],"acf":[],"jetpack_featured_media_url":"https:\/\/i0.wp.com\/staging.asufin.com\/staging\/wp-content\/uploads\/2018\/02\/ENTREVISTA_WW_KLAUDIO_.jpg?fit=1500%2C1000&ssl=1","jetpack_shortlink":"https:\/\/wp.me\/peayLa-9dK","jetpack_likes_enabled":false,"jetpack_sharing_enabled":true,"_links":{"self":[{"href":"https:\/\/staging.asufin.com\/staging\/wp-json\/wp\/v2\/posts\/35448","targetHints":{"allow":["GET"]}}],"collection":[{"href":"https:\/\/staging.asufin.com\/staging\/wp-json\/wp\/v2\/posts"}],"about":[{"href":"https:\/\/staging.asufin.com\/staging\/wp-json\/wp\/v2\/types\/post"}],"author":[{"embeddable":true,"href":"https:\/\/staging.asufin.com\/staging\/wp-json\/wp\/v2\/users\/2"}],"replies":[{"embeddable":true,"href":"https:\/\/staging.asufin.com\/staging\/wp-json\/wp\/v2\/comments?post=35448"}],"version-history":[{"count":0,"href":"https:\/\/staging.asufin.com\/staging\/wp-json\/wp\/v2\/posts\/35448\/revisions"}],"wp:featuredmedia":[{"embeddable":true,"href":"https:\/\/staging.asufin.com\/staging\/wp-json\/wp\/v2\/media\/35450"}],"wp:attachment":[{"href":"https:\/\/staging.asufin.com\/staging\/wp-json\/wp\/v2\/media?parent=35448"}],"wp:term":[{"taxonomy":"category","embeddable":true,"href":"https:\/\/staging.asufin.com\/staging\/wp-json\/wp\/v2\/categories?post=35448"},{"taxonomy":"post_tag","embeddable":true,"href":"https:\/\/staging.asufin.com\/staging\/wp-json\/wp\/v2\/tags?post=35448"}],"curies":[{"name":"wp","href":"https:\/\/api.w.org\/{rel}","templated":true}]}}