{"id":35913,"date":"2018-04-16T10:38:14","date_gmt":"2018-04-16T08:38:14","guid":{"rendered":"http:\/\/www.asufin.com\/?p=35913"},"modified":"2021-03-13T20:28:23","modified_gmt":"2021-03-13T19:28:23","slug":"europa-propone-demandas-colectivas-para-proteger-al-consumidor","status":"publish","type":"post","link":"https:\/\/staging.asufin.com\/staging\/europa-propone-demandas-colectivas-para-proteger-al-consumidor\/","title":{"rendered":"Europa propone demandas colectivas para proteger al consumidor"},"content":{"rendered":"<h5>[column size=one_half position=first ] la propuesta de Bruselas busca que los consumidores puedan demandar colectivamente a las empresas que incumplan las normas de protecci\u00f3n y plantea cuantiosas multas [\/column]<\/h5>\n<h5>[column size=one_half position=last ] ASUFIN\u00a0 valora esta medida pero echa de menos que la Comisi\u00f3n no aborde de forma m\u00e1s directa los graves problemas de conducta de las corporaciones bancarias [\/column]<\/h5>\n<p>La Comisi\u00f3n Europea ha presentado una propuesta normativa para facilitar a los consumidores que puedan enfrentarse a las grandes compa\u00f1\u00edas a trav\u00e9s de demandas colectivas. La idea es que los afectados puedan ser compensados cuando vulneren sus derechos. Este \u201cNuevo Pacto para el consumidor\u201d regir\u00e1 en todos los pa\u00edses miembros.<\/p>\n<p>Adem\u00e1s de ofrecer la herramienta de la demanda colectiva a las asociaciones de consumidores, algo que en Espa\u00f1a ya existe, la Comisi\u00f3n Europea plantea imponer multas de hasta el 4% de los ingresos anuales de las compa\u00f1\u00edas cuando sus acciones provocan da\u00f1os generalizados en varios pa\u00edses.<\/p>\n<p>Este movimiento europeo surge para colmar un vac\u00edo legal que est\u00e1 dejando a los afectados por el caso wolkswagen en terreno de nadie en la Uni\u00f3n, mientras en EEUU ya se ha conseguido que se indemnice a los usuarios con 25.000 millones de d\u00f3lares.<\/p>\n<blockquote><p>&#8220;Si queremos proteger al consumidor hay que permitir que puedan demandar colectivamente no s\u00f3lo las asociaciones&#8221;<\/p><\/blockquote>\n<p><strong>Patricia Su\u00e1rez<\/strong>, presidenta de la Asociaci\u00f3n de Usuarios Financieros, <strong>ASUFIN,<\/strong> valora positivamente que la Bruselas tome medidas, pero no est\u00e1 de acuerdo con algunos de los planteamientos: \u201c<em>La Uni\u00f3n Europea se da cuenta de que en Europa no hay un sistema fuerte de demandas colectivas como en Estados Unidos, pero vuelve a quedarse corta. Nosotros somos partidarios de que cualquier plataforma de consumidores pueda ejercer una demanda colectiva contra una empresa que se ha extralimitado. As\u00ed lo dijimos hace unos d\u00edas, cuando apoyamos la proposici\u00f3n de ley presentada por Xnet. Sin embargo, lo que plantea la Comisi\u00f3n es que s\u00f3lo las asociaciones de consumidores podr\u00e1n ejercer este derecho.\u00a0 Hay que ampliar esta normativa a que cualquiera pueda demandar si lo que queremos, de verdad, es proteger al consumidor. Las multas son importantes, pero no hay que dejar fuera del foco lo que realmente importa, que es el consumidor\u201d.<\/em><\/p>\n<p>Este plan cubre todos los grandes\u00a0 mercados de consumo (transporte, energ\u00eda, telecomunicaciones, sanidad, servicios financieros o medioambiente) y posibilita que las asociaciones de diferentes pa\u00edses puedan ejercitar una acci\u00f3n colectiva si el asunto afecta a varios estados miembros. \u201c<em>Si realmente esto permite que se puedan declarar nulas las cl\u00e1usulas abusivas y obtener una compensaci\u00f3n autom\u00e1tica, sin necesidad de tener que volver a litigar contra cada banco, es un avance muy importante\u201d<\/em>, a\u00f1ade Su\u00e1rez.<\/p>\n<p>Esta propuesta est\u00e1 generando mucho debate en el seno de la Comisi\u00f3n y las grandes corporaciones ya est\u00e1n mostrando sus garras. La idea es que la directiva se apruebe antes de que acabe el mandato europeo en mayo de 2019. \u201c<em>Espero que a la hora de pactar todos los detalles no comiencen a limitar acciones debido a la presi\u00f3n, <\/em>comenta Patricia<em>. En ASUFIN apostamos por un cambio en la cultura bancaria, y para ello hace falta ampliar y no reducir. Aqu\u00ed se han producido graves problemas de conducta en las corporaciones bancarias que no se han corregido. Si Bruselas es valiente, ser\u00e1 bueno para todos\u201d.<\/em><\/p>\n","protected":false},"excerpt":{"rendered":"<p>Europa aboga por demandas colectivas de todos los estados miembros<\/p>\n","protected":false},"author":2,"featured_media":35917,"comment_status":"open","ping_status":"closed","sticky":false,"template":"","format":"standard","meta":{"_acf_changed":false,"_jetpack_newsletter_access":"","_jetpack_dont_email_post_to_subs":false,"_jetpack_newsletter_tier_id":0,"_jetpack_memberships_contains_paywalled_content":false,"_jetpack_memberships_contains_paid_content":false,"footnotes":""},"categories":[103,43,1331,1975,3315],"tags":[2554,891,3121],"class_list":["post-35913","post","type-post","status-publish","format-standard","has-post-thumbnail","hentry","category-asufin-comunicados","category-asufin-destacado","category-demandas-colectivas","category-europa","category-xnet","tag-bruselas","tag-comision-europea","tag-propuesta-normativa"],"acf":[],"jetpack_featured_media_url":"https:\/\/i0.wp.com\/staging.asufin.com\/staging\/wp-content\/uploads\/2018\/03\/comision_bruselas-e1537348680230.jpg?fit=1200%2C800&ssl=1","jetpack_shortlink":"https:\/\/wp.me\/peayLa-9lf","jetpack_likes_enabled":false,"jetpack_sharing_enabled":true,"_links":{"self":[{"href":"https:\/\/staging.asufin.com\/staging\/wp-json\/wp\/v2\/posts\/35913","targetHints":{"allow":["GET"]}}],"collection":[{"href":"https:\/\/staging.asufin.com\/staging\/wp-json\/wp\/v2\/posts"}],"about":[{"href":"https:\/\/staging.asufin.com\/staging\/wp-json\/wp\/v2\/types\/post"}],"author":[{"embeddable":true,"href":"https:\/\/staging.asufin.com\/staging\/wp-json\/wp\/v2\/users\/2"}],"replies":[{"embeddable":true,"href":"https:\/\/staging.asufin.com\/staging\/wp-json\/wp\/v2\/comments?post=35913"}],"version-history":[{"count":1,"href":"https:\/\/staging.asufin.com\/staging\/wp-json\/wp\/v2\/posts\/35913\/revisions"}],"predecessor-version":[{"id":61082,"href":"https:\/\/staging.asufin.com\/staging\/wp-json\/wp\/v2\/posts\/35913\/revisions\/61082"}],"wp:featuredmedia":[{"embeddable":true,"href":"https:\/\/staging.asufin.com\/staging\/wp-json\/wp\/v2\/media\/35917"}],"wp:attachment":[{"href":"https:\/\/staging.asufin.com\/staging\/wp-json\/wp\/v2\/media?parent=35913"}],"wp:term":[{"taxonomy":"category","embeddable":true,"href":"https:\/\/staging.asufin.com\/staging\/wp-json\/wp\/v2\/categories?post=35913"},{"taxonomy":"post_tag","embeddable":true,"href":"https:\/\/staging.asufin.com\/staging\/wp-json\/wp\/v2\/tags?post=35913"}],"curies":[{"name":"wp","href":"https:\/\/api.w.org\/{rel}","templated":true}]}}