{"id":36223,"date":"2018-06-11T16:41:05","date_gmt":"2018-06-11T14:41:05","guid":{"rendered":"http:\/\/www.asufin.com\/?p=36223"},"modified":"2019-05-28T10:09:27","modified_gmt":"2019-05-28T08:09:27","slug":"iberpistas-el-juez-falla-que-asufin-obtenga-la-informacion-solicitada","status":"publish","type":"post","link":"https:\/\/staging.asufin.com\/staging\/iberpistas-el-juez-falla-que-asufin-obtenga-la-informacion-solicitada\/","title":{"rendered":"Iberpistas: El juez falla que ASUFIN obtenga la informaci\u00f3n solicitada"},"content":{"rendered":"<h5>[column size=one_half position=first ] El juez desestima la oposici\u00f3n de Iberpistas a las diligencias preliminares, y se\u00f1ala para las mismas el d\u00eda 21 de junio, siguiendo la pauta del primer auto del 12 de febrero pasado. [\/column]<\/h5>\n<h5>[column size=one_half position=last ]Iberpistas se hab\u00eda opuesto a ofrecer la informaci\u00f3n solicitada por ASUFIN sobre matr\u00edculas, v\u00eddeos y copias de registro de los miles de coches atrapados por la nieve la noche de reyes. [\/column]<\/h5>\n<p>En un Auto, con fecha del 6 de junio, el juez del Juzgado de Primera Instancia n\u00famero 3 de Segovia, desestima la oposici\u00f3n de Iberpistas en su negativa a ofrecer la informaci\u00f3n que ASUFIN solicit\u00f3 judicialmente. Volviendo al Auto del 12 de febrero, se\u00f1ala d\u00eda para las diligencias preliminares, necesarias y previas para poder demandar.<\/p>\n<p>El juez estima que se trata de concretar el n\u00famero de personas y veh\u00edculos afectados por los hechos y no en discernir sobre si se trata de tutelas a intereses colectivos o difusos. En el Auto se lee: &#8220;que estas diligencias son proporcionadas para el fin que se pretende, ya que es una asociaci\u00f3n que se alza en defensa de unos intereses merecedores de una futura tutela jurisdiccional&#8221;.<\/p>\n<p><strong>ASUFIN<\/strong> solicit\u00f3 la pr\u00e1ctica de diligencias previas para que Iberpistas facilitase toda la informaci\u00f3n sobre registros de peaje y matr\u00edculas. Del mismo modo, pidi\u00f3 las grabaciones de entrada y salida de la autopista en el tramo especificado, y la copia del Plan Operativo de Viabilidad Invernal aprobado para este invierno 2017-2018.<\/p>\n<p>Recordemos que los d\u00edas 6 y 7 de enero de este a\u00f1o, miles de personas se vieron atrapadas por la nieve en el tramo Adanero-Villalba\u00a0 de la Ap7 por la nefasta gesti\u00f3n de Iberpistas. <strong>ASUFIN,<\/strong> siempre en lucha por los derechos de los consumidores, inici\u00f3 los tr\u00e1mites para demandar a la concesionaria con el fin de depurar responsabilidades.<\/p>\n<p>El juzgado admiti\u00f3 a tr\u00e1mite las diligencias al oponerse Iberpistas\u00a0 por la debida obligaci\u00f3n de secreto y confidencialidad. Ahora el juez\u00a0 se\u00f1ala, como ya se hizo con el auto del 12 de febrero, las diligencias previas para junio, condenando a la concesionaria a costas.<\/p>\n<p>Lo siguiente, una vez obtenida la informaci\u00f3n requerida, ser\u00e1 una demanda colectiva a la que ASUFIN espera que se sumen el mayor n\u00famero de afectados.<\/p>\n<p>Patricia Su\u00e1rez, presidenta de <strong>ASUFIN, <\/strong>considera fundamental que se reclamen los da\u00f1os producidos por una deficiente gesti\u00f3n: \u201c<em>Mi consejo es que todos los afectados se<\/em> <em>unan a la demanda colectiva porque, al tratarse de poco dinero, una individual no es aconsejable y las demandas acumuladas que est\u00e1n promoviendo muchos despachos de abogados, suelen tener muchos problemas procesales<\/em>.<\/p>\n<p>Nuestra enhorabuena a la abogada colaboradora de ASUFIN Almudena Vel\u00e1zquez Cobos por la fant\u00e1stica labor que est\u00e1 realizando en favor de los afectados.<\/p>\n<hr \/>\n<p><strong>Direcci\u00f3n Letrada: Almudena Vel\u00e1zquez Cobos<br \/>\nContrario: Iberpistas<br \/>\nProducto:\u00a0 Demanda colectiva<br \/>\nPerfil: Minorista\u00a0<\/strong><br \/>\n<strong>Pdf: \u00a0<a href=\"https:\/\/asufin.com\/wp-content\/uploads\/2019\/05\/A_180606_IBERPISTAS_JPI03_SEGOVIA_DILIGENCIAS_ASUFIN_SIN.pdf\" target=\"_blank\" rel=\"noopener noreferrer\">A_180606_IBERPISTAS_JPI03_SEGOVIA_DILIGENCIAS_ASUFIN_SIN<\/a><\/strong><\/p>\n<p>&nbsp;<\/p>\n<p>&nbsp;<\/p>\n<p>&nbsp;<\/p>\n","protected":false},"excerpt":{"rendered":"<p>El juzgado de Segovia obliga a Iberpistas a dar la informaci\u00f3n solicitada por ASUFIN<\/p>\n","protected":false},"author":2,"featured_media":34702,"comment_status":"open","ping_status":"closed","sticky":false,"template":"","format":"standard","meta":{"_acf_changed":false,"_jetpack_newsletter_access":"","_jetpack_dont_email_post_to_subs":false,"_jetpack_newsletter_tier_id":0,"_jetpack_memberships_contains_paywalled_content":false,"_jetpack_memberships_contains_paid_content":false,"footnotes":""},"categories":[82,103,3008,3265,43,3074,96,1331],"tags":[2995,3154,3077,3153,506],"class_list":["post-36223","post","type-post","status-publish","format-standard","has-post-thumbnail","hentry","category-asufin-cat","category-asufin-comunicados","category-asufin-demandas","category-asufin-descargas","category-asufin-destacado","category-autopistas","category-autos-resoluciones-judiciales","category-demandas-colectivas","tag-almudena-velazquez-cobos","tag-colapso","tag-iberpistas","tag-nevada-reyes","tag-segovia"],"acf":[],"jetpack_featured_media_url":"https:\/\/i0.wp.com\/staging.asufin.com\/staging\/wp-content\/uploads\/2018\/01\/asufin_autopistas_748x491.jpg?fit=748%2C421&ssl=1","jetpack_shortlink":"https:\/\/wp.me\/peayLa-9qf","jetpack_likes_enabled":false,"jetpack_sharing_enabled":true,"_links":{"self":[{"href":"https:\/\/staging.asufin.com\/staging\/wp-json\/wp\/v2\/posts\/36223","targetHints":{"allow":["GET"]}}],"collection":[{"href":"https:\/\/staging.asufin.com\/staging\/wp-json\/wp\/v2\/posts"}],"about":[{"href":"https:\/\/staging.asufin.com\/staging\/wp-json\/wp\/v2\/types\/post"}],"author":[{"embeddable":true,"href":"https:\/\/staging.asufin.com\/staging\/wp-json\/wp\/v2\/users\/2"}],"replies":[{"embeddable":true,"href":"https:\/\/staging.asufin.com\/staging\/wp-json\/wp\/v2\/comments?post=36223"}],"version-history":[{"count":0,"href":"https:\/\/staging.asufin.com\/staging\/wp-json\/wp\/v2\/posts\/36223\/revisions"}],"wp:featuredmedia":[{"embeddable":true,"href":"https:\/\/staging.asufin.com\/staging\/wp-json\/wp\/v2\/media\/34702"}],"wp:attachment":[{"href":"https:\/\/staging.asufin.com\/staging\/wp-json\/wp\/v2\/media?parent=36223"}],"wp:term":[{"taxonomy":"category","embeddable":true,"href":"https:\/\/staging.asufin.com\/staging\/wp-json\/wp\/v2\/categories?post=36223"},{"taxonomy":"post_tag","embeddable":true,"href":"https:\/\/staging.asufin.com\/staging\/wp-json\/wp\/v2\/tags?post=36223"}],"curies":[{"name":"wp","href":"https:\/\/api.w.org\/{rel}","templated":true}]}}