{"id":36309,"date":"2018-03-20T16:00:32","date_gmt":"2018-03-20T15:00:32","guid":{"rendered":"http:\/\/www.asufin.com\/?p=36309"},"modified":"2019-07-09T14:24:20","modified_gmt":"2019-07-09T12:24:20","slug":"asufin-y-xnet-promueven-las-demandas-colectivas-en-el-congreso","status":"publish","type":"post","link":"https:\/\/staging.asufin.com\/staging\/asufin-y-xnet-promueven-las-demandas-colectivas-en-el-congreso\/","title":{"rendered":"ASUFIN y XNET promueven las demandas colectivas en el Congreso"},"content":{"rendered":"<p class=\"m_-3675910834253197836m_-6581956695701871492m_8922496781342544627gmail-Cuerpo\" align=\"center\"><b><span lang=\"ES-TRAD\">CONVOCATORIA DE RUEDA DE PRENSA<\/span><\/b><\/p>\n<p class=\"m_-3675910834253197836m_-6581956695701871492m_8922496781342544627gmail-Cuerpo\" align=\"center\"><span lang=\"ES-TRAD\">FECHA: MARTES 20 DE MARZO<\/span><\/p>\n<p class=\"m_-3675910834253197836m_-6581956695701871492m_8922496781342544627gmail-Cuerpo\" align=\"center\"><span lang=\"ES-TRAD\">HORA: 11 HORAS<\/span><\/p>\n<p class=\"m_-3675910834253197836m_-6581956695701871492m_8922496781342544627gmail-Cuerpo\" align=\"center\"><span lang=\"ES-TRAD\">LUGAR: CONGRESO DE LOS DIPUTADOS<\/span><\/p>\n<p class=\"m_-3675910834253197836m_-6581956695701871492m_8922496781342544627gmail-Cuerpo\" align=\"center\"><span lang=\"ES-TRAD\">Sala Clara Campoamor<\/span><\/p>\n<p class=\"m_-3675910834253197836m_-6581956695701871492m_8922496781342544627gmail-Cuerpo\" align=\"center\"><b><span lang=\"ES-TRAD\">\u00a0<\/span><\/b><\/p>\n<p class=\"m_-3675910834253197836m_-6581956695701871492m_8922496781342544627gmail-Cuerpo\" align=\"center\"><b><span lang=\"ES-TRAD\">\u00a0<\/span><\/b><\/p>\n<p class=\"m_-3675910834253197836m_-6581956695701871492m_8922496781342544627gmail-Cuerpo\" align=\"center\"><strong><span lang=\"ES-TRAD\">Tramitaci\u00f3n de la Proposici\u00f3n de Ley para la modificaci\u00f3n de la Ley de Enjuiciamiento Civil para facilitar las DEMANDAS COLECTIVAS y acumuladas.<\/span><\/strong><b><\/b><\/p>\n<p class=\"m_-3675910834253197836m_-6581956695701871492m_8922496781342544627gmail-Cuerpo\"><span lang=\"ES-TRAD\">\u00a0<\/span><\/p>\n<p class=\"m_-3675910834253197836m_-6581956695701871492m_8922496781342544627gmail-Cuerpo\"><span lang=\"ES-TRAD\">El pr\u00f3ximo d\u00eda\u00a0<b>martes 20 de marzo a las 11h\u00a0<\/b>en el<b>\u00a0Congreso de los Diputados\u00a0<\/b>en la Sala Clara Campoamor,<\/span><\/p>\n<p class=\"m_-3675910834253197836m_-6581956695701871492m_8922496781342544627gmail-Cuerpo\"><span lang=\"ES-TRAD\">\u00a0<\/span><\/p>\n<p class=\"m_-3675910834253197836m_-6581956695701871492m_8922496781342544627gmail-Cuerpo\"><span class=\"m_-3675910834253197836m_-6581956695701871492m_8922496781342544627gmail-Hyperlink0\"><b><span lang=\"EN-US\">Simona Levi<\/span><\/b><\/span><span class=\"m_-3675910834253197836m_-6581956695701871492m_8922496781342544627gmail-Hyperlink0\"><span lang=\"EN-US\">\u00a0de XNET y\u00a0<b>Patricia Su\u00e1rez<\/b>\u00a0de ASUFIN en representaci\u00f3n de los grupos ciudadanos promotores de la Proposici\u00f3n<\/span><\/span><span lang=\"ES-TRAD\">, acompa\u00f1adas por las diputadas y diputado\u00a0<b>Alexandra Fern\u00e1ndez<\/b>,\u00a0<b>Ester Capella y Enric Bataller<\/b>\u00a0presentar\u00e1n una Proposici\u00f3n de Ley que plantea la modificaci\u00f3n de la Ley de Enjuiciamiento Civil para facilitar las<span class=\"m_-3675910834253197836m_-6581956695701871492m_8922496781342544627gmail-Ninguno\"><b>\u00a0<\/b><\/span><\/span><span class=\"m_-3675910834253197836m_-6581956695701871492m_8922496781342544627gmail-Hyperlink1\"><span lang=\"EN-US\">demandas colectivas y acumuladas y paliar as\u00ed un grave d\u00e9ficit en la legislaci\u00f3n espa\u00f1ola.<\/span><\/span><\/p>\n<p class=\"m_-3675910834253197836m_-6581956695701871492m_8922496781342544627gmail-Cuerpo\"><span class=\"m_-3675910834253197836m_-6581956695701871492m_8922496781342544627gmail-Ninguno\"><span lang=\"ES-TRAD\">\u00a0<\/span><\/span><\/p>\n<p class=\"m_-3675910834253197836m_-6581956695701871492m_8922496781342544627gmail-Cuerpo\"><span lang=\"ES-TRAD\">Junto a la presentaci\u00f3n de esta Proposici\u00f3n,\u00a0<b>Xnet<\/b>\u00a0detallar\u00e1 tambi\u00e9n\u00a0<b>una nueva propuesta metodol\u00f3gica<\/b>\u00a0de colaboraci\u00f3n entre sociedad civil organizada y el Congreso de los Diputados partiendo de un uso in\u00e9dito del Reglamento parlamentario.<\/span><\/p>\n<p><strong><span lang=\"ES-TRAD\">La Proposici\u00f3n de Ley ha sido impulsada por:<\/span><\/strong><\/p>\n<p><strong><span lang=\"ES-TRAD\">Impulsores:\u2028<\/span><\/strong><span lang=\"ES-TRAD\"><br \/>\n<strong>Xnet<\/strong>\u00a0\u2013 Instituto para la cultura democr\u00e1tica en la era digital<br \/>\n<strong>15MpaRato<\/strong>\u00a0\u2013 Impulsores del caso Bankia<br \/>\n<strong>Asufin<\/strong>\u00a0\u2013 Asociaci\u00f3n de Usuarios Financieros \u2013 Patricia Su\u00e1rez Ram\u00edrez (presidenta) en colaboraci\u00f3n con la letrada Nuria Organista Propios<br \/>\n<strong>Abogado Fernando Zunzunegui<\/strong>, profesor de Derecho del Mercado Financiero de la Universidad Carlos III<\/span><\/p>\n<p><strong><span lang=\"ES-TRAD\">Adhesiones:<\/span><\/strong><span lang=\"ES-TRAD\"><br \/>\n<strong>Acci\u00f3n C\u00edvica contra la Corrupci\u00f3n<\/strong><br \/>\n<strong>Asociaci\u00f3n de Usuarios de la Comunicaci\u00f3n<\/strong>\u00a0\u2013 AUC<br \/>\n<strong>Uni\u00f3n de Consumidores de Asturias<\/strong>\u00a0\u2013 UCE<br \/>\n<strong>David Bondia Garcia<\/strong>, profesor titular de Derecho internacional p\u00fablico (UB), Presidente del Instituto de Derechos Humanos de Catalunya<br \/>\n<strong>Ra\u00fal Burillo<\/strong>, Inspector de la Hacienda Tributaria de Espa\u00f1a<br \/>\n<strong>Pau A. Monserrat<\/strong>, economista, Profesor asociado de Econom\u00eda Aplicada en la UIB<br \/>\n<strong>Observatorio de la Deuda en la Globalizaci\u00f3n<\/strong>\u00a0\u00b7 ODG<br \/>\n<strong>Colectivo Ronda<\/strong>, Abogados<br \/>\n<strong>Plataforma de Afectados por la Hipoteca<\/strong>, Barcelona<br \/>\n<strong>Plataforma Pro-Soterramiento de Murcia\u2028<\/strong>, Tribunal Ciudadano de Justicia \u2013TCJ<\/span><\/p>\n<p>&nbsp;<\/p>\n<div class=\"tiled-gallery type-rectangular tiled-gallery-unresized\" data-original-width=\"800\" data-carousel-extra='{&quot;blog_id&quot;:1,&quot;permalink&quot;:&quot;https:\\\/\\\/staging.asufin.com\\\/staging\\\/asufin-y-xnet-promueven-las-demandas-colectivas-en-el-congreso\\\/&quot;,&quot;likes_blog_id&quot;:209385604}' itemscope itemtype=\"http:\/\/schema.org\/ImageGallery\" > <div class=\"gallery-row\" style=\"width: 800px; height: 236px;\" data-original-width=\"800\" data-original-height=\"236\" > <div class=\"gallery-group images-2\" style=\"width: 206px; height: 236px;\" data-original-width=\"206\" data-original-height=\"236\" > <div class=\"tiled-gallery-item tiled-gallery-item-small\" itemprop=\"associatedMedia\" itemscope itemtype=\"http:\/\/schema.org\/ImageObject\"> <a href=\"https:\/\/staging.asufin.com\/staging\/asufin-y-xnet-promueven-las-demandas-colectivas-en-el-congreso\/180320_congreso_demandas_colectivas_5-2\/\" border=\"0\" itemprop=\"url\"> <meta itemprop=\"width\" content=\"202\"> <meta itemprop=\"height\" content=\"114\"> <img loading=\"lazy\" decoding=\"async\" class=\"\" data-attachment-id=\"36314\" data-orig-file=\"https:\/\/staging.asufin.com\/staging\/wp-content\/uploads\/2018\/06\/180320_CONGRESO_DEMANDAS_COLECTIVAS_5-1.jpeg\" data-orig-size=\"1600,900\" data-comments-opened=\"1\" data-image-meta=\"{&quot;aperture&quot;:&quot;0&quot;,&quot;credit&quot;:&quot;&quot;,&quot;camera&quot;:&quot;&quot;,&quot;caption&quot;:&quot;&quot;,&quot;created_timestamp&quot;:&quot;0&quot;,&quot;copyright&quot;:&quot;&quot;,&quot;focal_length&quot;:&quot;0&quot;,&quot;iso&quot;:&quot;0&quot;,&quot;shutter_speed&quot;:&quot;0&quot;,&quot;title&quot;:&quot;&quot;,&quot;orientation&quot;:&quot;0&quot;}\" data-image-title=\"Congreso de los Diputados. Demandas Colectivas. ASUFIN. XNET. Patricia Su\u00e1rez. Simona Levy.\" data-image-description=\"&lt;p&gt;ASUFIN y XNET promueven las demandas colectivas en el Congreso&lt;\/p&gt; \" data-medium-file=\"https:\/\/i0.wp.com\/staging.asufin.com\/staging\/wp-content\/uploads\/2018\/06\/180320_CONGRESO_DEMANDAS_COLECTIVAS_5-1.jpeg?fit=300%2C169&#038;ssl=1\" data-large-file=\"https:\/\/i0.wp.com\/staging.asufin.com\/staging\/wp-content\/uploads\/2018\/06\/180320_CONGRESO_DEMANDAS_COLECTIVAS_5-1.jpeg?fit=800%2C450&#038;ssl=1\" src=\"https:\/\/i0.wp.com\/staging.asufin.com\/staging\/wp-content\/uploads\/2018\/06\/180320_CONGRESO_DEMANDAS_COLECTIVAS_5-1.jpeg?w=202&#038;h=114&#038;ssl=1\" srcset=\"https:\/\/i0.wp.com\/staging.asufin.com\/staging\/wp-content\/uploads\/2018\/06\/180320_CONGRESO_DEMANDAS_COLECTIVAS_5-1.jpeg?w=1600&amp;ssl=1 1600w, https:\/\/i0.wp.com\/staging.asufin.com\/staging\/wp-content\/uploads\/2018\/06\/180320_CONGRESO_DEMANDAS_COLECTIVAS_5-1.jpeg?resize=300%2C169&amp;ssl=1 300w, https:\/\/i0.wp.com\/staging.asufin.com\/staging\/wp-content\/uploads\/2018\/06\/180320_CONGRESO_DEMANDAS_COLECTIVAS_5-1.jpeg?resize=768%2C432&amp;ssl=1 768w, https:\/\/i0.wp.com\/staging.asufin.com\/staging\/wp-content\/uploads\/2018\/06\/180320_CONGRESO_DEMANDAS_COLECTIVAS_5-1.jpeg?resize=1024%2C576&amp;ssl=1 1024w, https:\/\/i0.wp.com\/staging.asufin.com\/staging\/wp-content\/uploads\/2018\/06\/180320_CONGRESO_DEMANDAS_COLECTIVAS_5-1.jpeg?resize=600%2C338&amp;ssl=1 600w, https:\/\/i0.wp.com\/staging.asufin.com\/staging\/wp-content\/uploads\/2018\/06\/180320_CONGRESO_DEMANDAS_COLECTIVAS_5-1.jpeg?resize=1320%2C743&amp;ssl=1 1320w\" width=\"202\" height=\"114\" loading=\"lazy\" data-original-width=\"202\" data-original-height=\"114\" itemprop=\"http:\/\/schema.org\/image\" title=\"Congreso de los Diputados. Demandas Colectivas. ASUFIN. XNET. Patricia Su\u00e1rez. Simona Levy.\" alt=\"ASUFIN y XNET promueven las demandas colectivas en el Congreso\" style=\"width: 202px; height: 114px;\" \/> <\/a> <\/div> <div class=\"tiled-gallery-item tiled-gallery-item-small\" itemprop=\"associatedMedia\" itemscope itemtype=\"http:\/\/schema.org\/ImageObject\"> <a href=\"https:\/\/staging.asufin.com\/staging\/asufin-y-xnet-promueven-las-demandas-colectivas-en-el-congreso\/180320_congreso_demandas_colectivas_4\/\" border=\"0\" itemprop=\"url\"> <meta itemprop=\"width\" content=\"202\"> <meta itemprop=\"height\" content=\"114\"> <img loading=\"lazy\" decoding=\"async\" class=\"\" data-attachment-id=\"36313\" data-orig-file=\"https:\/\/staging.asufin.com\/staging\/wp-content\/uploads\/2018\/06\/180320_CONGRESO_DEMANDAS_COLECTIVAS_4.jpeg\" data-orig-size=\"1600,900\" data-comments-opened=\"1\" data-image-meta=\"{&quot;aperture&quot;:&quot;0&quot;,&quot;credit&quot;:&quot;&quot;,&quot;camera&quot;:&quot;&quot;,&quot;caption&quot;:&quot;&quot;,&quot;created_timestamp&quot;:&quot;0&quot;,&quot;copyright&quot;:&quot;&quot;,&quot;focal_length&quot;:&quot;0&quot;,&quot;iso&quot;:&quot;0&quot;,&quot;shutter_speed&quot;:&quot;0&quot;,&quot;title&quot;:&quot;&quot;,&quot;orientation&quot;:&quot;0&quot;}\" data-image-title=\"Congreso de los Diputados. Demandas Colectivas. ASUFIN. XNET. Patricia Su\u00e1rez. Simona Levy.\" data-image-description=\"&lt;p&gt;Congreso de los Diputados. Demandas Colectivas. ASUFIN. XNET. Patricia Su\u00e1rez. Simona Levy.&lt;\/p&gt; \" data-medium-file=\"https:\/\/i0.wp.com\/staging.asufin.com\/staging\/wp-content\/uploads\/2018\/06\/180320_CONGRESO_DEMANDAS_COLECTIVAS_4.jpeg?fit=300%2C169&#038;ssl=1\" data-large-file=\"https:\/\/i0.wp.com\/staging.asufin.com\/staging\/wp-content\/uploads\/2018\/06\/180320_CONGRESO_DEMANDAS_COLECTIVAS_4.jpeg?fit=800%2C450&#038;ssl=1\" src=\"https:\/\/i0.wp.com\/staging.asufin.com\/staging\/wp-content\/uploads\/2018\/06\/180320_CONGRESO_DEMANDAS_COLECTIVAS_4.jpeg?w=202&#038;h=114&#038;ssl=1\" srcset=\"https:\/\/i0.wp.com\/staging.asufin.com\/staging\/wp-content\/uploads\/2018\/06\/180320_CONGRESO_DEMANDAS_COLECTIVAS_4.jpeg?w=1600&amp;ssl=1 1600w, https:\/\/i0.wp.com\/staging.asufin.com\/staging\/wp-content\/uploads\/2018\/06\/180320_CONGRESO_DEMANDAS_COLECTIVAS_4.jpeg?resize=300%2C169&amp;ssl=1 300w, https:\/\/i0.wp.com\/staging.asufin.com\/staging\/wp-content\/uploads\/2018\/06\/180320_CONGRESO_DEMANDAS_COLECTIVAS_4.jpeg?resize=768%2C432&amp;ssl=1 768w, https:\/\/i0.wp.com\/staging.asufin.com\/staging\/wp-content\/uploads\/2018\/06\/180320_CONGRESO_DEMANDAS_COLECTIVAS_4.jpeg?resize=1024%2C576&amp;ssl=1 1024w, https:\/\/i0.wp.com\/staging.asufin.com\/staging\/wp-content\/uploads\/2018\/06\/180320_CONGRESO_DEMANDAS_COLECTIVAS_4.jpeg?resize=600%2C338&amp;ssl=1 600w, https:\/\/i0.wp.com\/staging.asufin.com\/staging\/wp-content\/uploads\/2018\/06\/180320_CONGRESO_DEMANDAS_COLECTIVAS_4.jpeg?resize=1320%2C743&amp;ssl=1 1320w\" width=\"202\" height=\"114\" loading=\"lazy\" data-original-width=\"202\" data-original-height=\"114\" itemprop=\"http:\/\/schema.org\/image\" title=\"Congreso de los Diputados. Demandas Colectivas. ASUFIN. XNET. Patricia Su\u00e1rez. Simona Levy.\" alt=\"Congreso de los Diputados. Demandas Colectivas. ASUFIN. XNET. Patricia Su\u00e1rez. Simona Levy.\" style=\"width: 202px; height: 114px;\" \/> <\/a> <\/div> <\/div> <!-- close group --> <div class=\"gallery-group images-2\" style=\"width: 178px; height: 236px;\" data-original-width=\"178\" data-original-height=\"236\" > <div class=\"tiled-gallery-item tiled-gallery-item-small\" itemprop=\"associatedMedia\" itemscope itemtype=\"http:\/\/schema.org\/ImageObject\"> <a href=\"https:\/\/staging.asufin.com\/staging\/asufin-y-xnet-promueven-las-demandas-colectivas-en-el-congreso\/180320_congreso_demandas_colectivas_3\/\" border=\"0\" itemprop=\"url\"> <meta itemprop=\"width\" content=\"174\"> <meta itemprop=\"height\" content=\"98\"> <img loading=\"lazy\" decoding=\"async\" class=\"\" data-attachment-id=\"36312\" data-orig-file=\"https:\/\/staging.asufin.com\/staging\/wp-content\/uploads\/2018\/06\/180320_CONGRESO_DEMANDAS_COLECTIVAS_3.jpeg\" data-orig-size=\"1600,900\" data-comments-opened=\"1\" data-image-meta=\"{&quot;aperture&quot;:&quot;0&quot;,&quot;credit&quot;:&quot;&quot;,&quot;camera&quot;:&quot;&quot;,&quot;caption&quot;:&quot;&quot;,&quot;created_timestamp&quot;:&quot;0&quot;,&quot;copyright&quot;:&quot;&quot;,&quot;focal_length&quot;:&quot;0&quot;,&quot;iso&quot;:&quot;0&quot;,&quot;shutter_speed&quot;:&quot;0&quot;,&quot;title&quot;:&quot;&quot;,&quot;orientation&quot;:&quot;0&quot;}\" data-image-title=\"Congreso de los Diputados. Demandas Colectivas. ASUFIN. XNET. Patricia Su\u00e1rez. Simona Levy.\" data-image-description=\"&lt;p&gt;Congreso de los Diputados. Demandas Colectivas. ASUFIN. XNET. Patricia Su\u00e1rez. Simona Levy.&lt;\/p&gt; \" data-medium-file=\"https:\/\/i0.wp.com\/staging.asufin.com\/staging\/wp-content\/uploads\/2018\/06\/180320_CONGRESO_DEMANDAS_COLECTIVAS_3.jpeg?fit=300%2C169&#038;ssl=1\" data-large-file=\"https:\/\/i0.wp.com\/staging.asufin.com\/staging\/wp-content\/uploads\/2018\/06\/180320_CONGRESO_DEMANDAS_COLECTIVAS_3.jpeg?fit=800%2C450&#038;ssl=1\" src=\"https:\/\/i0.wp.com\/staging.asufin.com\/staging\/wp-content\/uploads\/2018\/06\/180320_CONGRESO_DEMANDAS_COLECTIVAS_3.jpeg?w=174&#038;h=98&#038;ssl=1\" srcset=\"https:\/\/i0.wp.com\/staging.asufin.com\/staging\/wp-content\/uploads\/2018\/06\/180320_CONGRESO_DEMANDAS_COLECTIVAS_3.jpeg?w=1600&amp;ssl=1 1600w, https:\/\/i0.wp.com\/staging.asufin.com\/staging\/wp-content\/uploads\/2018\/06\/180320_CONGRESO_DEMANDAS_COLECTIVAS_3.jpeg?resize=300%2C169&amp;ssl=1 300w, https:\/\/i0.wp.com\/staging.asufin.com\/staging\/wp-content\/uploads\/2018\/06\/180320_CONGRESO_DEMANDAS_COLECTIVAS_3.jpeg?resize=768%2C432&amp;ssl=1 768w, https:\/\/i0.wp.com\/staging.asufin.com\/staging\/wp-content\/uploads\/2018\/06\/180320_CONGRESO_DEMANDAS_COLECTIVAS_3.jpeg?resize=1024%2C576&amp;ssl=1 1024w, https:\/\/i0.wp.com\/staging.asufin.com\/staging\/wp-content\/uploads\/2018\/06\/180320_CONGRESO_DEMANDAS_COLECTIVAS_3.jpeg?resize=600%2C338&amp;ssl=1 600w, https:\/\/i0.wp.com\/staging.asufin.com\/staging\/wp-content\/uploads\/2018\/06\/180320_CONGRESO_DEMANDAS_COLECTIVAS_3.jpeg?resize=1320%2C743&amp;ssl=1 1320w\" width=\"174\" height=\"98\" loading=\"lazy\" data-original-width=\"174\" data-original-height=\"98\" itemprop=\"http:\/\/schema.org\/image\" title=\"Congreso de los Diputados. Demandas Colectivas. ASUFIN. XNET. Patricia Su\u00e1rez. Simona Levy.\" alt=\"Congreso de los Diputados. Demandas Colectivas. ASUFIN. XNET. Patricia Su\u00e1rez. Simona Levy.\" style=\"width: 174px; height: 98px;\" \/> <\/a> <\/div> <div class=\"tiled-gallery-item tiled-gallery-item-small\" itemprop=\"associatedMedia\" itemscope itemtype=\"http:\/\/schema.org\/ImageObject\"> <a href=\"https:\/\/staging.asufin.com\/staging\/asufin-y-xnet-promueven-las-demandas-colectivas-en-el-congreso\/180320_congreso_demandas_colectivas_1\/\" border=\"0\" itemprop=\"url\"> <meta itemprop=\"width\" content=\"174\"> <meta itemprop=\"height\" content=\"130\"> <img loading=\"lazy\" decoding=\"async\" class=\"\" data-attachment-id=\"36311\" data-orig-file=\"https:\/\/staging.asufin.com\/staging\/wp-content\/uploads\/2018\/06\/180320_CONGRESO_DEMANDAS_COLECTIVAS_1.jpg\" data-orig-size=\"1280,960\" data-comments-opened=\"1\" data-image-meta=\"{&quot;aperture&quot;:&quot;0&quot;,&quot;credit&quot;:&quot;&quot;,&quot;camera&quot;:&quot;&quot;,&quot;caption&quot;:&quot;&quot;,&quot;created_timestamp&quot;:&quot;0&quot;,&quot;copyright&quot;:&quot;&quot;,&quot;focal_length&quot;:&quot;0&quot;,&quot;iso&quot;:&quot;0&quot;,&quot;shutter_speed&quot;:&quot;0&quot;,&quot;title&quot;:&quot;&quot;,&quot;orientation&quot;:&quot;0&quot;}\" data-image-title=\"Congreso de los Diputados. Demandas Colectivas. ASUFIN. XNET. Patricia Su\u00e1rez. Simona Levy.\" data-image-description=\"&lt;p&gt;Congreso de los Diputados. Demandas Colectivas. ASUFIN. XNET. Patricia Su\u00e1rez. Simona Levy.&lt;\/p&gt; \" data-medium-file=\"https:\/\/i0.wp.com\/staging.asufin.com\/staging\/wp-content\/uploads\/2018\/06\/180320_CONGRESO_DEMANDAS_COLECTIVAS_1.jpg?fit=300%2C225&#038;ssl=1\" data-large-file=\"https:\/\/i0.wp.com\/staging.asufin.com\/staging\/wp-content\/uploads\/2018\/06\/180320_CONGRESO_DEMANDAS_COLECTIVAS_1.jpg?fit=800%2C600&#038;ssl=1\" src=\"https:\/\/i0.wp.com\/staging.asufin.com\/staging\/wp-content\/uploads\/2018\/06\/180320_CONGRESO_DEMANDAS_COLECTIVAS_1.jpg?w=174&#038;h=130&#038;ssl=1\" srcset=\"https:\/\/i0.wp.com\/staging.asufin.com\/staging\/wp-content\/uploads\/2018\/06\/180320_CONGRESO_DEMANDAS_COLECTIVAS_1.jpg?w=1280&amp;ssl=1 1280w, https:\/\/i0.wp.com\/staging.asufin.com\/staging\/wp-content\/uploads\/2018\/06\/180320_CONGRESO_DEMANDAS_COLECTIVAS_1.jpg?resize=300%2C225&amp;ssl=1 300w, https:\/\/i0.wp.com\/staging.asufin.com\/staging\/wp-content\/uploads\/2018\/06\/180320_CONGRESO_DEMANDAS_COLECTIVAS_1.jpg?resize=768%2C576&amp;ssl=1 768w, https:\/\/i0.wp.com\/staging.asufin.com\/staging\/wp-content\/uploads\/2018\/06\/180320_CONGRESO_DEMANDAS_COLECTIVAS_1.jpg?resize=1024%2C768&amp;ssl=1 1024w, https:\/\/i0.wp.com\/staging.asufin.com\/staging\/wp-content\/uploads\/2018\/06\/180320_CONGRESO_DEMANDAS_COLECTIVAS_1.jpg?resize=600%2C450&amp;ssl=1 600w\" width=\"174\" height=\"130\" loading=\"lazy\" data-original-width=\"174\" data-original-height=\"130\" itemprop=\"http:\/\/schema.org\/image\" title=\"Congreso de los Diputados. Demandas Colectivas. ASUFIN. XNET. Patricia Su\u00e1rez. Simona Levy.\" alt=\"Congreso de los Diputados. Demandas Colectivas. ASUFIN. XNET. Patricia Su\u00e1rez. Simona Levy.\" style=\"width: 174px; height: 130px;\" \/> <\/a> <\/div> <\/div> <!-- close group --> <div class=\"gallery-group images-1\" style=\"width: 416px; height: 236px;\" data-original-width=\"416\" data-original-height=\"236\" > <div class=\"tiled-gallery-item tiled-gallery-item-large\" itemprop=\"associatedMedia\" itemscope itemtype=\"http:\/\/schema.org\/ImageObject\"> <a href=\"https:\/\/staging.asufin.com\/staging\/asufin-y-xnet-promueven-las-demandas-colectivas-en-el-congreso\/180320_congreso_demandas_colectivas_5\/\" border=\"0\" itemprop=\"url\"> <meta itemprop=\"width\" content=\"412\"> <meta itemprop=\"height\" content=\"232\"> <img loading=\"lazy\" decoding=\"async\" class=\"\" data-attachment-id=\"36310\" data-orig-file=\"https:\/\/staging.asufin.com\/staging\/wp-content\/uploads\/2018\/06\/180320_CONGRESO_DEMANDAS_COLECTIVAS_5.jpeg\" data-orig-size=\"1600,900\" data-comments-opened=\"1\" data-image-meta=\"{&quot;aperture&quot;:&quot;0&quot;,&quot;credit&quot;:&quot;&quot;,&quot;camera&quot;:&quot;&quot;,&quot;caption&quot;:&quot;&quot;,&quot;created_timestamp&quot;:&quot;0&quot;,&quot;copyright&quot;:&quot;&quot;,&quot;focal_length&quot;:&quot;0&quot;,&quot;iso&quot;:&quot;0&quot;,&quot;shutter_speed&quot;:&quot;0&quot;,&quot;title&quot;:&quot;&quot;,&quot;orientation&quot;:&quot;0&quot;}\" data-image-title=\"Congreso de los Diputados. Demandas Colectivas. ASUFIN. XNET. Patricia Su\u00e1rez. Simona Levy.\" data-image-description=\"&lt;p&gt;Congreso de los Diputados. Demandas Colectivas. ASUFIN. XNET. Patricia Su\u00e1rez. Simona Levy.&lt;\/p&gt; \" data-medium-file=\"https:\/\/i0.wp.com\/staging.asufin.com\/staging\/wp-content\/uploads\/2018\/06\/180320_CONGRESO_DEMANDAS_COLECTIVAS_5.jpeg?fit=300%2C169&#038;ssl=1\" data-large-file=\"https:\/\/i0.wp.com\/staging.asufin.com\/staging\/wp-content\/uploads\/2018\/06\/180320_CONGRESO_DEMANDAS_COLECTIVAS_5.jpeg?fit=800%2C450&#038;ssl=1\" src=\"https:\/\/i0.wp.com\/staging.asufin.com\/staging\/wp-content\/uploads\/2018\/06\/180320_CONGRESO_DEMANDAS_COLECTIVAS_5.jpeg?w=412&#038;h=232&#038;ssl=1\" srcset=\"https:\/\/i0.wp.com\/staging.asufin.com\/staging\/wp-content\/uploads\/2018\/06\/180320_CONGRESO_DEMANDAS_COLECTIVAS_5.jpeg?w=1600&amp;ssl=1 1600w, https:\/\/i0.wp.com\/staging.asufin.com\/staging\/wp-content\/uploads\/2018\/06\/180320_CONGRESO_DEMANDAS_COLECTIVAS_5.jpeg?resize=300%2C169&amp;ssl=1 300w, https:\/\/i0.wp.com\/staging.asufin.com\/staging\/wp-content\/uploads\/2018\/06\/180320_CONGRESO_DEMANDAS_COLECTIVAS_5.jpeg?resize=768%2C432&amp;ssl=1 768w, https:\/\/i0.wp.com\/staging.asufin.com\/staging\/wp-content\/uploads\/2018\/06\/180320_CONGRESO_DEMANDAS_COLECTIVAS_5.jpeg?resize=1024%2C576&amp;ssl=1 1024w, https:\/\/i0.wp.com\/staging.asufin.com\/staging\/wp-content\/uploads\/2018\/06\/180320_CONGRESO_DEMANDAS_COLECTIVAS_5.jpeg?resize=600%2C338&amp;ssl=1 600w, https:\/\/i0.wp.com\/staging.asufin.com\/staging\/wp-content\/uploads\/2018\/06\/180320_CONGRESO_DEMANDAS_COLECTIVAS_5.jpeg?resize=1320%2C743&amp;ssl=1 1320w\" width=\"412\" height=\"232\" loading=\"lazy\" data-original-width=\"412\" data-original-height=\"232\" itemprop=\"http:\/\/schema.org\/image\" title=\"Congreso de los Diputados. Demandas Colectivas. ASUFIN. XNET. Patricia Su\u00e1rez. Simona Levy.\" alt=\"Congreso de los Diputados. Demandas Colectivas. ASUFIN. XNET. Patricia Su\u00e1rez. Simona Levy.\" style=\"width: 412px; height: 232px;\" \/> <\/a> <\/div> <\/div> <!-- close group --> <\/div> <!-- close row --> <\/div>\n","protected":false},"excerpt":{"rendered":"<p>CONVOCATORIA DE RUEDA DE PRENSA FECHA: MARTES 20 DE MARZO HORA: 11 HORAS LUGAR: CONGRESO DE LOS DIPUTADOS Sala Clara Campoamor \u00a0 \u00a0 Tramitaci\u00f3n de la Proposici\u00f3n de Ley para la modificaci\u00f3n de la Ley de Enjuiciamiento Civil para facilitar las DEMANDAS COLECTIVAS y acumuladas. \u00a0 El pr\u00f3ximo d\u00eda\u00a0martes 20 de marzo a las 11h\u00a0en [&hellip;]<\/p>\n","protected":false},"author":2,"featured_media":36310,"comment_status":"open","ping_status":"closed","sticky":false,"template":"","format":"standard","meta":{"_acf_changed":false,"_jetpack_newsletter_access":"","_jetpack_dont_email_post_to_subs":false,"_jetpack_newsletter_tier_id":0,"_jetpack_memberships_contains_paywalled_content":false,"_jetpack_memberships_contains_paid_content":false,"footnotes":""},"categories":[103,3315],"tags":[3170,3169,193],"class_list":["post-36309","post","type-post","status-publish","format-standard","has-post-thumbnail","hentry","category-asufin-comunicados","category-xnet","tag-acumuladas","tag-colectivas","tag-congreso"],"acf":[],"jetpack_featured_media_url":"https:\/\/i0.wp.com\/staging.asufin.com\/staging\/wp-content\/uploads\/2018\/06\/180320_CONGRESO_DEMANDAS_COLECTIVAS_5.jpeg?fit=1600%2C900&ssl=1","jetpack_shortlink":"https:\/\/wp.me\/peayLa-9rD","jetpack_likes_enabled":false,"jetpack_sharing_enabled":true,"_links":{"self":[{"href":"https:\/\/staging.asufin.com\/staging\/wp-json\/wp\/v2\/posts\/36309","targetHints":{"allow":["GET"]}}],"collection":[{"href":"https:\/\/staging.asufin.com\/staging\/wp-json\/wp\/v2\/posts"}],"about":[{"href":"https:\/\/staging.asufin.com\/staging\/wp-json\/wp\/v2\/types\/post"}],"author":[{"embeddable":true,"href":"https:\/\/staging.asufin.com\/staging\/wp-json\/wp\/v2\/users\/2"}],"replies":[{"embeddable":true,"href":"https:\/\/staging.asufin.com\/staging\/wp-json\/wp\/v2\/comments?post=36309"}],"version-history":[{"count":0,"href":"https:\/\/staging.asufin.com\/staging\/wp-json\/wp\/v2\/posts\/36309\/revisions"}],"wp:featuredmedia":[{"embeddable":true,"href":"https:\/\/staging.asufin.com\/staging\/wp-json\/wp\/v2\/media\/36310"}],"wp:attachment":[{"href":"https:\/\/staging.asufin.com\/staging\/wp-json\/wp\/v2\/media?parent=36309"}],"wp:term":[{"taxonomy":"category","embeddable":true,"href":"https:\/\/staging.asufin.com\/staging\/wp-json\/wp\/v2\/categories?post=36309"},{"taxonomy":"post_tag","embeddable":true,"href":"https:\/\/staging.asufin.com\/staging\/wp-json\/wp\/v2\/tags?post=36309"}],"curies":[{"name":"wp","href":"https:\/\/api.w.org\/{rel}","templated":true}]}}