{"id":36455,"date":"2018-07-10T09:06:26","date_gmt":"2018-07-10T07:06:26","guid":{"rendered":"http:\/\/www.asufin.com\/?p=36455"},"modified":"2018-07-10T09:06:26","modified_gmt":"2018-07-10T07:06:26","slug":"la-presidenta-de-asufin-estara-en-zamora-para-asesorar-a-los-afectados-del-popular","status":"publish","type":"post","link":"https:\/\/staging.asufin.com\/staging\/la-presidenta-de-asufin-estara-en-zamora-para-asesorar-a-los-afectados-del-popular\/","title":{"rendered":"La Presidenta de ASUFIN estar\u00e1 en Zamora para asesorar a los afectados del Popular"},"content":{"rendered":"<h5>[column size=one_half position=first ] La presidenta de ASUFIN, Patricia Su\u00e1rez, contin\u00faa con su objetivo de informar a todos los que han sufrido un abuso desde la cercan\u00eda, en encuentros donde reunificar energ\u00edas y estrategias con todos los afectados [\/column]<\/h5>\n<h5>[column size=one_half position=last ]El d\u00eda 13 de julio la presidenta y el abogado de ASUFIN Zamora, Luis Felipe G\u00f3mez Ferrero, despejar\u00e1n todas las dudas de los asistentes que hayan perdido sus ahorros o su dinero en acciones o bonos de Banco Popular.[\/column]<\/h5>\n<p><strong>ASUFIN<\/strong> mantiene viva la necesidad de escuchar a los afectados cara a cara y, con la ayuda de los abogados colaboradores, aportar soluciones a la medida de cada situaci\u00f3n. Esta semana pr\u00f3xima les toca a los castellano-leoneses.<strong>\u00a0<\/strong><\/p>\n<p>Patricia Su\u00e1rez y Luis Felipe G\u00f3mez Ferrero mantendr\u00e1n una charla informativa sobre las distintas v\u00edas y <strong>estrategias de reclamaci\u00f3n de productos bancarios,\u00a0<\/strong>pero centr\u00e1ndose en las acciones y bonos de Banco Popular.<\/p>\n<p>Todos los zamoranos que hayan comprado estos productos a Banco Popular est\u00e1n invitados a plantear dudas y conocer de primera mano c\u00f3mo y de qu\u00e9 modo pueden recuperar su dinero con el m\u00ednimo riesgo.<\/p>\n<p>A las<strong> 12.00 horas<\/strong> en el <strong>Hotel Horus, <\/strong>en la Plaza del Mercado de la ciudad, Patricia y Luis Felipe os esperan.<\/p>\n<p><img data-recalc-dims=\"1\" fetchpriority=\"high\" decoding=\"async\" data-attachment-id=\"36469\" data-permalink=\"https:\/\/staging.asufin.com\/staging\/la-presidenta-de-asufin-estara-en-zamora-para-asesorar-a-los-afectados-del-popular\/charla-zamora\/\" data-orig-file=\"https:\/\/i0.wp.com\/staging.asufin.com\/staging\/wp-content\/uploads\/2018\/06\/CHARLA-ZAMORA.png?fit=2267%2C3072&amp;ssl=1\" data-orig-size=\"2267,3072\" data-comments-opened=\"1\" data-image-meta=\"{&quot;aperture&quot;:&quot;0&quot;,&quot;credit&quot;:&quot;&quot;,&quot;camera&quot;:&quot;&quot;,&quot;caption&quot;:&quot;&quot;,&quot;created_timestamp&quot;:&quot;0&quot;,&quot;copyright&quot;:&quot;&quot;,&quot;focal_length&quot;:&quot;0&quot;,&quot;iso&quot;:&quot;0&quot;,&quot;shutter_speed&quot;:&quot;0&quot;,&quot;title&quot;:&quot;&quot;,&quot;orientation&quot;:&quot;0&quot;}\" data-image-title=\"CHARLA ZAMORA\" data-image-description=\"&lt;p&gt;La Presidenta de ASUFIN estar\u00e1 en Zamora para asesorar a los afectados del Popular.&lt;\/p&gt;\n\" data-image-caption=\"\" data-large-file=\"https:\/\/i0.wp.com\/staging.asufin.com\/staging\/wp-content\/uploads\/2018\/06\/CHARLA-ZAMORA.png?fit=756%2C1024&amp;ssl=1\" class=\"aligncenter wp-image-36469\" title=\"La Presidenta de ASUFIN estar\u00e1 en Zamora para asesorar a los afectados del Popular.\" src=\"https:\/\/i0.wp.com\/www.asufin.com\/wp-content\/uploads\/2018\/06\/CHARLA-ZAMORA-221x300.png?resize=310%2C420\" alt=\"\" width=\"310\" height=\"420\" srcset=\"https:\/\/i0.wp.com\/staging.asufin.com\/staging\/wp-content\/uploads\/2018\/06\/CHARLA-ZAMORA.png?resize=221%2C300&amp;ssl=1 221w, https:\/\/i0.wp.com\/staging.asufin.com\/staging\/wp-content\/uploads\/2018\/06\/CHARLA-ZAMORA.png?resize=768%2C1041&amp;ssl=1 768w, https:\/\/i0.wp.com\/staging.asufin.com\/staging\/wp-content\/uploads\/2018\/06\/CHARLA-ZAMORA.png?resize=756%2C1024&amp;ssl=1 756w, https:\/\/i0.wp.com\/staging.asufin.com\/staging\/wp-content\/uploads\/2018\/06\/CHARLA-ZAMORA.png?resize=600%2C813&amp;ssl=1 600w, https:\/\/i0.wp.com\/staging.asufin.com\/staging\/wp-content\/uploads\/2018\/06\/CHARLA-ZAMORA.png?resize=1320%2C1789&amp;ssl=1 1320w, https:\/\/i0.wp.com\/staging.asufin.com\/staging\/wp-content\/uploads\/2018\/06\/CHARLA-ZAMORA.png?w=1600&amp;ssl=1 1600w\" sizes=\"(max-width: 310px) 100vw, 310px\" \/><\/p>\n<p>\u00a1No clames, reclama! Es el \u00fanico camino para conseguir que el consumidor tenga el sitio que debe tener!<\/p>\n<p>\u00a1\u00a1\u00a1\u00a1\u00a1\u00a1\u00a1Te esperamos!!!!!!<\/p>\n<p>&nbsp;<\/p>\n<p>&nbsp;<\/p>\n<p>&nbsp;<\/p>\n","protected":false},"excerpt":{"rendered":"<p>En Zamora, los afectados del Banco Popular que quieran informarse de como reclamar, tienen una cita con ASUFIN<\/p>\n","protected":false},"author":2,"featured_media":34775,"comment_status":"open","ping_status":"closed","sticky":false,"template":"","format":"standard","meta":{"_acf_changed":false,"_jetpack_newsletter_access":"","_jetpack_dont_email_post_to_subs":false,"_jetpack_newsletter_tier_id":0,"_jetpack_memberships_contains_paywalled_content":false,"_jetpack_memberships_contains_paid_content":false,"footnotes":""},"categories":[1736,82,103,43,146,2077],"tags":[3185,2569,33,699],"class_list":["post-36455","post","type-post","status-publish","format-standard","has-post-thumbnail","hentry","category-nulidad-acciones","category-asufin-cat","category-asufin-comunicados","category-asufin-destacado","category-bpopular","category-bonos-convertibles-popular","tag-afectados-popular","tag-luis-felipe-gomez-ferrero","tag-patricia-suarez","tag-zamora"],"acf":[],"jetpack_featured_media_url":"https:\/\/i0.wp.com\/staging.asufin.com\/staging\/wp-content\/uploads\/2018\/01\/BANCO_POPULAR_GRANATE_WORDPRESS-e1532675591323.jpg?fit=850%2C567&ssl=1","jetpack_shortlink":"https:\/\/wp.me\/peayLa-9tZ","jetpack_likes_enabled":false,"jetpack_sharing_enabled":true,"_links":{"self":[{"href":"https:\/\/staging.asufin.com\/staging\/wp-json\/wp\/v2\/posts\/36455","targetHints":{"allow":["GET"]}}],"collection":[{"href":"https:\/\/staging.asufin.com\/staging\/wp-json\/wp\/v2\/posts"}],"about":[{"href":"https:\/\/staging.asufin.com\/staging\/wp-json\/wp\/v2\/types\/post"}],"author":[{"embeddable":true,"href":"https:\/\/staging.asufin.com\/staging\/wp-json\/wp\/v2\/users\/2"}],"replies":[{"embeddable":true,"href":"https:\/\/staging.asufin.com\/staging\/wp-json\/wp\/v2\/comments?post=36455"}],"version-history":[{"count":0,"href":"https:\/\/staging.asufin.com\/staging\/wp-json\/wp\/v2\/posts\/36455\/revisions"}],"wp:featuredmedia":[{"embeddable":true,"href":"https:\/\/staging.asufin.com\/staging\/wp-json\/wp\/v2\/media\/34775"}],"wp:attachment":[{"href":"https:\/\/staging.asufin.com\/staging\/wp-json\/wp\/v2\/media?parent=36455"}],"wp:term":[{"taxonomy":"category","embeddable":true,"href":"https:\/\/staging.asufin.com\/staging\/wp-json\/wp\/v2\/categories?post=36455"},{"taxonomy":"post_tag","embeddable":true,"href":"https:\/\/staging.asufin.com\/staging\/wp-json\/wp\/v2\/tags?post=36455"}],"curies":[{"name":"wp","href":"https:\/\/api.w.org\/{rel}","templated":true}]}}