{"id":36463,"date":"2018-07-10T09:26:09","date_gmt":"2018-07-10T07:26:09","guid":{"rendered":"http:\/\/www.asufin.com\/?p=36463"},"modified":"2018-09-13T16:03:13","modified_gmt":"2018-09-13T14:03:13","slug":"salamanca-y-valladolid-asufin-con-los-afectados-de-idental","status":"publish","type":"post","link":"https:\/\/staging.asufin.com\/staging\/salamanca-y-valladolid-asufin-con-los-afectados-de-idental\/","title":{"rendered":"Salamanca y Valladolid: ASUFIN con los afectados de iDental"},"content":{"rendered":"<h5>[column size=one_half position=first ]El Jueves 12 de julio, la presidenta de ASUFIN, Patricia Su\u00e1rez, y el abogado colaborador de Asufin-Zamora, Luis Felipe G\u00f3mez Ferrero, estar\u00e1n en Salamanca\u00a0 para asesorar a todos los afectados de IDental.[\/column]<\/h5>\n<h5>[column size=one_half position=last ]El viernes, 13 de julio, a las 18,30 horas, el equipo de ASUFIN estar\u00e1 en Valladolid, en el Hotel Enara, para continuar su labor de informaci\u00f3n y asesoramiento cerca de los que lo necesiten.[\/column]<\/h5>\n<p>La presidenta de ASUFIN, Patricia Su\u00e1rez y el abogado de Asufin-Zamora, Luis Felipe G\u00f3mez Ferrero, estar\u00e1n en Salamanca y Valladolid para informar a todos los afectados de iDental\u00a0 de la accciones a las que pueden acogerse.<\/p>\n<p>Tras el registro en las instalaciones de la cl\u00ednica en Valladolid en la que se han incautado mas de 12.000 historias cl\u00ednicas, estos encuentros lo que buscan es ofrecer a todos los afectados un camino para solucionar su situaci\u00f3n.<\/p>\n<p>Los que han sufrido negligencias m\u00e9dicas o los que financiaron su tratamiento y ahora sufren los reclamos de la financiera, todos tienen la posibilidad de participar en estos encuentros de Valladolid y Salamanca.<\/p>\n<p>\u2665\u00a0 SALAMANCA\u00a0 <strong>Hotel Monterrey<\/strong>\u00a0(c\/ Azafranal, 21), <strong>12 de julio<\/strong> a las <strong>20.00 horas<\/strong><\/p>\n<p>\u2665\u00a0 VALLADOLID\u00a0\u00a0<strong>Hotel Enara\u00a0<\/strong>(Plaza de Espa\u00f1a), <strong>13 de julio<\/strong>, a las\u00a0<strong>18,30 horas<\/strong><\/p>\n<h5><img data-recalc-dims=\"1\" fetchpriority=\"high\" decoding=\"async\" data-attachment-id=\"36477\" data-permalink=\"https:\/\/staging.asufin.com\/staging\/salamanca-y-valladolid-asufin-con-los-afectados-de-idental\/_salamanca_valladolid\/\" data-orig-file=\"https:\/\/i0.wp.com\/staging.asufin.com\/staging\/wp-content\/uploads\/2018\/07\/salamanca_valladolid.jpg?fit=800%2C536&amp;ssl=1\" data-orig-size=\"800,536\" data-comments-opened=\"1\" data-image-meta=\"{&quot;aperture&quot;:&quot;0&quot;,&quot;credit&quot;:&quot;&quot;,&quot;camera&quot;:&quot;&quot;,&quot;caption&quot;:&quot;&quot;,&quot;created_timestamp&quot;:&quot;0&quot;,&quot;copyright&quot;:&quot;&quot;,&quot;focal_length&quot;:&quot;0&quot;,&quot;iso&quot;:&quot;0&quot;,&quot;shutter_speed&quot;:&quot;0&quot;,&quot;title&quot;:&quot;&quot;,&quot;orientation&quot;:&quot;0&quot;}\" data-image-title=\"ASUFIN en Salamanca sobre idental\" data-image-description=\"&lt;p&gt;Salamanca y Valladolid: ASUFIN con los afectados de iDental&lt;\/p&gt;\n\" data-image-caption=\"\" data-large-file=\"https:\/\/i0.wp.com\/staging.asufin.com\/staging\/wp-content\/uploads\/2018\/07\/salamanca_valladolid.jpg?fit=800%2C536&amp;ssl=1\" class=\"aligncenter wp-image-36477\" src=\"https:\/\/i0.wp.com\/www.asufin.com\/wp-content\/uploads\/2018\/07\/salamanca_valladolid-300x201.jpg?resize=450%2C301\" alt=\"\" width=\"450\" height=\"301\" title=\"\" srcset=\"https:\/\/i0.wp.com\/staging.asufin.com\/staging\/wp-content\/uploads\/2018\/07\/salamanca_valladolid.jpg?resize=300%2C201&amp;ssl=1 300w, https:\/\/i0.wp.com\/staging.asufin.com\/staging\/wp-content\/uploads\/2018\/07\/salamanca_valladolid.jpg?resize=768%2C515&amp;ssl=1 768w, https:\/\/i0.wp.com\/staging.asufin.com\/staging\/wp-content\/uploads\/2018\/07\/salamanca_valladolid.jpg?resize=600%2C402&amp;ssl=1 600w, https:\/\/i0.wp.com\/staging.asufin.com\/staging\/wp-content\/uploads\/2018\/07\/salamanca_valladolid.jpg?resize=360%2C240&amp;ssl=1 360w, https:\/\/i0.wp.com\/staging.asufin.com\/staging\/wp-content\/uploads\/2018\/07\/salamanca_valladolid.jpg?w=800&amp;ssl=1 800w\" sizes=\"(max-width: 450px) 100vw, 450px\" \/><\/h5>\n<p>Patricia Su\u00e1rez y Luis Felipe G\u00f3mez Ferrero os esperan en este encuentro para buscar juntos la soluci\u00f3n a este problema y a cualquier abuso que hay\u00e1is sufrido.<\/p>\n<p>\u00a1\u00a1\u00a1\u00a1\u00a1Os esperamos!!!!<\/p>\n<p>&nbsp;<\/p>\n<p>&nbsp;<\/p>\n<p>&nbsp;<\/p>\n<p>&nbsp;<\/p>\n<p>&nbsp;<\/p>\n<p>&nbsp;<\/p>\n<p>&nbsp;<\/p>\n<p>&nbsp;<\/p>\n<p>&nbsp;<\/p>\n<p>&nbsp;<\/p>\n","protected":false},"excerpt":{"rendered":"<p>Los afectados de iDental tienen una cita con ASUFIN en Valladolid y Salamanca esta semana.<\/p>\n","protected":false},"author":2,"featured_media":36325,"comment_status":"open","ping_status":"closed","sticky":false,"template":"","format":"standard","meta":{"_acf_changed":false,"_jetpack_newsletter_access":"","_jetpack_dont_email_post_to_subs":false,"_jetpack_newsletter_tier_id":0,"_jetpack_memberships_contains_paywalled_content":false,"_jetpack_memberships_contains_paid_content":false,"footnotes":""},"categories":[103,3186],"tags":[3187,2569,335,299],"class_list":["post-36463","post","type-post","status-publish","format-standard","has-post-thumbnail","hentry","category-asufin-comunicados","category-dental","tag-fraude-idental","tag-luis-felipe-gomez-ferrero","tag-salamanca","tag-valladolid"],"acf":[],"jetpack_featured_media_url":"https:\/\/i0.wp.com\/staging.asufin.com\/staging\/wp-content\/uploads\/2018\/06\/180625_idental_4-e1536231039459.jpeg?fit=800%2C533&ssl=1","jetpack_shortlink":"https:\/\/wp.me\/peayLa-9u7","jetpack_likes_enabled":false,"jetpack_sharing_enabled":true,"_links":{"self":[{"href":"https:\/\/staging.asufin.com\/staging\/wp-json\/wp\/v2\/posts\/36463","targetHints":{"allow":["GET"]}}],"collection":[{"href":"https:\/\/staging.asufin.com\/staging\/wp-json\/wp\/v2\/posts"}],"about":[{"href":"https:\/\/staging.asufin.com\/staging\/wp-json\/wp\/v2\/types\/post"}],"author":[{"embeddable":true,"href":"https:\/\/staging.asufin.com\/staging\/wp-json\/wp\/v2\/users\/2"}],"replies":[{"embeddable":true,"href":"https:\/\/staging.asufin.com\/staging\/wp-json\/wp\/v2\/comments?post=36463"}],"version-history":[{"count":0,"href":"https:\/\/staging.asufin.com\/staging\/wp-json\/wp\/v2\/posts\/36463\/revisions"}],"wp:featuredmedia":[{"embeddable":true,"href":"https:\/\/staging.asufin.com\/staging\/wp-json\/wp\/v2\/media\/36325"}],"wp:attachment":[{"href":"https:\/\/staging.asufin.com\/staging\/wp-json\/wp\/v2\/media?parent=36463"}],"wp:term":[{"taxonomy":"category","embeddable":true,"href":"https:\/\/staging.asufin.com\/staging\/wp-json\/wp\/v2\/categories?post=36463"},{"taxonomy":"post_tag","embeddable":true,"href":"https:\/\/staging.asufin.com\/staging\/wp-json\/wp\/v2\/tags?post=36463"}],"curies":[{"name":"wp","href":"https:\/\/api.w.org\/{rel}","templated":true}]}}