{"id":36483,"date":"2018-07-10T15:03:06","date_gmt":"2018-07-10T13:03:06","guid":{"rendered":"http:\/\/www.asufin.com\/?p=36483"},"modified":"2019-10-15T19:31:19","modified_gmt":"2019-10-15T17:31:19","slug":"irph-se-suspende-la-vista-de-la-demanda-colectiva-de-asufin-contra-bankia","status":"publish","type":"post","link":"https:\/\/staging.asufin.com\/staging\/irph-se-suspende-la-vista-de-la-demanda-colectiva-de-asufin-contra-bankia\/","title":{"rendered":"IRPH: Se suspende la vista de la demanda colectiva de ASUFIN contra Bankia"},"content":{"rendered":"<h5>[column size=one_half position=first ]ASUFIN solicit\u00f3 que la demanda se elevase a cuesti\u00f3n prejudicial y, posteriormente, que se suspendiera el procedimiento hasta que el TJUE se pronunciara.[\/column]<\/h5>\n<h5>[column size=one_half position=last ]La juez\u00a0 de la secci\u00f3n 3 de lo Mercantil ha dado traslado a Bankia para alegaciones. Despu\u00e9s\u00a0 decidir\u00e1 cual de las dos peticiones de ASUFIN considera. [\/column]<\/h5>\n<p style=\"font-weight: 400;\">Hoy, 10 de julio,\u00a0 ten\u00eda que celebrarse la vista de\u00a0 la demanda colectiva por IRPH que <strong>ASUFIN<\/strong>, interpuso contra\u00a0<strong>Bankia<\/strong>\u00a0en representaci\u00f3n de medio centenar de afectados. El letrado de la Asociaci\u00f3n,\u00a0<strong>Oscar Serrano Castell,<\/strong>\u00a0solicit\u00f3 el planteamiento de cuesti\u00f3n prejudicial ante el TJUE en enero de este a\u00f1o.<\/p>\n<p style=\"font-weight: 400;\">La jueza del Juzgado de lo Mercantil n\u00fam. 3 de Valencia estaba dispuesta a decidir sobre la cuesti\u00f3n sin dar respuesta a las partes. Sin embargo, dado que el 28 de junio ASUFIN solicit\u00f3 la suspensi\u00f3n de la tramitaci\u00f3n por existir una cuesti\u00f3n prejudicial, da traslado a Bankia para que en diez d\u00edas presente las alegaciones que considere y suspende la vista.<\/p>\n<p style=\"font-weight: 400;\">Patricia Su\u00e1rez, presidenta de\u00a0<strong>ASUFIN<\/strong>, cree que la magistrada ha tomado la decisi\u00f3n correcta ahora y espera que la decisi\u00f3n final sea tambi\u00e9n la m\u00e1s justa:\u00a0<strong><em>\u201cLo que nos gustar\u00eda es que contemplara nuestra solicitud y planteara la cuesti\u00f3n prejudicial. Pero si decide suspender el procedimiento hasta que Europa se pronuncie, tambi\u00e9n ser\u00e1 bueno para los afectados, que son los que importan. Seguir adelante s\u00f3lo puede causarles un \u201cda\u00f1o irreparable\u201d si despu\u00e9s el TJUE declara abusivo el IRPH como esperamos todos\u201d.<\/em><\/strong><\/p>\n<p style=\"font-weight: 400;\"><strong><em>\u00a0<\/em><\/strong>Para Oscar Serrano, abogado de\u00a0<strong>Colectivo Ronda<\/strong>\u00a0responsable de la direcci\u00f3n jur\u00eddica, es importante que el TJUE se pronuncie sobre la cuesti\u00f3n \u201c<strong><em>Solicitamos el planteamiento al TJUE porque en \u00e9l est\u00e1n las esperanzas de los miles de afectados por el IRPH de toda Espa\u00f1a. En Europa han actuado m\u00e1s contundentemente en defensa de los hipotecados espa\u00f1oles que aqu\u00ed. As\u00ed sucedi\u00f3, por ejemplo, con la cl\u00e1usula suelo despu\u00e9s de que el Tribunal Supremo, tal y como ha hecho ahora, dictara un fallo que parec\u00eda m\u00e1s interesado en proteger los intereses de la banca que los de los usuarios afectados\u201d.<\/em><\/strong><\/p>\n<p style=\"font-weight: 400;\">En ASUFIN seguimos confiando en que todos nuestros asociados y el resto de afectados por IRPH tendr\u00e1n un final feliz. No nos rendimos.<\/p>\n<p><a href=\"https:\/\/goo.gl\/YteYRb\" target=\"_blank\" rel=\"noopener\">A_180704_BANKIA_JM03_VALENCIA_COLECTIVA_IRPH_ASUFIN<\/a><\/p>\n<p>&nbsp;<\/p>\n","protected":false},"excerpt":{"rendered":"<p>La juez de lo Mercantil suspende el juicio de demanda colectiva por IRPH de ASUFIN contra Bankia<\/p>\n","protected":false},"author":2,"featured_media":35599,"comment_status":"open","ping_status":"closed","sticky":false,"template":"","format":"standard","meta":{"_acf_changed":false,"_jetpack_newsletter_access":"","_jetpack_dont_email_post_to_subs":false,"_jetpack_newsletter_tier_id":0,"_jetpack_memberships_contains_paywalled_content":false,"_jetpack_memberships_contains_paid_content":false,"footnotes":""},"categories":[82,3008,43,149,1331,42,3357],"tags":[618,1776,1902,33,225,3188],"class_list":["post-36483","post","type-post","status-publish","format-standard","has-post-thumbnail","hentry","category-asufin-cat","category-asufin-demandas","category-asufin-destacado","category-bankia","category-demandas-colectivas","category-irph","category-tjue","tag-clausulas-abusivas","tag-juzgado-de-lo-mercantil","tag-oscar-serrano-castell","tag-patricia-suarez","tag-valencia","tag-wonderwoman"],"acf":[],"jetpack_featured_media_url":"https:\/\/i0.wp.com\/staging.asufin.com\/staging\/wp-content\/uploads\/2018\/02\/INDICE_IRPH_WORDPRESS-1.jpg?fit=1500%2C1000&ssl=1","jetpack_shortlink":"https:\/\/wp.me\/peayLa-9ur","jetpack_likes_enabled":false,"jetpack_sharing_enabled":true,"_links":{"self":[{"href":"https:\/\/staging.asufin.com\/staging\/wp-json\/wp\/v2\/posts\/36483","targetHints":{"allow":["GET"]}}],"collection":[{"href":"https:\/\/staging.asufin.com\/staging\/wp-json\/wp\/v2\/posts"}],"about":[{"href":"https:\/\/staging.asufin.com\/staging\/wp-json\/wp\/v2\/types\/post"}],"author":[{"embeddable":true,"href":"https:\/\/staging.asufin.com\/staging\/wp-json\/wp\/v2\/users\/2"}],"replies":[{"embeddable":true,"href":"https:\/\/staging.asufin.com\/staging\/wp-json\/wp\/v2\/comments?post=36483"}],"version-history":[{"count":0,"href":"https:\/\/staging.asufin.com\/staging\/wp-json\/wp\/v2\/posts\/36483\/revisions"}],"wp:featuredmedia":[{"embeddable":true,"href":"https:\/\/staging.asufin.com\/staging\/wp-json\/wp\/v2\/media\/35599"}],"wp:attachment":[{"href":"https:\/\/staging.asufin.com\/staging\/wp-json\/wp\/v2\/media?parent=36483"}],"wp:term":[{"taxonomy":"category","embeddable":true,"href":"https:\/\/staging.asufin.com\/staging\/wp-json\/wp\/v2\/categories?post=36483"},{"taxonomy":"post_tag","embeddable":true,"href":"https:\/\/staging.asufin.com\/staging\/wp-json\/wp\/v2\/tags?post=36483"}],"curies":[{"name":"wp","href":"https:\/\/api.w.org\/{rel}","templated":true}]}}