{"id":36536,"date":"2018-07-16T15:34:15","date_gmt":"2018-07-16T13:34:15","guid":{"rendered":"http:\/\/www.asufin.com\/?p=36536"},"modified":"2020-05-06T17:05:35","modified_gmt":"2020-05-06T15:05:35","slug":"patricia-suarez-sobre-ley-de-creditos-al-consumo-cadena-ser-12-07-18","status":"publish","type":"post","link":"https:\/\/staging.asufin.com\/staging\/patricia-suarez-sobre-ley-de-creditos-al-consumo-cadena-ser-12-07-18\/","title":{"rendered":"Patricia Su\u00e1rez sobre Ley de Cr\u00e9ditos al Consumo &#8211; CADENA SER &#8211; 12.07.18"},"content":{"rendered":"<h3>Patricia Su\u00e1rez en el programa de Jes\u00fas Mart\u00edn en Cadena Ser Salamanca.<\/h3>\n<p>ASUFIN\u00a0defender\u00e1 a los afectados por el fraude de las cl\u00ednicas iDental. Los miles de consumidores que tuvieron que financiar su tratamiento y se han quedado desprotegidos, podr\u00e1n reclamar con esta asociaci\u00f3n.<\/p>\n<p>Nuestra presidenta,<strong>\u00a0Patricia Su\u00e1rez<\/strong>\u00a0fue entrevistada el pasado jueves 12 de julio en el programa radiof\u00f3nico conducido por Jes\u00fas Mart\u00edn In\u00e9s con motivo de la reuni\u00f3n informativa que tendr\u00eda lugar esa misma tarde en Salamanca.\u00a0Patricia Su\u00e1rez y Luis Felipe G\u00f3mez Ferrero, abogado de ASUFIN Zamora, dieron\u00a0 una charla informativa el pasado viernes 13 de julio donde informaron a todos los afectados por el fraude de iDental de las acciones a las que se pod\u00edan a acoger.<\/p>\n<p><strong>La ley de Cr\u00e9ditos al Consumo<\/strong> establece que los contratos de cr\u00e9dito vinculados (aquellos en los que para pagar un servicio se sirve de una financiaci\u00f3n bancaria) pueden reclamarse al banco pues\u00a0El Tribunal Supremo dict\u00f3 una sentencia que cre\u00f3 jurisprudencia y en la que se narraba que la vinculaci\u00f3n de los contratos de financiaci\u00f3n entre consumidores y entidades, dejar\u00edan de tener validez cuando se dejaba de prestar el servicio.<\/p>\n<p style=\"text-align: center;\"><a href=\"https:\/\/goo.gl\/LLCAJR\" target=\"_blank\" rel=\"noopener\"><strong>Puedes escuchar la entrevista completa aqu\u00ed:<\/strong><\/a><\/p>\n\n<p>&nbsp;<\/p>\n<p>&nbsp;<\/p>\n<p>&nbsp;<\/p>\n","protected":false},"excerpt":{"rendered":"<p>Patricia Su\u00e1rez en el programa de Jes\u00fas Mart\u00edn en Cadena Ser Salamanca. ASUFIN\u00a0defender\u00e1 a los afectados por el fraude de las cl\u00ednicas iDental. Los miles de consumidores que tuvieron que financiar su tratamiento y se han quedado desprotegidos, podr\u00e1n reclamar con esta asociaci\u00f3n. Nuestra presidenta,\u00a0Patricia Su\u00e1rez\u00a0fue entrevistada el pasado jueves 12 de julio en el [&hellip;]<\/p>\n","protected":false},"author":2,"featured_media":36552,"comment_status":"open","ping_status":"closed","sticky":false,"template":"","format":"standard","meta":{"_acf_changed":false,"_jetpack_newsletter_access":"","_jetpack_dont_email_post_to_subs":false,"_jetpack_newsletter_tier_id":0,"_jetpack_memberships_contains_paywalled_content":false,"_jetpack_memberships_contains_paid_content":false,"footnotes":""},"categories":[3186,3385],"tags":[79,81,2301,3161,3197,335],"class_list":["post-36536","post","type-post","status-publish","format-standard","has-post-thumbnail","hentry","category-dental","category-radio","tag-asufin","tag-cadena-ser","tag-fraude","tag-idental","tag-jesus-martin","tag-salamanca"],"acf":[],"jetpack_featured_media_url":"https:\/\/i0.wp.com\/staging.asufin.com\/staging\/wp-content\/uploads\/2018\/07\/podemos-alicante-llevara-al-congreso-de-los-diputados-las-quejas-de-los-pacientes-de-la-clinica-idental-de-alicante.jpg?fit=1500%2C1000&ssl=1","jetpack_shortlink":"https:\/\/wp.me\/peayLa-9vi","jetpack_likes_enabled":false,"jetpack_sharing_enabled":true,"_links":{"self":[{"href":"https:\/\/staging.asufin.com\/staging\/wp-json\/wp\/v2\/posts\/36536","targetHints":{"allow":["GET"]}}],"collection":[{"href":"https:\/\/staging.asufin.com\/staging\/wp-json\/wp\/v2\/posts"}],"about":[{"href":"https:\/\/staging.asufin.com\/staging\/wp-json\/wp\/v2\/types\/post"}],"author":[{"embeddable":true,"href":"https:\/\/staging.asufin.com\/staging\/wp-json\/wp\/v2\/users\/2"}],"replies":[{"embeddable":true,"href":"https:\/\/staging.asufin.com\/staging\/wp-json\/wp\/v2\/comments?post=36536"}],"version-history":[{"count":0,"href":"https:\/\/staging.asufin.com\/staging\/wp-json\/wp\/v2\/posts\/36536\/revisions"}],"wp:featuredmedia":[{"embeddable":true,"href":"https:\/\/staging.asufin.com\/staging\/wp-json\/wp\/v2\/media\/36552"}],"wp:attachment":[{"href":"https:\/\/staging.asufin.com\/staging\/wp-json\/wp\/v2\/media?parent=36536"}],"wp:term":[{"taxonomy":"category","embeddable":true,"href":"https:\/\/staging.asufin.com\/staging\/wp-json\/wp\/v2\/categories?post=36536"},{"taxonomy":"post_tag","embeddable":true,"href":"https:\/\/staging.asufin.com\/staging\/wp-json\/wp\/v2\/tags?post=36536"}],"curies":[{"name":"wp","href":"https:\/\/api.w.org\/{rel}","templated":true}]}}