{"id":36736,"date":"2018-07-20T14:39:07","date_gmt":"2018-07-20T12:39:07","guid":{"rendered":"http:\/\/www.asufin.com\/?p=36736"},"modified":"2019-02-14T11:10:44","modified_gmt":"2019-02-14T10:10:44","slug":"exito-del-congreso-asufin-2018-compartir-para-ganar","status":"publish","type":"post","link":"https:\/\/staging.asufin.com\/staging\/exito-del-congreso-asufin-2018-compartir-para-ganar\/","title":{"rendered":"\u00c9XITO DEL CONGRESO ASUFIN 2018: Compartir para ganar"},"content":{"rendered":"<h5>[column size=one_half position=first ]Juristas, procuradores y peritos colaboradores de ASUFIN han participado en un congreso que nace con el objetivo de compartir experiencias y estrategias procesales para que nuestros asociados logren el \u00e9xito en sus procedimientos en el cien por cien de los casos.[\/column]<\/h5>\n<h5>[column size=one_half position=last ]En la jornada se trat\u00f3 sobre cuestiones pr\u00e1cticas del juicio, defensa en los procedimientos de reclamaci\u00f3n ordinarios, gastos hipotecarios, acuerdos de jueces, cuant\u00eda y costas, acciones del Banco Popular y la relaci\u00f3n de los colaboradores con ASUFIN.[\/column]<\/h5>\n<p>ASUFIN siempre ha apostado por la colaboraci\u00f3n como modo de crecer y lograr \u00e9xitos. Por eso, la presidenta Patricia Su\u00e1rez ha querido celebrar un Congreso ASUFIN con la participaci\u00f3n de la mayor\u00eda de sus colaboradores en materia jur\u00eddica. Compartir experiencias y estrategias supone tener acceso al arma m\u00e1s efectiva:\u00a0 la informaci\u00f3n.<\/p>\n<p>La Asociaci\u00f3n expuso su agradecimiento a todos los ponentes que intercambiaron tan generosamente todas sus estrategias procesales y al resto de los asistentes que enriquecieron cada ponencia con sus propias experiencias.<\/p>\n<p>El congreso comenz\u00f3 exponiendo las cuestiones pr\u00e1cticas del juicio, en concreto interrogatorio de empleados. Loleta Linares, Fernando Gav\u00edn y Alejandro Villarejo, de Justicia &amp; Derecho, repasaron los pasos a seguir en los interrogatorios a empleados por demandas multidivisa. Una experiencia muy interesante si tenemos en cuenta su enorme porcentaje de \u00e9xito en primera y segunda instancia.<\/p>\n<p>A continuaci\u00f3n, moderando Andr\u00e9s Roda,\u00a0 Almudena Vel\u00e1zquez, de El Cano Asesores, expuso el modo de defender a los afectados por procedimientos de reclamaci\u00f3n ordinarios sobre sus hipotecas. Este asunto doloroso en el que se encuentran algunos de los asociados de ASUFIN que pueden perder su vivienda por cuotas impagadas, fue muy debatido. Las aportaciones de los ponentes y asistentes fueron muy aplaudidas.<\/p>\n<p>Moderada por Carlos Arjona, la tercera ponencia se centr\u00f3 en gastos hipotecarios, acuerdos de jueces y la situaci\u00f3n de las demandas en las distintas provincias. Carlos Fidalgo, de Moreana Abogados, nos record\u00f3 la importancia de conocer c\u00f3mo jugar en distintos estadios, aportando un estudio de qu\u00e9 gastos se ganan\u00a0 en cada provincia y en cada instancia. Agenor G\u00f3mez, de Agenor Abogados, se centr\u00f3 en gastos hipotecarios, tanto en demandas colectivas como en individuales, que termin\u00f3 con un apasionado debate.<\/p>\n<p>Vanesa Fern\u00e1ndez, de Andersen Tax &amp; Legal y Victor Ceballos, Montelirio Abogados, tomaron la palabra para adentrarse en el tema de la cuant\u00eda y las costas, moderados por Francisco Toll. El resto de los asistentes aport\u00f3 sus puntos de vista, teniendo siempre presente aquello que resulte m\u00e1s beneficioso para el asociado.<\/p>\n<p>La \u00faltima ponencia de la ma\u00f1ana corri\u00f3 a cargo del Abogado del consumidor, Jose Antonio Ballesteros,\u00a0 y del perito Israel Barroso, moderados por el letrado de Andersen Benjamin Prieto. Los ponentes expusieron las novedades y actuaciones a seguir con las acciones de Banco Popular. Los asistentes escucharon con mucho inter\u00e9s toda la informaci\u00f3n aportada y plantearon sus alternativas.<\/p>\n<p>El Congreso ASUFIN 2018 se cerr\u00f3 con las palabras de la presidenta, Patricia Su\u00e1rez y de la secretaria general, Rosana Organista. La primera hizo un repaso de los logros conseguidos este a\u00f1o 2018 incidiendo en la expansi\u00f3n de la Asociaci\u00f3n y los acuerdos conseguidos en varias comunidades aut\u00f3nomas. La presidenta concluy\u00f3 recordando a los colaboradores que la atenci\u00f3n al socio y el compromiso con su causa es la primera condici\u00f3n para pertenecer a ASUFIN.<\/p>\n<p>Rosana Organista, secretaria general, record\u00f3 el proceso desde que un afectado env\u00eda un correo solicitando ayuda hasta que llega a juicio, y cu\u00e1les deben ser las actuaciones de cada parte. Reiter\u00f3 la necesidad de prestar ayuda a los afectados m\u00e1s vulnerables y agradeci\u00f3 el esfuerzo de todos para conseguir un funcionamiento \u00f3ptimo en todas las \u00e1reas.<\/p>\n<p>Fue una jornada muy satisfactoria donde se han abierto nuevos caminos y se han sentado las bases para estrechar lazos y lograr una colaboraci\u00f3n m\u00e1s fruct\u00edfera y satisfactoria para todas las partes.<\/p>\n<p>Las fotos del Congreso las compartiremos en los pr\u00f3ximos d\u00edas.<\/p>\n<p>&nbsp;<\/p>\n<p>&nbsp;<\/p>\n<h6><\/h6>\n","protected":false},"excerpt":{"rendered":"<p>\u00c9xito de participaci\u00f3n en el Congreso Asufin 2018 con el objetivo de compartir informaci\u00f3n para seguir ganando.<\/p>\n","protected":false},"author":2,"featured_media":36787,"comment_status":"open","ping_status":"closed","sticky":false,"template":"","format":"gallery","meta":{"_acf_changed":false,"_jetpack_newsletter_access":"","_jetpack_dont_email_post_to_subs":false,"_jetpack_newsletter_tier_id":0,"_jetpack_memberships_contains_paywalled_content":false,"_jetpack_memberships_contains_paid_content":false,"footnotes":""},"categories":[43,191],"tags":[3205,2838,2972,3063,2668,676,2968,3204,3207,2977,366,2939,62,33,3208,3206,2355,2032],"class_list":["post-36736","post","type-post","status-publish","format-gallery","has-post-thumbnail","hentry","category-asufin-destacado","category-eventos","tag-agenor-gomez","tag-alejandro-villarejo","tag-almudena-velazquez","tag-andres-roda","tag-benjamin-prieto","tag-carlos-arjona","tag-carlos-fidalgo","tag-congreso-asufin-2018","tag-francisco-toll","tag-israel-barroso","tag-jose-antonio-ballesteros","tag-loleta-linares-fernando-gavin","tag-madrid","tag-patricia-suarez","tag-rosanaorganista","tag-vanesa-fernandez","tag-victor-ceballos","tag-wonder-woman","post_format-post-format-gallery"],"acf":[],"jetpack_featured_media_url":"https:\/\/i0.wp.com\/staging.asufin.com\/staging\/wp-content\/uploads\/2018\/07\/congreso_11-1.jpg?fit=850%2C567&ssl=1","jetpack_shortlink":"https:\/\/wp.me\/peayLa-9yw","jetpack_likes_enabled":false,"jetpack_sharing_enabled":true,"_links":{"self":[{"href":"https:\/\/staging.asufin.com\/staging\/wp-json\/wp\/v2\/posts\/36736","targetHints":{"allow":["GET"]}}],"collection":[{"href":"https:\/\/staging.asufin.com\/staging\/wp-json\/wp\/v2\/posts"}],"about":[{"href":"https:\/\/staging.asufin.com\/staging\/wp-json\/wp\/v2\/types\/post"}],"author":[{"embeddable":true,"href":"https:\/\/staging.asufin.com\/staging\/wp-json\/wp\/v2\/users\/2"}],"replies":[{"embeddable":true,"href":"https:\/\/staging.asufin.com\/staging\/wp-json\/wp\/v2\/comments?post=36736"}],"version-history":[{"count":0,"href":"https:\/\/staging.asufin.com\/staging\/wp-json\/wp\/v2\/posts\/36736\/revisions"}],"wp:featuredmedia":[{"embeddable":true,"href":"https:\/\/staging.asufin.com\/staging\/wp-json\/wp\/v2\/media\/36787"}],"wp:attachment":[{"href":"https:\/\/staging.asufin.com\/staging\/wp-json\/wp\/v2\/media?parent=36736"}],"wp:term":[{"taxonomy":"category","embeddable":true,"href":"https:\/\/staging.asufin.com\/staging\/wp-json\/wp\/v2\/categories?post=36736"},{"taxonomy":"post_tag","embeddable":true,"href":"https:\/\/staging.asufin.com\/staging\/wp-json\/wp\/v2\/tags?post=36736"}],"curies":[{"name":"wp","href":"https:\/\/api.w.org\/{rel}","templated":true}]}}