{"id":36805,"date":"2018-07-26T11:04:47","date_gmt":"2018-07-26T09:04:47","guid":{"rendered":"http:\/\/www.asufin.com\/?p=36805"},"modified":"2020-08-03T14:27:02","modified_gmt":"2020-08-03T12:27:02","slug":"idental-asufin-y-afecade-se-reunen-con-la-fiscalia-general-del-estado","status":"publish","type":"post","link":"https:\/\/staging.asufin.com\/staging\/idental-asufin-y-afecade-se-reunen-con-la-fiscalia-general-del-estado\/","title":{"rendered":"iDental: ASUFIN Y AFECADE se re\u00fanen con la Fiscal\u00eda General del Estado"},"content":{"rendered":"<h5>[column size=one_half position=first ]En la reuni\u00f3n, ASUFIN-AFECADE han expuesto a la Fiscal\u00eda la situaci\u00f3n de numerosos afectados en todo el pa\u00eds y la necesidad de recuperar cuanto antes los historiales m\u00e9dicos de todos los pacientes de iDental.[\/column]<\/h5>\n<h5>[column size=one_half position=last ]La Fiscal\u00eda General del Estado ha informado de las actuaciones de coordinaci\u00f3n que se est\u00e1n llevando a cabo con las distintas Fiscal\u00edas y su sensibilidad con los perjudicados.[\/column]<\/h5>\n<p>ASUFIN y AFECADE (Plataforma de Afectados por las Cl\u00ednicas Dentales), se han reunido con representantes de la Fiscal\u00eda General del Estado con el objetivo de trasladar a la Fiscal General del Estado, Mar\u00eda Jos\u00e9 Segarra, la urgencia de que sea este organismo el que centralice y acelere la denuncia por estafa contra iDental.<\/p>\n<p>La urgencia es evidente: esta denuncia es la manera de <strong>recuperar los historiales m\u00e9dicos<\/strong> de los afectados por iDental y que estos puedan, en su caso<strong>, dejar de pagar a las financieras<\/strong> las cuotas pendientes hasta que no haya una resoluci\u00f3n judicial.<\/p>\n<p><strong>ASUFIN y AFECADE son las primeras entidades de afectados relacionadas con el caso iDental que se re\u00fanen con la Fiscal\u00eda General del Estado<\/strong>. La respuesta de la Fiscal\u00eda ha sido muy positiva, comprometi\u00e9ndose a colaborar con las entidades que representan y defienden a afectados de iDental.<\/p>\n<figure id=\"attachment_36806\" aria-describedby=\"caption-attachment-36806\" style=\"width: 400px\" class=\"wp-caption aligncenter\"><img data-recalc-dims=\"1\" fetchpriority=\"high\" decoding=\"async\" data-attachment-id=\"36806\" data-permalink=\"https:\/\/staging.asufin.com\/staging\/idental-asufin-y-afecade-se-reunen-con-la-fiscalia-general-del-estado\/asufin-con-idental-en-fiscalia\/\" data-orig-file=\"https:\/\/i0.wp.com\/staging.asufin.com\/staging\/wp-content\/uploads\/2018\/07\/ASUFIN-CON-IDENTAL-EN-FISCALIA.jpg?fit=1534%2C1600&amp;ssl=1\" data-orig-size=\"1534,1600\" data-comments-opened=\"1\" data-image-meta=\"{&quot;aperture&quot;:&quot;0&quot;,&quot;credit&quot;:&quot;&quot;,&quot;camera&quot;:&quot;&quot;,&quot;caption&quot;:&quot;&quot;,&quot;created_timestamp&quot;:&quot;0&quot;,&quot;copyright&quot;:&quot;&quot;,&quot;focal_length&quot;:&quot;0&quot;,&quot;iso&quot;:&quot;0&quot;,&quot;shutter_speed&quot;:&quot;0&quot;,&quot;title&quot;:&quot;&quot;,&quot;orientation&quot;:&quot;0&quot;}\" data-image-title=\"ASUFIN CON IDENTAL EN FISCALIA\" data-image-description=\"&lt;p&gt;IDental: ASUFIN Y AFECADE se re\u00fanen con la Fiscal\u00eda General del Estado&lt;\/p&gt;\n\" data-image-caption=\"\" data-large-file=\"https:\/\/i0.wp.com\/staging.asufin.com\/staging\/wp-content\/uploads\/2018\/07\/ASUFIN-CON-IDENTAL-EN-FISCALIA.jpg?fit=800%2C834&amp;ssl=1\" class=\"wp-image-36806\" src=\"https:\/\/i0.wp.com\/www.asufin.com\/wp-content\/uploads\/2018\/07\/ASUFIN-CON-IDENTAL-EN-FISCALIA-288x300.jpg?resize=400%2C417\" alt=\"\" width=\"400\" height=\"417\" title=\"\" srcset=\"https:\/\/i0.wp.com\/staging.asufin.com\/staging\/wp-content\/uploads\/2018\/07\/ASUFIN-CON-IDENTAL-EN-FISCALIA.jpg?resize=288%2C300&amp;ssl=1 288w, https:\/\/i0.wp.com\/staging.asufin.com\/staging\/wp-content\/uploads\/2018\/07\/ASUFIN-CON-IDENTAL-EN-FISCALIA.jpg?resize=768%2C801&amp;ssl=1 768w, https:\/\/i0.wp.com\/staging.asufin.com\/staging\/wp-content\/uploads\/2018\/07\/ASUFIN-CON-IDENTAL-EN-FISCALIA.jpg?resize=982%2C1024&amp;ssl=1 982w, https:\/\/i0.wp.com\/staging.asufin.com\/staging\/wp-content\/uploads\/2018\/07\/ASUFIN-CON-IDENTAL-EN-FISCALIA.jpg?resize=600%2C626&amp;ssl=1 600w, https:\/\/i0.wp.com\/staging.asufin.com\/staging\/wp-content\/uploads\/2018\/07\/ASUFIN-CON-IDENTAL-EN-FISCALIA.jpg?resize=1320%2C1377&amp;ssl=1 1320w, https:\/\/i0.wp.com\/staging.asufin.com\/staging\/wp-content\/uploads\/2018\/07\/ASUFIN-CON-IDENTAL-EN-FISCALIA.jpg?w=1534&amp;ssl=1 1534w\" sizes=\"(max-width: 400px) 100vw, 400px\" \/><figcaption id=\"caption-attachment-36806\" class=\"wp-caption-text\">Patricia Su\u00e1rez, presidenta de ASUFIN, Paula Aller, abogada de AFECADE con la periodista Nuria Riba, optimistas tras la reuni\u00f3n con la fiscal\u00eda.<\/figcaption><\/figure>\n<p>Recordemos que\u00a0<strong>ASUFIN y FECADE<\/strong> ya han interpuesto 15 denuncias colectivas en diferentes provincias, recuperando en algunos casos como el de Valladolid los historiales m\u00e9dicos. \u201c<em>El historial m\u00e9dico es fundamental para saber qu\u00e9 intervenciones se han hecho en la boca de los pacientes y poder continuar los tratamientos<\/em>\u201d, explica <strong>Isabel Palomino, abogada de AFECADE<\/strong>. \u201c<em>Pero tener que ir fiscal\u00eda por fiscal\u00eda es muy lento, y los afectados no tienen tiempo que perder. Urge que se centralice todo en la Fiscal\u00eda General del Estado<\/em>\u201d, se\u00f1ala <strong>Palomino.<\/strong><\/p>\n<p><strong>Muchos afectados,<\/strong> a pesar de no haber terminado su tratamiento o directamente haber sufrido mala praxis por parte de iDental, s<strong>iguen pagando a las financieras.<\/strong> Un dinero que necesitan para poder acabar el tratamiento en otro odont\u00f3logo. \u201c<em>Las financieras saben que no pueden seguir cobrando estos cr\u00e9ditos vinculados y, sin embargo, siguen cargando los recibos. Una vez m\u00e1s nos obligan a judicializar asuntos que deber\u00edan resolverse de mutuo acuerdo<\/em>\u201d se\u00f1ala <strong>Patricia Su\u00e1rez, presidenta de ASUFIN<\/strong>.<\/p>\n<p>Para <strong>Su\u00e1rez<\/strong>, est\u00e1 claro que el modelo de negocio que empleaba iDental \u201c<em>no era ayudar a la salud de las personas: es evidente, por la mala calidad de las pr\u00f3tesis y las denuncias, que no se cumpl\u00edan los procesos de esterilizaci\u00f3n de los instrumentos utilizados, por ejemplo<\/em>\u201d. Por eso, seg\u00fan <strong>Palomino<\/strong>, es importante que act\u00fae la Fiscal\u00eda General. \u201c<em>Puede que se considere\u00a0 un tema de Consumo por tratarse de un negocio privado, pero los afectados son pacientes antes que consumidores. Est\u00e1 claro que es un tema de salud<\/em>\u201d.<\/p>\n","protected":false},"excerpt":{"rendered":"<p>La Fiscal\u00eda General del Estado escucha las peticiones de ASUFIN y AFECADE para ayudar a los afectados de iDental<\/p>\n","protected":false},"author":2,"featured_media":36731,"comment_status":"open","ping_status":"closed","sticky":false,"template":"","format":"standard","meta":{"_acf_changed":false,"_jetpack_newsletter_access":"","_jetpack_dont_email_post_to_subs":false,"_jetpack_newsletter_tier_id":0,"_jetpack_memberships_contains_paywalled_content":false,"_jetpack_memberships_contains_paid_content":false,"footnotes":""},"categories":[3267,103,43,3186],"tags":[3215,3213,79,3214,3212,3161,62],"class_list":["post-36805","post","type-post","status-publish","format-standard","has-post-thumbnail","hentry","category-afecade","category-asufin-comunicados","category-asufin-destacado","category-dental","tag-afecade","tag-afectados-fraude","tag-asufin","tag-fiscalia-general-del-estado","tag-fraude-dental","tag-idental","tag-madrid"],"acf":[],"jetpack_featured_media_url":"https:\/\/i0.wp.com\/staging.asufin.com\/staging\/wp-content\/uploads\/2018\/07\/DSC0204-min-e1532595294259.jpg?fit=850%2C567&ssl=1","jetpack_shortlink":"https:\/\/wp.me\/peayLa-9zD","jetpack_likes_enabled":false,"jetpack_sharing_enabled":true,"_links":{"self":[{"href":"https:\/\/staging.asufin.com\/staging\/wp-json\/wp\/v2\/posts\/36805","targetHints":{"allow":["GET"]}}],"collection":[{"href":"https:\/\/staging.asufin.com\/staging\/wp-json\/wp\/v2\/posts"}],"about":[{"href":"https:\/\/staging.asufin.com\/staging\/wp-json\/wp\/v2\/types\/post"}],"author":[{"embeddable":true,"href":"https:\/\/staging.asufin.com\/staging\/wp-json\/wp\/v2\/users\/2"}],"replies":[{"embeddable":true,"href":"https:\/\/staging.asufin.com\/staging\/wp-json\/wp\/v2\/comments?post=36805"}],"version-history":[{"count":1,"href":"https:\/\/staging.asufin.com\/staging\/wp-json\/wp\/v2\/posts\/36805\/revisions"}],"predecessor-version":[{"id":53910,"href":"https:\/\/staging.asufin.com\/staging\/wp-json\/wp\/v2\/posts\/36805\/revisions\/53910"}],"wp:featuredmedia":[{"embeddable":true,"href":"https:\/\/staging.asufin.com\/staging\/wp-json\/wp\/v2\/media\/36731"}],"wp:attachment":[{"href":"https:\/\/staging.asufin.com\/staging\/wp-json\/wp\/v2\/media?parent=36805"}],"wp:term":[{"taxonomy":"category","embeddable":true,"href":"https:\/\/staging.asufin.com\/staging\/wp-json\/wp\/v2\/categories?post=36805"},{"taxonomy":"post_tag","embeddable":true,"href":"https:\/\/staging.asufin.com\/staging\/wp-json\/wp\/v2\/tags?post=36805"}],"curies":[{"name":"wp","href":"https:\/\/api.w.org\/{rel}","templated":true}]}}