{"id":39564,"date":"2018-12-05T20:44:51","date_gmt":"2018-12-05T19:44:51","guid":{"rendered":"https:\/\/www.asufin.com\/?p=39564"},"modified":"2019-08-08T12:29:38","modified_gmt":"2019-08-08T10:29:38","slug":"congreso-10o-aniversario-asufin","status":"publish","type":"post","link":"https:\/\/staging.asufin.com\/staging\/congreso-10o-aniversario-asufin\/","title":{"rendered":"CONGRESO 10\u00ba ANIVERSARIO ASUFIN"},"content":{"rendered":"<p><img data-recalc-dims=\"1\" fetchpriority=\"high\" decoding=\"async\" data-attachment-id=\"36933\" data-permalink=\"https:\/\/staging.asufin.com\/staging\/inicio\/foto-portada-patricia\/\" data-orig-file=\"https:\/\/i0.wp.com\/staging.asufin.com\/staging\/wp-content\/uploads\/2018\/08\/foto-portada-patricia.jpg?fit=382%2C382&amp;ssl=1\" data-orig-size=\"382,382\" data-comments-opened=\"1\" data-image-meta=\"{&quot;aperture&quot;:&quot;0&quot;,&quot;credit&quot;:&quot;&quot;,&quot;camera&quot;:&quot;&quot;,&quot;caption&quot;:&quot;&quot;,&quot;created_timestamp&quot;:&quot;0&quot;,&quot;copyright&quot;:&quot;&quot;,&quot;focal_length&quot;:&quot;0&quot;,&quot;iso&quot;:&quot;0&quot;,&quot;shutter_speed&quot;:&quot;0&quot;,&quot;title&quot;:&quot;&quot;,&quot;orientation&quot;:&quot;0&quot;}\" data-image-title=\"Patricia Su\u00e1rez\" data-image-description=\"&lt;p&gt;Patricia Su\u00e1rez&lt;\/p&gt;\n\" data-image-caption=\"\" data-large-file=\"https:\/\/i0.wp.com\/staging.asufin.com\/staging\/wp-content\/uploads\/2018\/08\/foto-portada-patricia.jpg?fit=382%2C382&amp;ssl=1\" class=\"aligncenter wp-image-36933 size-medium\" src=\"https:\/\/i0.wp.com\/asufin.com\/wp-content\/uploads\/2018\/08\/foto-portada-patricia-300x300.jpg?resize=300%2C300&#038;ssl=1\" alt=\"Patricia Su\u00e1rez\" width=\"300\" height=\"300\" title=\"\" srcset=\"https:\/\/i0.wp.com\/staging.asufin.com\/staging\/wp-content\/uploads\/2018\/08\/foto-portada-patricia.jpg?resize=300%2C300&amp;ssl=1 300w, https:\/\/i0.wp.com\/staging.asufin.com\/staging\/wp-content\/uploads\/2018\/08\/foto-portada-patricia.jpg?resize=150%2C150&amp;ssl=1 150w, https:\/\/i0.wp.com\/staging.asufin.com\/staging\/wp-content\/uploads\/2018\/08\/foto-portada-patricia.jpg?resize=125%2C125&amp;ssl=1 125w, https:\/\/i0.wp.com\/staging.asufin.com\/staging\/wp-content\/uploads\/2018\/08\/foto-portada-patricia.jpg?w=382&amp;ssl=1 382w\" sizes=\"(max-width: 300px) 100vw, 300px\" \/><\/p>\n<h3 id=\"TOP\" style=\"text-align: center;\"><strong>10 A\u00d1OS DE CRISIS ECON\u00d3MICA.<br \/>\n<\/strong><strong>LECCIONES Y PROPUESTAS DE FUTURO.<\/strong><\/h3>\n<h3 style=\"text-align: center;\">ASUFIN 2009-2019.<\/h3>\n<p>El <strong>10 de enero de 2009<\/strong> se abri\u00f3 el primer hilo en el portal Inverforo bajo el t\u00edtulo \u201c<a href=\"http:\/\/www.inverforo.com\/foro\/dinero\/10835-clips-bankinter.html\" target=\"_blank\" rel=\"noopener noreferrer\">Clips Bankinter<\/a>\u201d. Apenas un mes despu\u00e9s, el 15 de febrero, se cre\u00f3 la plataforma \u201c<a href=\"http:\/\/www.noclip.es\/\" target=\"_blank\" rel=\"noopener\">Afectados por Contratos de Intercambio y Clips de Bankinter<\/a>\u201d a la que me un\u00ed desde sus inicios. Lo que sucedi\u00f3 en los meses siguientes fue el comienzo de una nueva manera de enfrentarse a las entidades financieras: una plataforma de consumidores organizada en red, dispuesta a compartir y publicar informaci\u00f3n en defensa de sus intereses. Una asociaci\u00f3n de consumidores independiente, liderada por una afectada m\u00e1s, sin intereses pol\u00edticos, ni mercantiles.<\/p>\n<p><strong>10 a\u00f1os despu\u00e9s merece la pena hacer un alto en el camino, sentarnos con algunos de los protagonistas de esta d\u00e9cada para debatir sobre lo ocurrido y comprender los cambios que se han producido en la sociedad. Buscamos crear un espacio de entendimiento donde podamos reflexionar y evitar cometer los errores del pasado.<\/strong><\/p>\n<p><a href=\"https:\/\/www.elconfidencial.com\/empresas\/2014-11-19\/wonder-woman-vence-a-bankinter-el-azote-de-jaime-botin-recupera-todo-su-dinero_482528\/#lpu6qA9t5hkKvOSa\" target=\"_blank\" rel=\"noopener noreferrer\">Patricia Su\u00e1rez. Wonder Woman.<\/a><\/p>\n<p>&nbsp;<\/p>\n<h1 id=\"02\" style=\"text-align: center;\"><span style=\"color: #990066;\"><strong>PROGRAMA<\/strong><\/span><\/h1>\n<p>[alert type=white ]Todos los ponentes y moderadores que participan en este Congreso lo hacen de manera desinteresada.[\/alert]<\/p>\n<table border=\"0\" width=\"100%\" cellspacing=\"3\" cellpadding=\"3\">\n<tbody>\n<tr>\n<td width=\"15%\"><strong>09.00h <\/strong><\/td>\n<td width=\"85%\"><strong>ACREDITACI\u00d3N Y BIENVENIDA<\/strong><\/td>\n<\/tr>\n<tr>\n<td colspan=\"2\">\n<h3 style=\"text-align: center;\"><strong>PARTE 1. IMPACTO EN LA SOCIEDAD Y LOS MERCADOS.<\/strong><\/h3>\n<\/td>\n<\/tr>\n<tr>\n<td width=\"15%\"><strong>09.30h 10.00h<\/strong><\/td>\n<td width=\"85%\"><strong>CONSUMIDORES vs CRISIS ECON\u00d3MICA.<\/strong><\/p>\n<p>Andreu Miss\u00e9. Periodista. Director de Alternativas Econ\u00f3micas.<\/td>\n<\/tr>\n<tr>\n<td width=\"15%\"><strong>10.00h 10.40h<\/strong><\/td>\n<td width=\"85%\"><strong>REGULADORES vs CRISIS ECON\u00d3MICA.<\/strong><\/p>\n<p>Carlos Balmisa. CNMC. Director Control Interno.<br \/>\nJesualdo Dom\u00ednguez. CNMV. Director\u00a0del Departamento de Inversores.<br \/>\nFernando Tejada. Banco de Espa\u00f1a. Director del Departamento de Conducta de Mercado y Reclamaciones.<\/p>\n<p><strong>MODERA: <\/strong>I\u00f1igo de Barr\u00f3n. Periodista El Pa\u00eds.<\/td>\n<\/tr>\n<tr>\n<td width=\"15%\"><strong>10.40h\u00a0 11.30h<\/strong><\/td>\n<td width=\"85%\"><strong>EL MERCADO INMOBILIARIO.<\/strong><\/p>\n<p><strong>Evoluci\u00f3n del cr\u00e9dito hipotecario.<br \/>\n<\/strong>Antonio Beltr\u00e1n. Broker Hipotecario.<\/p>\n<p><strong>Evoluci\u00f3n de los seguros vinculados a la hipoteca.<br \/>\n<\/strong>Carlos Lluch. Broker Seguros.<\/p>\n<p><strong>Sobreendeudamiento y cr\u00e9dito responsable.<br \/>\n<\/strong>Matilde Cuena. Catedr\u00e1tica UCM.<\/p>\n<p><strong>La burbuja del alquiler y la reforma de la LAU.<br \/>\n<\/strong>Daniel Loscertales. Presidente SEPIN.<\/p>\n<p><strong>MODERA: <\/strong>Jes\u00fas Soria. Director Ser Consumidor.<\/td>\n<\/tr>\n<tr>\n<td width=\"15%\"><strong>11.30H 12.00h <\/strong><\/td>\n<td width=\"85%\"><strong>PAUSA CAF\u00c9<\/strong><\/td>\n<\/tr>\n<tr>\n<td colspan=\"2\">\n<h3 style=\"text-align: center;\"><strong>PARTE 2. IMPACTO JUR\u00cdDICO.<\/strong><\/h3>\n<\/td>\n<\/tr>\n<tr>\n<td width=\"15%\"><strong>12.00h\u00a0 13.30h<\/strong><\/td>\n<td width=\"85%\"><strong>CONSUMIDORES Y LITIGIOSIDAD.<\/strong><\/p>\n<p>Agust\u00edn Azparren. Magistrado en Excedencia.<\/p>\n<p>Ignacio Canle. Responsable Asesor\u00eda Jur\u00eddica ABANCA.<\/p>\n<p>Ignasi F. Senespleda. Magistrado. Ex-Director Jur\u00eddico BBVA y Caixa Catalunya.<\/p>\n<p>Carlos Garnica. Director Asesor\u00eda Jur\u00eddica Banco Santander<\/p>\n<p>Simona Levi. Miembro 15MpaRato.<\/p>\n<p>Jos\u00e9 Plaza. Fundador del Bufete Rosales.<\/p>\n<p>Miguel S\u00e1nchez. T\u00e9cnico OMIC Don Benito.<\/p>\n<p>Patricia Su\u00e1rez. Presidenta de ASUFIN.<\/p>\n<p><strong>MODERA:<\/strong> Cristina Jim\u00e9nez Savurido. Presidente de FIDE.<\/td>\n<\/tr>\n<tr>\n<td width=\"15%\"><strong>13.30h\u00a0 14.15h<\/strong><\/td>\n<td width=\"85%\"><strong>INFLUENCIA DE LA JURISPRUDENCIA DEL TJUE EN ESPA\u00d1A.<\/strong><\/p>\n<p>Francisco Gonz\u00e1lez Audicana. Magistrado JPI 38 Barcelona.<\/p>\n<p>Jes\u00fas S\u00e1nchez. Secretario Ilustre Colegio Abogados Barcelona.<\/p>\n<p>Cristina Vallejo. \u00c1rea de Formaci\u00f3n Ilustre Colegio Abogados Barcelona.<\/p>\n<p><strong>MODERA: <\/strong>Ana Samboal. Periodista.<\/td>\n<\/tr>\n<tr>\n<td width=\"15%\"><strong>14.15h 16.00h <\/strong><\/td>\n<td width=\"85%\"><strong>COMIDA INFORMAL<\/strong><\/td>\n<\/tr>\n<tr>\n<td colspan=\"2\">\n<h3 style=\"text-align: center;\"><strong>PARTE 3. IMPACTO EN LA PROTECCI\u00d3N DEL CONSUMIDOR FINANCIERO.<\/strong><\/h3>\n<\/td>\n<\/tr>\n<tr>\n<td width=\"15%\"><strong>16.00h 16.45h<\/strong><\/td>\n<td width=\"85%\"><strong>EL PAPEL DE LOS REGISTRADORES EN EL MERCADO HIPOTECARIO. <\/strong><\/p>\n<p><strong>Registro de Cl\u00e1usulas Abusivas.<\/strong><\/p>\n<p>Carlos Ballugera. Registrador de la Propiedad.<\/p>\n<p><strong>Ley de Cr\u00e9dito Inmobiliario.<\/strong><\/p>\n<p>Roc\u00edo Perteguer. Registradora. Directora del Servicio de Bases Gr\u00e1ficas Registrales, Medio Ambiente y Consumidores.<\/p>\n<p><strong>MODERA: <\/strong>Carlos Berbell. Director Confilegal.<\/td>\n<\/tr>\n<tr>\n<td width=\"15%\"><strong>16.45h\u00a0 17.30h<\/strong><\/td>\n<td width=\"85%\"><strong>FINTECH, COMPETENCIA Y CONSUMIDORES. <\/strong><\/p>\n<p>Mart\u00edn Huete. Vicepresidente Asociaci\u00f3n Fintech e Insurtech.<\/p>\n<p>Pau Montserrat. Co-fundador de Enfintech.com.<\/p>\n<p>Javier Ib\u00e1\u00f1ez. Director, Observatorio Fintech Icade Everis (Blockchain Lab).<\/p>\n<p><strong>MODERA: <\/strong>Mar D\u00edaz-Varela. Directora de comunicaci\u00f3n CNMC.<\/td>\n<\/tr>\n<tr>\n<td width=\"15%\"><strong>17.30h 18.15h<\/strong><\/td>\n<td width=\"85%\"><strong>LA PROTECCI\u00d3N PENAL DE LOS CONSUMIDORES.<\/strong><\/p>\n<p>Juli\u00e1n S\u00e1nchez Melgar. Magistrado Sala 2\u00aa Tribunal Supremo. Ex-Fiscal General del Estado.<\/p>\n<p><strong>PRESENTA: <\/strong>Pablo Rub\u00e9n Martin de Pablos. Presidente de la secci\u00f3n de derecho penal ICAM y subdirector de Sepin<\/td>\n<\/tr>\n<tr>\n<td width=\"15%\"><strong>18.15h 18.30h<\/strong><\/td>\n<td width=\"85%\"><strong>CONCLUSIONES<\/strong><strong>.<\/strong><\/p>\n<p>Andreu Miss\u00e9. Periodista. Director de Alternativas Econ\u00f3micas.<\/td>\n<\/tr>\n<tr>\n<td width=\"15%\"><strong>18.30h\u00a0 18.45h<\/strong><\/td>\n<td width=\"85%\"><strong>CLAUSURA<\/strong><strong>.<\/strong><\/p>\n<p>Patricia Su\u00e1rez. Presidenta de ASUFIN.<\/td>\n<\/tr>\n<\/tbody>\n<\/table>\n<p>[divider]<a href=\"#TOP\" name=\"TOP\">\u2191\u2191\u2191<\/a>[\/divider]<\/p>\n<p>&nbsp;<\/p>\n<p style=\"text-align: center;\"><strong><a href=\"https:\/\/goo.gl\/LCUqum\" target=\"_blank\" rel=\"noopener noreferrer\">+ INFORMACI\u00d3N<\/a>\u00a0<\/strong><\/p>\n<p>&nbsp;<\/p>\n","protected":false},"excerpt":{"rendered":"<p>El 10 de enero de 2009 se abri\u00f3 el primer hilo en el portal Inverforo bajo el t\u00edtulo \u201cClips Bankinter\u201d. Apenas un mes despu\u00e9s, el 15 de febrero, se cre\u00f3 la plataforma \u201cAfectados por Contratos de Intercambio y Clips de Bankinter\u201d a la que me un\u00ed desde sus inicios. <\/p>\n","protected":false},"author":2,"featured_media":39908,"comment_status":"open","ping_status":"closed","sticky":false,"template":"","format":"standard","meta":{"_acf_changed":false,"_jetpack_newsletter_access":"","_jetpack_dont_email_post_to_subs":false,"_jetpack_newsletter_tier_id":0,"_jetpack_memberships_contains_paywalled_content":false,"_jetpack_memberships_contains_paid_content":false,"footnotes":""},"categories":[43,191,3337],"tags":[1325,3299,2663,3288,3300,3284,3302,3293,3289,3295,3298,3291,3286,3296,3292,2790,3287,3305,3285,3297,3020,3294,2725,3306,3303,3290,2819,3307,33,3304,3301,3004,2032],"class_list":["post-39564","post","type-post","status-publish","format-standard","has-post-thumbnail","hentry","category-asufin-destacado","category-eventos","category-asufin-tech","tag-agustin-azparren-lucas","tag-ana-samboal","tag-andreu-misse","tag-antonio-beltran","tag-carlos-ballugera","tag-carlos-balmisa","tag-carlos-berbell","tag-carlos-garnica","tag-carlos-lluch","tag-cristina-jimenez-savurido","tag-cristina-vallejo","tag-daniel-loscertales","tag-fernando-tejada","tag-francisco-gonzalez-audicana","tag-ignacio-canle","tag-ignasi-fernandez-de-senespleda","tag-inigo-de-barron","tag-javier-ibanez","tag-jesualdo-dominguez","tag-jesus-sanchez","tag-jesus-soria","tag-jose-plaza","tag-julian-sanchez-melgar","tag-mar-diaz-varela-arrese","tag-martin-huete","tag-matilde-cuena","tag-miguel-sanchez","tag-pablo-ruben-martin-de-pablos","tag-patricia-suarez","tag-pau-montserrat","tag-rocio-perteguer","tag-simona-levi","tag-wonder-woman"],"acf":[],"jetpack_featured_media_url":"https:\/\/i0.wp.com\/staging.asufin.com\/staging\/wp-content\/uploads\/2018\/12\/imagotipo10aniversarioCMYK.jpg?fit=1200%2C900&ssl=1","jetpack_shortlink":"https:\/\/wp.me\/peayLa-ai8","jetpack_likes_enabled":false,"jetpack_sharing_enabled":true,"_links":{"self":[{"href":"https:\/\/staging.asufin.com\/staging\/wp-json\/wp\/v2\/posts\/39564","targetHints":{"allow":["GET"]}}],"collection":[{"href":"https:\/\/staging.asufin.com\/staging\/wp-json\/wp\/v2\/posts"}],"about":[{"href":"https:\/\/staging.asufin.com\/staging\/wp-json\/wp\/v2\/types\/post"}],"author":[{"embeddable":true,"href":"https:\/\/staging.asufin.com\/staging\/wp-json\/wp\/v2\/users\/2"}],"replies":[{"embeddable":true,"href":"https:\/\/staging.asufin.com\/staging\/wp-json\/wp\/v2\/comments?post=39564"}],"version-history":[{"count":0,"href":"https:\/\/staging.asufin.com\/staging\/wp-json\/wp\/v2\/posts\/39564\/revisions"}],"wp:featuredmedia":[{"embeddable":true,"href":"https:\/\/staging.asufin.com\/staging\/wp-json\/wp\/v2\/media\/39908"}],"wp:attachment":[{"href":"https:\/\/staging.asufin.com\/staging\/wp-json\/wp\/v2\/media?parent=39564"}],"wp:term":[{"taxonomy":"category","embeddable":true,"href":"https:\/\/staging.asufin.com\/staging\/wp-json\/wp\/v2\/categories?post=39564"},{"taxonomy":"post_tag","embeddable":true,"href":"https:\/\/staging.asufin.com\/staging\/wp-json\/wp\/v2\/tags?post=39564"}],"curies":[{"name":"wp","href":"https:\/\/api.w.org\/{rel}","templated":true}]}}