{"id":39643,"date":"2018-12-11T11:13:38","date_gmt":"2018-12-11T10:13:38","guid":{"rendered":"https:\/\/www.asufin.com\/?p=39643"},"modified":"2021-06-09T10:05:41","modified_gmt":"2021-06-09T10:05:41","slug":"asufin-y-ciac-firman-un-acuerdo-para-la-proteccion-del-asegurado-cat","status":"publish","type":"post","link":"https:\/\/staging.asufin.com\/staging\/ca\/asufin-y-ciac-firman-un-acuerdo-para-la-proteccion-del-asegurado-cat\/","title":{"rendered":"SEGUROS: ASUFIN i CIAC signen un acord per a la protecci\u00f3 de l&#8217;assegurat"},"content":{"rendered":"<h3>ASUFIN ha signat amb la Coordinadora Independent d&#8217;Associacions de Corredors i Corredories d&#8217;Assegurances, CIAC, un acord amb l&#8217;objectiu d&#8217;acabar, tamb\u00e9 en aquest \u00e0rea, amb les cl\u00e0usules abusives, especialment amb les que imposen els bancs en vincular una asseguran\u00e7a amb la contractaci\u00f3 d&#8217;un cr\u00e8dit hipotecari.<\/h3>\n<p>ASUFIN ha signat un acord de col\u00b7laboraci\u00f3 amb CIAC, la Coordinadora Independent d&#8217;Associacions de Corredors i Corredories d&#8217;Assegurances, amb l&#8217;objectiu com\u00fa de protegir al consumidor d&#8217;assegurances i plans de pensions.<\/p>\n<p>Patricia Su\u00e1rez, presidenta de ASUFIN, creu que aquest acord neix d&#8217;una necessitat constatada i constatable \u201cen aquests anys de defensa dels afectats per abusos bancaris hem detectat cl\u00e0usules abusives en les assegurances, que tamb\u00e9 generen perjudici als consumidors\u201d.<\/p>\n<blockquote><p><strong>El sector d&#8217;assegurances \u00e9s un dels que m\u00e9s reclamacions rep a Espanya. L&#8217;any passat va ocupar el cinqu\u00e8 lloc en les queixes dels consumidors<\/strong><\/p><\/blockquote>\n<p>Per comen\u00e7ar aquesta nova l\u00ednia en defensa de l&#8217;associat, Su\u00e1rez ha trobat un aliat fonamental, una associaci\u00f3 experta com CIAC, compromesa amb la transpar\u00e8ncia en la comercialitzaci\u00f3 d&#8217;aquests productes. \u201cA CIAC coneixen molt b\u00e9 els problemes dels consumidors amb les grans asseguradores perqu\u00e8 porten molt temps denunciant-los. Aquestes males pr\u00e0ctiques s&#8217;han disparat en la contractaci\u00f3 d&#8217;assegurances vinculades a pr\u00e9stecs. Amb aquest conveni qualsevol afectat podr\u00e0 reclamar enfront de qualsevol distribu\u00efdor, sigui o no soci d\u2019ASUFIN.&#8221;<\/p>\n<figure id=\"attachment_39635\" aria-describedby=\"caption-attachment-39635\" style=\"width: 595px\" class=\"wp-caption aligncenter\"><img data-recalc-dims=\"1\" fetchpriority=\"high\" decoding=\"async\" data-attachment-id=\"39635\" data-permalink=\"https:\/\/staging.asufin.com\/staging\/asufin-y-ciac-firman-un-acuerdo-para-la-proteccion-del-asegurado\/acuerdo_asufin_ciac_patricia_suarez_carlos_llluc\/\" data-orig-file=\"https:\/\/i0.wp.com\/staging.asufin.com\/staging\/wp-content\/uploads\/2018\/12\/Acuerdo_ASUFIN_CIAC_Patricia_Su%C3%A1rez_Carlos_lLluc.jpeg?fit=1600%2C903&amp;ssl=1\" data-orig-size=\"1600,903\" data-comments-opened=\"1\" data-image-meta=\"{&quot;aperture&quot;:&quot;0&quot;,&quot;credit&quot;:&quot;&quot;,&quot;camera&quot;:&quot;&quot;,&quot;caption&quot;:&quot;&quot;,&quot;created_timestamp&quot;:&quot;0&quot;,&quot;copyright&quot;:&quot;&quot;,&quot;focal_length&quot;:&quot;0&quot;,&quot;iso&quot;:&quot;0&quot;,&quot;shutter_speed&quot;:&quot;0&quot;,&quot;title&quot;:&quot;&quot;,&quot;orientation&quot;:&quot;0&quot;}\" data-image-title=\"ASUFIN y CIAC firman un acuerdo de protecci\u00f3n al asegurado\" data-image-description=\"&lt;p&gt;ASUFIN y CIAC firman un acuerdo de protecci\u00f3n al asegurado&lt;\/p&gt;\n\" data-image-caption=\"\" data-large-file=\"https:\/\/i0.wp.com\/staging.asufin.com\/staging\/wp-content\/uploads\/2018\/12\/Acuerdo_ASUFIN_CIAC_Patricia_Su%C3%A1rez_Carlos_lLluc.jpeg?fit=800%2C452&amp;ssl=1\" class=\"wp-image-39635 \" src=\"https:\/\/i0.wp.com\/asufin.com\/wp-content\/uploads\/2018\/12\/Acuerdo_ASUFIN_CIAC_Patricia_Su%C3%A1rez_Carlos_lLluc-1024x578.jpeg?resize=595%2C287&#038;ssl=1\" alt=\"Asufin y CIAC acuerdan proteger al asegurado\" width=\"595\" height=\"287\" title=\"\"><figcaption id=\"caption-attachment-39635\" class=\"wp-caption-text\">Patricia Su\u00e1rez, presidenta de\u00a0ASUFIN\u00a0i Carlos Lluc, president de\u00a0CIAC, junts per eradicar les cl\u00e0usules abusives de les assegurances<\/figcaption><\/figure>\n<p>Ambdues entitats es comprometen a impulsar la transpar\u00e8ncia i l&#8217;\u00e8tica en la contractaci\u00f3 d&#8217;assegurances i plans de pensions com a primer objectiu, al que s&#8217;uneixen:<\/p>\n<ul>\n<li>Fomentar el coneixement dels productes (avantatges i inconvenients, drets i obligacions);<\/li>\n<li>Facilitar un sistema de reclamaci\u00f3 senzill i efica\u00e7 i<\/li>\n<li>Informar de les males pr\u00e0ctiques de les asseguradores a l&#8217;opini\u00f3 p\u00fablica.<\/li>\n<\/ul>\n<blockquote><p><strong>ASUFIN arriba a aquest acord amb l&#8217;objectiu d&#8217;acabar amb les cl\u00e0usules abusives en els contractes d&#8217;assegurances i la seva comercialitzaci\u00f3 opaca.<\/strong><\/p><\/blockquote>\n<p>ASUFIN portar\u00e0 la defensa legal dels interessos dels consumidors mitjan\u00e7ant accions col\u00b7lectives, interposar\u00e0 reclamacions extrajudicials, formalitzar\u00e0 les queixes als o<strong>rganismes financers competents i les reclamacions judicials davant els Tribunals.<\/strong><\/p>\n<p>Quan es detectin cl\u00e0usules abusives, ASUFIN iniciar\u00e0 accions de cessaci\u00f3. \u201cCal canviar moltes pr\u00e0ctiques com, per exemple, que el banc sigui el beneficiari de l\u2019asseguran\u00e7a de la casa si es produeix un succ\u00e9s, explica Su\u00e1rez. L&#8217;important en aquests casos \u00e9s que el consumidor pugui reconstruir el seu habitatge per seguir vivint en ella mentre paga la seva hipoteca\u201d.<\/p>\n","protected":false},"excerpt":{"rendered":"<p>ASUFIN i CIAC impulsaran la transpar\u00e8ncia en la contractaci\u00f3 d&#8217;assegurances.<\/p>\n","protected":false},"author":2,"featured_media":39635,"comment_status":"open","ping_status":"closed","sticky":false,"template":"","format":"standard","meta":{"_acf_changed":false,"_jetpack_newsletter_access":"","_jetpack_dont_email_post_to_subs":false,"_jetpack_newsletter_tier_id":0,"_jetpack_memberships_contains_paywalled_content":false,"_jetpack_memberships_contains_paid_content":false,"footnotes":""},"categories":[6898,3278,3279,7016],"tags":[],"class_list":["post-39643","post","type-post","status-publish","format-standard","has-post-thumbnail","hentry","category-seguros-cat","category-asufin-comunicats-cat","category-asufin-destacat-cat","category-ciac-cat"],"acf":[],"jetpack_featured_media_url":"https:\/\/i0.wp.com\/staging.asufin.com\/staging\/wp-content\/uploads\/2018\/12\/Acuerdo_ASUFIN_CIAC_Patricia_Su%C3%A1rez_Carlos_lLluc.jpeg?fit=1600%2C903&ssl=1","jetpack_shortlink":"https:\/\/wp.me\/peayLa-ajp","jetpack_likes_enabled":false,"jetpack_sharing_enabled":true,"_links":{"self":[{"href":"https:\/\/staging.asufin.com\/staging\/wp-json\/wp\/v2\/posts\/39643","targetHints":{"allow":["GET"]}}],"collection":[{"href":"https:\/\/staging.asufin.com\/staging\/wp-json\/wp\/v2\/posts"}],"about":[{"href":"https:\/\/staging.asufin.com\/staging\/wp-json\/wp\/v2\/types\/post"}],"author":[{"embeddable":true,"href":"https:\/\/staging.asufin.com\/staging\/wp-json\/wp\/v2\/users\/2"}],"replies":[{"embeddable":true,"href":"https:\/\/staging.asufin.com\/staging\/wp-json\/wp\/v2\/comments?post=39643"}],"version-history":[{"count":1,"href":"https:\/\/staging.asufin.com\/staging\/wp-json\/wp\/v2\/posts\/39643\/revisions"}],"predecessor-version":[{"id":53828,"href":"https:\/\/staging.asufin.com\/staging\/wp-json\/wp\/v2\/posts\/39643\/revisions\/53828"}],"wp:featuredmedia":[{"embeddable":true,"href":"https:\/\/staging.asufin.com\/staging\/wp-json\/wp\/v2\/media\/39635"}],"wp:attachment":[{"href":"https:\/\/staging.asufin.com\/staging\/wp-json\/wp\/v2\/media?parent=39643"}],"wp:term":[{"taxonomy":"category","embeddable":true,"href":"https:\/\/staging.asufin.com\/staging\/wp-json\/wp\/v2\/categories?post=39643"},{"taxonomy":"post_tag","embeddable":true,"href":"https:\/\/staging.asufin.com\/staging\/wp-json\/wp\/v2\/tags?post=39643"}],"curies":[{"name":"wp","href":"https:\/\/api.w.org\/{rel}","templated":true}]}}