{"id":43836,"date":"2019-06-28T13:44:31","date_gmt":"2019-06-28T11:44:31","guid":{"rendered":"https:\/\/www.asufin.com\/?p=43836"},"modified":"2021-03-14T12:34:19","modified_gmt":"2021-03-14T11:34:19","slug":"asufin-celebra-sus-10-anos-con-una-jornada-en-barcelona","status":"publish","type":"post","link":"https:\/\/staging.asufin.com\/staging\/ca\/asufin-celebra-sus-10-anos-con-una-jornada-en-barcelona\/","title":{"rendered":"ASUFIN celebra els seus 10 anys amb una jornada a Barcelona"},"content":{"rendered":"<p><strong>El 20 de juliol es compleixen 10 anys de la fundaci\u00f3 d&#8217;<span class=\"hiddenSpellError\">ASUFIN<\/span>.<\/strong> Per celebrar-ho, hem organitzat el pr\u00f2xim <strong>18 de juliol a Barcelona<\/strong> una jornada a la qual m&#8217;encantaria que assisteixis.<\/p>\n<p><strong><a href=\"http:\/\/bit.ly\/2xnKuVD\" target=\"_blank\" rel=\"noopener\">Jornada 10 anys de Crisis. 18.7.19. Barcelona<\/a>.<\/strong><\/p>\n<p>ASUFIN, amb la col\u00b7laboraci\u00f3 de la secci\u00f3 de consum de l&#8217;ICAB, ha organitzat una jornada per celebrar el seu X Aniversari. En ella, reflexionarem sobre els canvis que s&#8217;han produ\u00eft en el sector dels usuaris financers, la irrupci\u00f3 de l&#8217;economia digital (fintech) i la transpar\u00e8ncia en la nova Llei de Contractes de Cr\u00e8dit Immobiliari.<\/p>\n<p><strong>Data<\/strong>\u00a0 18\/07\/2019<br \/>\n<strong>Horari<\/strong>\u00a0De las 17h hasta las 20h<br \/>\n<strong>Lloc de celebraci\u00f3<\/strong> Aula 65, 6a planta de la sede de l&#8217;ICAB<br \/>\n<strong>Inscripcions<\/strong>\u00a0<a class=\"m_-7007532684240299899gmail-m_7953729713887383947gmail-in-cell-link\" href=\"http:\/\/bit.ly\/2xnKuVD\" target=\"_blank\" rel=\"noopener noreferrer\" data-mt-original-track-url=\"https:\/\/mailtrack.io\/trace\/link\/bf7e43cceeeb4735089ce4b522eaec5b77b88418?url=http%3A%2F%2Fbit.ly%2F2xnKuVD&amp;userId=2424768&amp;signature=6409dd7555afc246\" data-mt-detrack-inspected=\"true\">Entrada gratu\u00efta &#8211; Imprescindible inscripci\u00f3 on-line<\/a><\/p>\n<h2><a href=\"https:\/\/wp.me\/P1WOCI-bvr\" target=\"_blank\" rel=\"noopener noreferrer\"><strong>PROGRAMA<\/strong><\/a><\/h2>\n<h3><strong>17:00h &#8211; APERTURA<\/strong><\/h3>\n<p><strong>Nelson Castro<\/strong>. Director General de Consumo.<\/p>\n<p><strong>Elisabeth Abad i Giralt<\/strong>. Directora de l\u2019Ag\u00e8ncia Catalana del Consum.<\/p>\n<h3><strong>17:15h &#8211; 10 ANYS DE CRISIS FINANCERA<\/strong><\/h3>\n<p><strong>Agust\u00ed Azparren.<\/strong> Magistrat en exced\u00e0ncia. Mediador.<\/p>\n<p><strong>Inmaculada Barral.<\/strong> Dra. en Dret, Presidenta del Col\u00b7legi d&#8217;Arbitratge de l&#8217;Ag\u00e8ncia Catalana del Consum de la Generalitat de Catalunya.<\/p>\n<p><strong>Vanessa Fern\u00e0ndez.<\/strong> Vocal Secci\u00f3 Consum ICAB.<\/p>\n<p><strong>Javier Zapata.<\/strong> Secretari General de l&#8217;Associaci\u00f3n d&#8217;Emisors. Expert en Serveis d&#8217;Atenci\u00f3 al Client.<\/p>\n<p><strong>Modera: Carles Garcia.<\/strong> President de la Secci\u00f3 de Consum de l&#8217;ICAB<\/p>\n<h3><strong>18:00h &#8211; FINTECH I CONSUMIDORS: VENTATGES I RISCOS<\/strong><\/h3>\n<p><strong>S\u00ed<\/strong><strong>lvia Escamez<\/strong>. Membre de l&#8217;Associaci\u00f3 Espanyola de Fintech i Insurtech (AEFI).<\/p>\n<p><strong>Francisco Gonz\u00e0lez<\/strong>. Magistrat Titular Jutjat de Primera Inst\u00e0ncia 38 de Barcelona.<\/p>\n<p><strong>Pau Montserrat<\/strong>. Economista. Membre de la Junta Directiva d&#8217;Asufin Balears.<\/p>\n<p><strong>Modera: Juan M. Viver<\/strong>. Finance Watch<\/p>\n<h3><strong>18:45h &#8211; TRANSPAR\u00c8NCIA EN LA LLEI DE CONTRATOS DE CR\u00c9DIT INMOBILIARI<\/strong><\/h3>\n<p><strong>Paz Cano<\/strong>. Vocal Secci\u00f3 Consum ICAB.<\/p>\n<p><strong>Rocio Perteguer<\/strong>. Registradora.<\/p>\n<p><strong>\u00c1ngel Serrano<\/strong>. Notari.<\/p>\n<p><strong>Modera: Jes\u00fas S\u00e1nchez<\/strong>. Secretari ICAB.<\/p>\n<h3><strong>19:30h &#8211; 10 ANYS D&#8217;ASUFIN. TANCAMENT.<\/strong><\/h3>\n<p><strong>Carles Garcia<\/strong>. President de la Secci\u00f3 de Consumo l&#8217;ICAB<\/p>\n<p><strong>Patricia Su\u00e0rez<\/strong>. Presidenta d&#8217;ASUFIN.<\/p>\n","protected":false},"excerpt":{"rendered":"<p>ASUFIN, con la colaboraci\u00f3n de la secci\u00f3n de consumo del ICAB, ha organizado una jornada para celebrar su X Aniversario. En ella, reflexionaremos sobre los cambios que se han producido en el sector de los usuarios financieros,\u00a0 la irrupci\u00f3n de la econom\u00eda digital (FINTECH) y la transparencia en la nueva Ley de Contratos de Cr\u00e9dito Inmobiliario.<\/p>\n","protected":false},"author":2,"featured_media":29380,"comment_status":"open","ping_status":"closed","sticky":false,"template":"","format":"standard","meta":{"_acf_changed":false,"_jetpack_newsletter_access":"","_jetpack_dont_email_post_to_subs":false,"_jetpack_newsletter_tier_id":0,"_jetpack_memberships_contains_paywalled_content":false,"_jetpack_memberships_contains_paid_content":false,"footnotes":""},"categories":[3278,3279,6884],"tags":[],"class_list":["post-43836","post","type-post","status-publish","format-standard","has-post-thumbnail","hentry","category-asufin-comunicats-cat","category-asufin-destacat-cat","category-asufin-tech-cat"],"acf":[],"jetpack_featured_media_url":"https:\/\/i0.wp.com\/staging.asufin.com\/staging\/wp-content\/uploads\/2017\/05\/170518_ASUFIN_BARCELONA_PILAR_36-2.jpg?fit=1008%2C756&ssl=1","jetpack_shortlink":"https:\/\/wp.me\/peayLa-bp2","jetpack_likes_enabled":false,"jetpack_sharing_enabled":true,"_links":{"self":[{"href":"https:\/\/staging.asufin.com\/staging\/wp-json\/wp\/v2\/posts\/43836","targetHints":{"allow":["GET"]}}],"collection":[{"href":"https:\/\/staging.asufin.com\/staging\/wp-json\/wp\/v2\/posts"}],"about":[{"href":"https:\/\/staging.asufin.com\/staging\/wp-json\/wp\/v2\/types\/post"}],"author":[{"embeddable":true,"href":"https:\/\/staging.asufin.com\/staging\/wp-json\/wp\/v2\/users\/2"}],"replies":[{"embeddable":true,"href":"https:\/\/staging.asufin.com\/staging\/wp-json\/wp\/v2\/comments?post=43836"}],"version-history":[{"count":1,"href":"https:\/\/staging.asufin.com\/staging\/wp-json\/wp\/v2\/posts\/43836\/revisions"}],"predecessor-version":[{"id":61112,"href":"https:\/\/staging.asufin.com\/staging\/wp-json\/wp\/v2\/posts\/43836\/revisions\/61112"}],"wp:featuredmedia":[{"embeddable":true,"href":"https:\/\/staging.asufin.com\/staging\/wp-json\/wp\/v2\/media\/29380"}],"wp:attachment":[{"href":"https:\/\/staging.asufin.com\/staging\/wp-json\/wp\/v2\/media?parent=43836"}],"wp:term":[{"taxonomy":"category","embeddable":true,"href":"https:\/\/staging.asufin.com\/staging\/wp-json\/wp\/v2\/categories?post=43836"},{"taxonomy":"post_tag","embeddable":true,"href":"https:\/\/staging.asufin.com\/staging\/wp-json\/wp\/v2\/tags?post=43836"}],"curies":[{"name":"wp","href":"https:\/\/api.w.org\/{rel}","templated":true}]}}