{"id":44856,"date":"2019-07-26T12:08:15","date_gmt":"2019-07-26T12:08:15","guid":{"rendered":"https:\/\/www.asufin.com\/?p=44856"},"modified":"2021-05-31T14:20:05","modified_gmt":"2021-05-31T14:20:05","slug":"jornada-10-anys-dasufin-recuperar-la-confianca-i-donar-poder-al-consumidor-els-reptes-que-venen","status":"publish","type":"post","link":"https:\/\/staging.asufin.com\/staging\/ca\/jornada-10-anys-dasufin-recuperar-la-confianca-i-donar-poder-al-consumidor-els-reptes-que-venen\/","title":{"rendered":"Jornada 10 anys d&#8217;ASUFIN: recuperar la confian\u00e7a i donar poder al consumidor, els reptes que v\u00e9nen"},"content":{"rendered":"<p><strong><span class=\"hiddenSpellError\">ASUFIN, en col\u00b7laboraci\u00f3 amb ASUFIN Catalunya, <\/span>va clausurar amb \u00e8xit la\u00a0 <a href=\"https:\/\/asufin.com\/asufin-celebra-sus-10-anos-con-una-jornada-en-barcelona\/\" target=\"_blank\" rel=\"noopener noreferrer\">jornada informativa a Barcelona amb motiu de la celebraci\u00f3 del seu X aniversari<\/a>, amb la col\u00b7laboraci\u00f3 de la secci\u00f3 de consum de l&#8217;<a href=\"https:\/\/www.icab.es\/?go=eaf9d1a0ec5f1dc58757ad6cffdacedb1a58854a600312cc2d373401687f1ddf3b1f7fdf398c8842\" target=\"_blank\" rel=\"noopener noreferrer\">ICAB<\/a>. L&#8217;alt\u00edssim nivell dels ponents va propiciar una assist\u00e8ncia massiva i un debat actiu. <a href=\"https:\/\/asufin.com\/testimonios\/patricia-suarez-madrid\/\" target=\"_blank\" rel=\"noopener noreferrer\">Patricia Su\u00e1rez<\/a>\u00a0va recalcar la import\u00e0ncia de l&#8217;advocacia de consum, el repte de les\u00a0<span class=\"hiddenSpellError\">fintech<\/span>\u00a0i la import\u00e0ncia de recuperar la confian\u00e7a perduda en les entitats financeres.<\/strong><\/p>\n<p>La Jornada es va celebrar a l&#8217;Il\u00b7lustre Col\u00b7legi d&#8217;Advocats de Barcelona i la van inaugurar <strong><a href=\"https:\/\/www.mscbs.gob.es\/gabinetePrensa\/biografias\/NCastro.htm\" target=\"_blank\" rel=\"noopener noreferrer\">Nelson Castro<\/a><\/strong>, director general de Consum i \u00a0<a href=\"http:\/\/consum.gencat.cat\/ca\/detalls\/noticia\/Elisabet-Abad-directora\" target=\"_blank\" rel=\"noopener noreferrer\"><strong>Elisabeth Abad i Giralt<\/strong>,<\/a>, directora de l&#8217;Ag\u00e8ncia Catalana del Consum.\u00a0<strong><span class=\"hiddenSpellError\">Patricia<\/span>\u00a0Su\u00e1rez<\/strong>, presidenta\u00a0<span class=\"hiddenGrammarError\">d&#8217;<strong>ASUFIN<\/strong><\/span>, va agrair la seva pres\u00e8ncia i tots dos van destacar la tasca del moviment associatiu en aquesta d\u00e8cada de crisi i van agrair a\u00a0<strong><span class=\"hiddenSpellError\">ASUFIN<\/span>\u00a0<\/strong>seus deu anys de lluita defensant els drets dels consumidors.<\/p>\n<p>El director general de Consum va reflexionar sobre aquests deu anys de crisi en qu\u00e8 va ressaltar l&#8217;augment de la litigiositat i el frac\u00e0s dels sistemes p\u00fablics de vigil\u00e0ncia. <em>&#8220;Nom\u00e9s a trav\u00e9s d&#8217;un comportament \u00e8tic i la millora de l&#8217;activitat del supervisor es recuperar\u00e0 la credibilitat en el sistema, perqu\u00e8 tot el que ha passat durant la d\u00e8cada de crisi ha minvat la confian\u00e7a de l&#8217;usuari&#8221;<\/em>, ha concl\u00f2s.<\/p>\n<p><strong>PRIMERA TAULA: A 10 ANYS DE CRISI FINANCERA<\/strong><\/p>\n<p>Quatre ponents, moderats per <a href=\"https:\/\/es.linkedin.com\/in\/carles-garcia-roqueta-b6aa1a33\" target=\"_blank\" rel=\"noopener noreferrer\"><strong>Carles Garc\u00eda<\/strong><\/a>, president de la Secci\u00f3 de Consum de l&#8217;<span class=\"hiddenSpellError\">ICAB<\/span>, van reflexionar sobre el viscut i apr\u00e8s durant els anys de crisi financera. <a href=\"http:\/\/www.andersentaxlegal.es\/es\/profesionales\/vanesa-fernandez-escudero.html\" target=\"_blank\" rel=\"noopener noreferrer\"><strong>Vanesa Fern\u00e1ndez Escudero<\/strong><\/a>, advocada col\u00b7laboradora i vocal de la Secci\u00f3 de Consum d&#8217;<span class=\"hiddenSpellError\">ICAB<\/span>, els moviments associatius com el mateix\u00a0<strong><span class=\"hiddenSpellError\">ASUFIN<\/span><\/strong> van canviar radicalment l&#8217;establert: &#8220;em consta, va dir, que molts jutges d&#8217;inst\u00e0ncia que no tenien coneixements de Dret bancari consultaven la web d&#8217;<strong><span class=\"hiddenSpellError\">ASUFIN<\/span><\/strong>. Mereixen el nostre aplaudiment pels canvis que han provocat i per la seva valentia en plantejar q\u00fcestions prejudicials que han fet tan b\u00e9 als consumidors&#8221;.<\/p>\n<p>L&#8217;<span class=\"hiddenGrammarError\">ex magistrat<\/span> del CGPJ i mediador, <a href=\"https:\/\/es.ontier.net\/perfil\/457\/agustin-azparren-lucas\/es\/\" target=\"_blank\" rel=\"noopener noreferrer\"><strong>Agust\u00edn Azparren<\/strong>,<\/a>\u00a0es va centrar a defensar els acords entre entitats i consumidors quan sorgeix un conflicte. A la seva manera de veure hi ha m\u00e9s de 100 jutges dedicats a condemnar als bancs, perqu\u00e8 perden en el 96% dels procediments, el que ens suposa una enorme despesa a tots. Ha advocat perqu\u00e8 les entitats financeres reflexionin i assumeixin els seus errors sense necessitat d&#8217;anar a tribunals.<\/p>\n<p>Per la seva banda, <a href=\"https:\/\/es.linkedin.com\/in\/javier-zapata-cirugeda-40ba20b\" target=\"_blank\" rel=\"noopener noreferrer\"><strong>Javier Zapata<\/strong><\/a>, expert en serveis d&#8217;Atenci\u00f3 al Client, va mostrar la seva preocupaci\u00f3 per la desconfian\u00e7a dels ciutadans en les entitats financeres. &#8220;Els bancs no poden quedar-se impassibles davant la p\u00e8rdua de reputaci\u00f3. Hem d&#8217;anar a un sistema de confian\u00e7a&#8221;, ha afirmat. No obstant aix\u00f2, la catedr\u00e0tica Immaculada Barral, presidenta del Col\u00b7legi d&#8217;Arbitratge de l&#8217;Ag\u00e8ncia Catalana del Consum, va mostrar el seu escepticisme amb els reguladors.<\/p>\n<p>En resum, la senyora Barral va enumerar fins a 16 autoritats de vigil\u00e0ncia de mercats i es va doldre que el mercat nom\u00e9s apr\u00e8n quan li multen. <em>&#8220;La regulaci\u00f3 arriba sempre tard i ens fa molta falta als consumidors. Jo signo la Llei de regulaci\u00f3 del cr\u00e8dit immobiliari que tenen els consumidors a Alemanya i Fran\u00e7a&#8221;.<\/em><\/p>\n<p class=\"jetpack-slideshow-noscript robots-nocontent\">El pase de diapositivas requiere JavaScript.<\/p><div id=\"gallery-44856-1-slideshow\" class=\"jetpack-slideshow-window jetpack-slideshow jetpack-slideshow-black\" data-trans=\"fade\" data-autostart=\"1\" data-gallery=\"[{&quot;src&quot;:&quot;https:\\\/\\\/i0.wp.com\\\/staging.asufin.com\\\/staging\\\/wp-content\\\/uploads\\\/2019\\\/07\\\/DSC0069.png?fit=1000%2C667\\u0026ssl=1&quot;,&quot;id&quot;:&quot;44699&quot;,&quot;title&quot;:&quot;Congreso X aniversario de ASUFIN: 10 a\\u00f1os de crisis financiera&quot;,&quot;alt&quot;:&quot;Congreso X aniversario de ASUFIN: 10 a\\u00f1os de crisis financiera&quot;,&quot;caption&quot;:&quot;Elisabeth Abad i Giralt (Directora de la Agencia Catalana de Consumo),Nelson Castro (Director General de Consumo) y Patricia Su\\u00e1rez (Presidenta de ASUFIN)&quot;,&quot;itemprop&quot;:&quot;image&quot;},{&quot;src&quot;:&quot;https:\\\/\\\/i0.wp.com\\\/staging.asufin.com\\\/staging\\\/wp-content\\\/uploads\\\/2019\\\/07\\\/DSC0091.png?fit=1000%2C667\\u0026ssl=1&quot;,&quot;id&quot;:&quot;44703&quot;,&quot;title&quot;:&quot;Congreso X aniversario de ASUFIN: 10 a\\u00f1os de crisis financiera&quot;,&quot;alt&quot;:&quot;Congreso X aniversario de ASUFIN: 10 a\\u00f1os de crisis financiera&quot;,&quot;caption&quot;:&quot;Carles Garc\\u00eda (Presidente Secci\\u00f3n Consumo ICAB), Inmaculada Barral (Presidenta Colegio Arbitraje Agencia Catalana de Consumo) y Agust\\u00edn Azparren (Magistrado)&quot;,&quot;itemprop&quot;:&quot;image&quot;},{&quot;src&quot;:&quot;https:\\\/\\\/i0.wp.com\\\/staging.asufin.com\\\/staging\\\/wp-content\\\/uploads\\\/2019\\\/07\\\/DSC0117.png?fit=1000%2C667\\u0026ssl=1&quot;,&quot;id&quot;:&quot;44705&quot;,&quot;title&quot;:&quot;Congreso X aniversario de ASUFIN: 10 a\\u00f1os de crisis financiera&quot;,&quot;alt&quot;:&quot;Congreso X aniversario de ASUFIN: 10 a\\u00f1os de crisis financiera&quot;,&quot;caption&quot;:&quot;Carles Garc\\u00eda (Presidente Secci\\u00f3n Consumo ICAB), Inmaculada Barral (Presidenta Colegio Arbitraje Agencia Catalana de Consumo) y Agust\\u00edn Azparren (Magistrado)&quot;,&quot;itemprop&quot;:&quot;image&quot;},{&quot;src&quot;:&quot;https:\\\/\\\/i0.wp.com\\\/staging.asufin.com\\\/staging\\\/wp-content\\\/uploads\\\/2019\\\/07\\\/DSC0142.png?fit=1000%2C667\\u0026ssl=1&quot;,&quot;id&quot;:&quot;44709&quot;,&quot;title&quot;:&quot;Congreso X aniversario de ASUFIN: 10 a\\u00f1os de crisis financiera&quot;,&quot;alt&quot;:&quot;Congreso X aniversario de ASUFIN: 10 a\\u00f1os de crisis financiera&quot;,&quot;caption&quot;:&quot;Carles Garc\\u00eda (Presidente Secci\\u00f3n Consumo ICAB), Inmaculada Barral (Presidenta Colegio Arbitraje Agencia Catalana de Consumo) y Agust\\u00edn Azparren (Magistrado)&quot;,&quot;itemprop&quot;:&quot;image&quot;},{&quot;src&quot;:&quot;https:\\\/\\\/i0.wp.com\\\/staging.asufin.com\\\/staging\\\/wp-content\\\/uploads\\\/2019\\\/07\\\/DSC0131.png?fit=1000%2C667\\u0026ssl=1&quot;,&quot;id&quot;:&quot;44707&quot;,&quot;title&quot;:&quot;Congreso X aniversario de ASUFIN: 10 a\\u00f1os de crisis financiera&quot;,&quot;alt&quot;:&quot;Congreso X aniversario de ASUFIN: 10 a\\u00f1os de crisis financiera&quot;,&quot;caption&quot;:&quot;Vanesa Fern\\u00e1ndez (Vocal Secci\\u00f3n Consumo ICAB), Javier Zapata (Secretario General de la Asociaci\\u00f3n de Emisores), Carles Garc\\u00eda (Presidente Secci\\u00f3n Consumo ICAB), Inmaculada Barral (Presidenta Colegio Arbitraje Agencia Catalana de Consumo) y Agust\\u00edn Azparren (Magistrado)&quot;,&quot;itemprop&quot;:&quot;image&quot;},{&quot;src&quot;:&quot;https:\\\/\\\/i0.wp.com\\\/staging.asufin.com\\\/staging\\\/wp-content\\\/uploads\\\/2019\\\/07\\\/DSC0148.png?fit=1000%2C667\\u0026ssl=1&quot;,&quot;id&quot;:&quot;44710&quot;,&quot;title&quot;:&quot;Congreso X aniversario de ASUFIN: 10 a\\u00f1os de crisis financiera&quot;,&quot;alt&quot;:&quot;Congreso X aniversario de ASUFIN: 10 a\\u00f1os de crisis financiera&quot;,&quot;caption&quot;:&quot;Vanesa Fern\\u00e1ndez (Vocal Secci\\u00f3n Consumo ICAB), Javier Zapata (Secretario General de la Asociaci\\u00f3n de Emisores), Carles Garc\\u00eda (Presidente Secci\\u00f3n Consumo ICAB)&quot;,&quot;itemprop&quot;:&quot;image&quot;},{&quot;src&quot;:&quot;https:\\\/\\\/i0.wp.com\\\/staging.asufin.com\\\/staging\\\/wp-content\\\/uploads\\\/2019\\\/07\\\/DSC0102.png?fit=1000%2C667\\u0026ssl=1&quot;,&quot;id&quot;:&quot;44704&quot;,&quot;title&quot;:&quot;Congreso X aniversario de ASUFIN: 10 a\\u00f1os de crisis financiera&quot;,&quot;alt&quot;:&quot;Congreso X aniversario de ASUFIN: 10 a\\u00f1os de crisis financiera&quot;,&quot;caption&quot;:&quot;Vanesa Fern\\u00e1ndez (Vocal Secci\\u00f3n Consumo ICAB), Javier Zapata (Secretario General de la Asociaci\\u00f3n de Emisores), Carles Garc\\u00eda (Presidente Secci\\u00f3n Consumo ICAB), Inmaculada Barral (Presidenta Colegio Arbitraje Agencia Catalana de Consumo) y Agust\\u00edn Azparren (Magistrado)&quot;,&quot;itemprop&quot;:&quot;image&quot;},{&quot;src&quot;:&quot;https:\\\/\\\/i0.wp.com\\\/staging.asufin.com\\\/staging\\\/wp-content\\\/uploads\\\/2019\\\/07\\\/DSC0185.png?fit=1000%2C667\\u0026ssl=1&quot;,&quot;id&quot;:&quot;44712&quot;,&quot;title&quot;:&quot;Congreso X aniversario de ASUFIN: 10 a\\u00f1os de crisis financiera&quot;,&quot;alt&quot;:&quot;Congreso X aniversario de ASUFIN: 10 a\\u00f1os de crisis financiera&quot;,&quot;caption&quot;:&quot;Juan Manuel Viver (Finance Watch), Pau Monserrat (Junta Directiva ASUFIN Baleares), Silvia Esc\\u00e1mez ( Miembro AEFI) y Fco. Gonz\\u00e1lez (Magistrado JPI n\\u00ba 38 Barcelona)&quot;,&quot;itemprop&quot;:&quot;image&quot;},{&quot;src&quot;:&quot;https:\\\/\\\/i0.wp.com\\\/staging.asufin.com\\\/staging\\\/wp-content\\\/uploads\\\/2019\\\/07\\\/DSC0179.png?fit=1000%2C667\\u0026ssl=1&quot;,&quot;id&quot;:&quot;44711&quot;,&quot;title&quot;:&quot;Congreso X aniversario de ASUFIN: 10 a\\u00f1os de crisis financiera&quot;,&quot;alt&quot;:&quot;Congreso X aniversario de ASUFIN: 10 a\\u00f1os de crisis financiera&quot;,&quot;caption&quot;:&quot;Juan Manuel Viver (Finance Watch), Pau Monserrat (Junta DirSilvia Esc\\u00e1mez ( Miembro AEFI) y Francisco Gonz\\u00e1lez (Magistrado JPI n\\u00ba 38 Barcelona)&quot;,&quot;itemprop&quot;:&quot;image&quot;},{&quot;src&quot;:&quot;https:\\\/\\\/i0.wp.com\\\/staging.asufin.com\\\/staging\\\/wp-content\\\/uploads\\\/2019\\\/07\\\/DSC0194.png?fit=1000%2C667\\u0026ssl=1&quot;,&quot;id&quot;:&quot;44714&quot;,&quot;title&quot;:&quot;Congreso X aniversario de ASUFIN: 10 a\\u00f1os de crisis financiera&quot;,&quot;alt&quot;:&quot;Congreso X aniversario de ASUFIN: 10 a\\u00f1os de crisis financiera&quot;,&quot;caption&quot;:&quot;Pau Monserrat (Junta Directiva ASUFIN Baleares), Silvia Esc\\u00e1mez ( Miembro AEFI) y Fco. Gonz\\u00e1lez (Magistrado JPI n\\u00ba 38 Barcelona)&quot;,&quot;itemprop&quot;:&quot;image&quot;},{&quot;src&quot;:&quot;https:\\\/\\\/i0.wp.com\\\/staging.asufin.com\\\/staging\\\/wp-content\\\/uploads\\\/2019\\\/07\\\/DSC0188.png?fit=1000%2C667\\u0026ssl=1&quot;,&quot;id&quot;:&quot;44713&quot;,&quot;title&quot;:&quot;Congreso X aniversario de ASUFIN: 10 a\\u00f1os de crisis financiera&quot;,&quot;alt&quot;:&quot;Congreso X aniversario de ASUFIN: 10 a\\u00f1os de crisis financiera&quot;,&quot;caption&quot;:&quot;Asistentes al CONGRESO 10\\u00ba ANIVERASIO ASUFIN&quot;,&quot;itemprop&quot;:&quot;image&quot;},{&quot;src&quot;:&quot;https:\\\/\\\/i0.wp.com\\\/staging.asufin.com\\\/staging\\\/wp-content\\\/uploads\\\/2019\\\/07\\\/DSC0138.png?fit=1000%2C667\\u0026ssl=1&quot;,&quot;id&quot;:&quot;44708&quot;,&quot;title&quot;:&quot;Congreso X aniversario de ASUFIN: 10 a\\u00f1os de crisis financiera&quot;,&quot;alt&quot;:&quot;Congreso X aniversario de ASUFIN: 10 a\\u00f1os de crisis financiera&quot;,&quot;caption&quot;:&quot;Patricia Su\\u00e1rez, presidenta de ASUFIN.&quot;,&quot;itemprop&quot;:&quot;image&quot;},{&quot;src&quot;:&quot;https:\\\/\\\/i0.wp.com\\\/staging.asufin.com\\\/staging\\\/wp-content\\\/uploads\\\/2019\\\/07\\\/DSC0084.png?fit=1000%2C667\\u0026ssl=1&quot;,&quot;id&quot;:&quot;44701&quot;,&quot;title&quot;:&quot;Congreso X aniversario de ASUFIN: 10 a\\u00f1os de crisis financiera&quot;,&quot;alt&quot;:&quot;Congreso X aniversario de ASUFIN: 10 a\\u00f1os de crisis financiera&quot;,&quot;caption&quot;:&quot;Asistentes al CONGRESO 10\\u00ba ANIVERASIO ASUFIN&quot;,&quot;itemprop&quot;:&quot;image&quot;},{&quot;src&quot;:&quot;https:\\\/\\\/i0.wp.com\\\/staging.asufin.com\\\/staging\\\/wp-content\\\/uploads\\\/2019\\\/07\\\/DSC0076.png?fit=1000%2C667\\u0026ssl=1&quot;,&quot;id&quot;:&quot;44700&quot;,&quot;title&quot;:&quot;Congreso X aniversario de ASUFIN: 10 a\\u00f1os de crisis financiera&quot;,&quot;alt&quot;:&quot;Congreso X aniversario de ASUFIN: 10 a\\u00f1os de crisis financiera&quot;,&quot;caption&quot;:&quot;Asistentes al CONGRESO 10\\u00ba ANIVERASIO ASUFIN&quot;,&quot;itemprop&quot;:&quot;image&quot;},{&quot;src&quot;:&quot;https:\\\/\\\/i0.wp.com\\\/staging.asufin.com\\\/staging\\\/wp-content\\\/uploads\\\/2019\\\/07\\\/DSC0127.png?fit=1000%2C667\\u0026ssl=1&quot;,&quot;id&quot;:&quot;44706&quot;,&quot;title&quot;:&quot;Congreso X aniversario de ASUFIN: 10 a\\u00f1os de crisis financiera&quot;,&quot;alt&quot;:&quot;Congreso X aniversario de ASUFIN: 10 a\\u00f1os de crisis financiera&quot;,&quot;caption&quot;:&quot;Asistentes al CONGRESO 10\\u00ba ANIVERASIO ASUFIN&quot;,&quot;itemprop&quot;:&quot;image&quot;},{&quot;src&quot;:&quot;https:\\\/\\\/i0.wp.com\\\/staging.asufin.com\\\/staging\\\/wp-content\\\/uploads\\\/2019\\\/07\\\/DSC0200.png?fit=1000%2C667\\u0026ssl=1&quot;,&quot;id&quot;:&quot;44715&quot;,&quot;title&quot;:&quot;Congreso X aniversario de ASUFIN: 10 a\\u00f1os de crisis financiera&quot;,&quot;alt&quot;:&quot;Congreso X aniversario de ASUFIN: 10 a\\u00f1os de crisis financiera&quot;,&quot;caption&quot;:&quot;Jes\\u00fas S\\u00e1nchez (Secretario ICAB), Roc\\u00edo Perteguer (Registradora), \\u00c1ngel Serrano (Notario) y Paz Cano (Vocal Secci\\u00f3n Consumo ICAB)&quot;,&quot;itemprop&quot;:&quot;image&quot;},{&quot;src&quot;:&quot;https:\\\/\\\/i0.wp.com\\\/staging.asufin.com\\\/staging\\\/wp-content\\\/uploads\\\/2019\\\/07\\\/DSC0213.png?fit=1000%2C667\\u0026ssl=1&quot;,&quot;id&quot;:&quot;44716&quot;,&quot;title&quot;:&quot;Congreso X aniversario de ASUFIN: 10 a\\u00f1os de crisis financiera&quot;,&quot;alt&quot;:&quot;Congreso X aniversario de ASUFIN: 10 a\\u00f1os de crisis financiera&quot;,&quot;caption&quot;:&quot;Roc\\u00edo Perteguer (Registradora), \\u00c1ngel Serrano (Notario)&quot;,&quot;itemprop&quot;:&quot;image&quot;},{&quot;src&quot;:&quot;https:\\\/\\\/i0.wp.com\\\/staging.asufin.com\\\/staging\\\/wp-content\\\/uploads\\\/2019\\\/07\\\/ASUFIN-CELEBRA-SU-D%C3%89CIMO-ANIVERSARIO-EN-BARCELONA.jpg?fit=1600%2C900\\u0026ssl=1&quot;,&quot;id&quot;:&quot;44681&quot;,&quot;title&quot;:&quot;ASUFIN CELEBRA SU D\\u00c9CIMO ANIVERSARIO EN BARCELONA&quot;,&quot;alt&quot;:&quot;Patricia Su\\u00e1rez celebra diez a\\u00f1os de ASUFIN. En la foto con representantes de la secci\\u00f3n de consumo del ICAB&quot;,&quot;caption&quot;:&quot;Patricia Su\\u00e1rez celebra diez a\\u00f1os de ASUFIN. En la foto con representantes de la secci\\u00f3n de consumo del ICAB&quot;,&quot;itemprop&quot;:&quot;image&quot;}]\" itemscope itemtype=\"https:\/\/schema.org\/ImageGallery\"><\/div>\n<p><strong>L&#8217;ARRIBADA DE LES FINTECH: AVANTATGES I RISCOS<\/strong><\/p>\n<p><strong><a href=\"https:\/\/es.linkedin.com\/in\/silvia-escamez\" target=\"_blank\" rel=\"noopener noreferrer\">Silvia Escamez<\/a><\/strong>, membre de l&#8217;Associaci\u00f3 Espanyola de f<span class=\"hiddenSpellError\">intech<\/span>\u00a0i\u00a0<span class=\"hiddenSpellError\">Insurtech<\/span>\u00a0(<span class=\"hiddenSpellError\">AEFI<\/span>),\u00a0<strong><span class=\"hiddenSpellError\">Francisco<\/span>\u00a0Gonz\u00e1lez<\/strong>. Magistrat Titular Jutjat de Primera Inst\u00e0ncia 38 Barcelona i <a href=\"https:\/\/paumonserrat.com\/\" target=\"_blank\" rel=\"noopener noreferrer\">\u00a0<\/a><strong><a href=\"https:\/\/paumonserrat.com\/\" target=\"_blank\" rel=\"noopener noreferrer\">Pau Montserrat<\/a><\/strong>, economista i membre de la Junta Directiva d&#8217;<span class=\"hiddenSpellError\">ASFUIN<\/span> Balears van ser els encarregats de parlar d&#8217;un futur que ja \u00e9s aqu\u00ed. Va moderar la taula<a href=\"https:\/\/translate.google.com\/translate?hl=es&amp;sl=en&amp;tl=es&amp;u=https%3A%2F%2Fwww.finance-watch.org%2Fauthor%2Fjuan-m-viver-gargallo%2F\" target=\"_blank\" rel=\"noopener noreferrer\"><strong> Juan M. Viver<\/strong><\/a> de\u00a0<span class=\"hiddenGrammarError\">Finance<\/span>\u00a0<span class=\"hiddenSpellError\">Watch<\/span>.<\/p>\n<p>Hi ha m\u00e9s de mil <span class=\"hiddenSpellError\">startups<\/span>, m\u00e9s de 300 <a href=\"https:\/\/asufin.com\/fintech-la-banca-tal-como-la-conocemos-dejara-de-existir\/\" target=\"_blank\" rel=\"noopener noreferrer\"><strong>FINTECH<\/strong><\/a> \u00a0i els consumidors hem d&#8217;estar representats, va defensar\u00a0<strong><span class=\"hiddenSpellError\">Esc\u00e1mez<\/span><\/strong>. S&#8217;estan creant serveis i productes complementaris per a la banca i les entitats comencen a entendre l&#8217;interessat de col\u00b7laborar amb les\u00a0<span class=\"hiddenSpellError\">fintech<\/span>. No obstant aix\u00f2, encara no hi ha una regulaci\u00f3 espec\u00edfica i per al magistrat del\u00a0<span class=\"hiddenSpellError\">JPI38<\/span>\u00a0de Barcelona que va portar al\u00a0<span class=\"hiddenSpellError\">TJUE<\/span>\u00a0l&#8217;<span class=\"hiddenSpellError\">IRPH<\/span>, aquests canvis van molt r\u00e0pids i els jutges no poden despistar-se perqu\u00e8 <em>&#8220;Espanya \u00e9s el sis\u00e8 pa\u00eds del m\u00f3n en FINTECH&#8221;<\/em>.<\/p>\n<p><strong><span class=\"hiddenSpellError\">Francisco<\/span>\u00a0Gonz\u00e1lez<\/strong> va agrair a\u00a0<strong><span class=\"hiddenSpellError\">Patricia<\/span>\u00a0Su\u00e1rez<\/strong> la seva visi\u00f3 de futur i la seva tenacitat <a href=\"https:\/\/asufin.com\/asufin-se-incorpora-a-finance-watch\/\" target=\"_blank\" rel=\"noopener noreferrer\"><strong>en con\u00e8ixer el que est\u00e0 arribant al mercat<\/strong><\/a>\u00a0per protegir el m\u00e9s aviat als consumidors dels seus riscos que, per a <strong>Pau Montserrat<\/strong> no s\u00f3n pocs. L&#8217;economista va deixar clar que estem davant d&#8217;un negoci, que com a tal, ha de regular-se:<em> &#8220;No hem d&#8217;oblidar que la tecnologia es posa de part dels poderosos. Hi ha molts riscos que se&#8217;ns poden descontrolar&#8221;<\/em>, ha sentenciat.<\/p>\n<p><strong>TRANSPAR\u00c8NCIA EN LA LLEI DE CONTRACTES DE CR\u00c8DIT IMMOBILIARI<\/strong><\/p>\n<p>El tema del moment, la <span class=\"hiddenSpellError\">LCCI<\/span> i les obligacions que estableix per a registradors i notaris va ser el tema de l&#8217;\u00faltima taula, que va moderar <strong><a href=\"https:\/\/www.icab.es\/?go=eaf9d1a0ec5f1dc58757ad6cffdacedb1a58854a600312cc7cbe27535f3b52adb613ea7700b2de7e501eb8d728c5be3685b428dcf465af4c151dcbaa023a86871ab2740d79c20fbb31cb33bf76c9670eb8fca8c72fc8345317d33edca4fd7ef6ed8c286013daff3a8a798c8b67dd44b6\" target=\"_blank\" rel=\"noopener noreferrer\">Jes\u00fas S\u00e1nchez<\/a><\/strong>, secretari de l&#8217;<span class=\"hiddenSpellError\">ICAB<\/span>. <a href=\"https:\/\/es.linkedin.com\/in\/paz-cano-sallares-b070ab37\" target=\"_blank\" rel=\"noopener noreferrer\"><strong>Paz Cano<\/strong><\/a>. Vocal Secci\u00f3 Consum\u00a0<span class=\"hiddenSpellError\">ICAB<\/span>. <a href=\"http:\/\/www.registradores.org\/junta-de-gobierno\/rocio_perteguer_prieto\/\" target=\"_blank\" rel=\"noopener noreferrer\"><strong>Roc\u00edo Perteguer<\/strong><\/a>. Registradora i\u00a0<strong><span class=\"hiddenSpellError\">\u00c1ngel<\/span>\u00a0Serrano<\/strong>. Notari.<\/p>\n<p>Per <strong>Paz <span class=\"hiddenSpellError\">Cano <\/span><\/strong>el perill d&#8217;aquesta Llei est\u00e0 en els papers: <em>&#8220;em fa por que ens segueixin emborratxant i que limitin la transpar\u00e8ncia que prediquen&#8221;<\/em>. Ha advocat perqu\u00e8 les cl\u00e0usules fossin comprensibles i es va centrar en el paper del notari, sobre el qual recau la responsabilitat que el consumidor entengui el que signa, una cosa que <strong>\u00c0ngel Serrano<\/strong> no comparteix.<\/p>\n<p>Per al notari la transpar\u00e8ncia es d\u00f3na des que gramaticalment \u00e9s comprensible, per\u00f2 la registradora <strong><span class=\"hiddenSpellError\">Roc\u00edo<\/span>\u00a0<span class=\"hiddenSpellError\">Perteguer<\/span><\/strong>\u00a0va destacar que la Llei hagi obligat els bancs a dipositar les Condicions generals de la contractaci\u00f3 en un registre. <em>&#8220;Aquest registre t\u00e9 m\u00e9s visites avui en un dia de les que ha tingut en anys&#8221;<\/em>, ha destacat. <em>&#8220;Va recordar que la hipoteca viu mentre est\u00e0 en el registre i aqu\u00ed han d&#8217;acudir els consumidors per saber i protegir els seus drets&#8221;<\/em><\/p>\n<p><strong>CLAUSURA DE LA JORNADA: EL PAPER DE LES ASSOCIACIONS I LA RECUPERACI\u00d3 DE LA CONFIAN\u00c7A<\/strong><\/p>\n<p><strong>Carles Garc\u00eda<\/strong>, President Secci\u00f3 Consum ICAB i <strong>Patricia Su\u00e1rez<\/strong>. Presidenta d&#8217;<strong>ASUFIN<\/strong>, van clausurar la jornada destacant la import\u00e0ncia del consumidor i el paper que juguen les associacions en pro dels seus drets. Garc\u00eda va celebrar el creixement d&#8217;<strong>ASUFIN<\/strong> en aquests deu anys i la seva manera d&#8217;entendre l&#8217;associacionisme.<\/p>\n<p><strong><span class=\"hiddenSpellError\">Patricia<\/span>\u00a0Su\u00e1rez<\/strong>, per la seva banda, va agrair a l&#8217;<span class=\"hiddenSpellError\">ICAB<\/span>\u00a0la seva col\u00b7laboraci\u00f3 i va resumir la jornada indicant els canvis ocorreguts en el dret dels consumidors en els deu anys de vida d&#8217;<strong><span class=\"hiddenSpellError\">ASUFIN<\/span><\/strong>. <em>&#8220;Fa deu anys no hi havia advocats que defensessin als consumidors i jo vull agrair a l&#8217;advocacia de consum tota la seva tasca perqu\u00e8 \u00e9s una de les millors coses que han passat. No ser\u00edem aqu\u00ed si ells no haguessin defensat amb tant comprom\u00eds als consumidors. Bankia mai hauria negociat sense 75.000 processos judicials i dues sent\u00e8ncies del Suprem&#8221;<\/em>.<\/p>\n<p>La presidenta d&#8217;<strong><span class=\"hiddenSpellError\">ASUFIN<\/span><\/strong> va voler deixar clar que la relaci\u00f3 amb els bancs es basa en la confian\u00e7a i si no la recuperen, tenen un futur impredictible: &#8220;<em>anem a seure, negociarem. Pactar no \u00e9s perdre, pactar \u00e9s guanyar&#8221;<\/em>. Va mostrar la seva confian\u00e7a en el dip\u00f2sit de condicions generals de la contractaci\u00f3 en el Registre i el seu objectiu d&#8217;empoderar com a consumidors. Espanya \u00e9s un pa\u00eds de prestataris:<em> &#8220;hem de saber\u00a0en\u00a0signar el m\u00e9s important i confiar que la resta de les condicions s\u00f3n justes. <a href=\"https:\/\/asufin.com\/lcci-asufin-recurre-la-instruccion-que-rebaja-el-control-de-las-clausulas-por-parte-de-notarios-y-registradores\/\" target=\"_blank\" rel=\"noopener noreferrer\"><strong>Vull seguretat jur\u00eddica per tots<\/strong><\/a><a href=\"https:\/\/asufin.com\/lcci-asufin-recurre-la-instruccion-que-rebaja-el-control-de-las-clausulas-por-parte-de-notarios-y-registradores\/\" target=\"_blank\" rel=\"noopener noreferrer\"><strong>&#8220;<\/strong><\/a><\/em>.<\/p>\n","protected":false},"excerpt":{"rendered":"<p>ASUFIN celebra sus diez a\u00f1os en Barcelona con un jornada informativa <\/p>\n","protected":false},"author":2,"featured_media":44681,"comment_status":"open","ping_status":"closed","sticky":false,"template":"","format":"standard","meta":{"_acf_changed":false,"_jetpack_newsletter_access":"","_jetpack_dont_email_post_to_subs":false,"_jetpack_newsletter_tier_id":0,"_jetpack_memberships_contains_paywalled_content":false,"_jetpack_memberships_contains_paid_content":false,"footnotes":""},"categories":[3278,3279,6884,7313],"tags":[],"class_list":["post-44856","post","type-post","status-publish","format-standard","has-post-thumbnail","hentry","category-asufin-comunicats-cat","category-asufin-destacat-cat","category-asufin-tech-cat","category-tjue-cat"],"acf":[],"jetpack_featured_media_url":"https:\/\/i0.wp.com\/staging.asufin.com\/staging\/wp-content\/uploads\/2019\/07\/ASUFIN-CELEBRA-SU-D%C3%89CIMO-ANIVERSARIO-EN-BARCELONA.jpg?fit=1600%2C900&ssl=1","jetpack_shortlink":"https:\/\/wp.me\/peayLa-bFu","jetpack_likes_enabled":false,"jetpack_sharing_enabled":true,"_links":{"self":[{"href":"https:\/\/staging.asufin.com\/staging\/wp-json\/wp\/v2\/posts\/44856","targetHints":{"allow":["GET"]}}],"collection":[{"href":"https:\/\/staging.asufin.com\/staging\/wp-json\/wp\/v2\/posts"}],"about":[{"href":"https:\/\/staging.asufin.com\/staging\/wp-json\/wp\/v2\/types\/post"}],"author":[{"embeddable":true,"href":"https:\/\/staging.asufin.com\/staging\/wp-json\/wp\/v2\/users\/2"}],"replies":[{"embeddable":true,"href":"https:\/\/staging.asufin.com\/staging\/wp-json\/wp\/v2\/comments?post=44856"}],"version-history":[{"count":1,"href":"https:\/\/staging.asufin.com\/staging\/wp-json\/wp\/v2\/posts\/44856\/revisions"}],"predecessor-version":[{"id":61107,"href":"https:\/\/staging.asufin.com\/staging\/wp-json\/wp\/v2\/posts\/44856\/revisions\/61107"}],"wp:featuredmedia":[{"embeddable":true,"href":"https:\/\/staging.asufin.com\/staging\/wp-json\/wp\/v2\/media\/44681"}],"wp:attachment":[{"href":"https:\/\/staging.asufin.com\/staging\/wp-json\/wp\/v2\/media?parent=44856"}],"wp:term":[{"taxonomy":"category","embeddable":true,"href":"https:\/\/staging.asufin.com\/staging\/wp-json\/wp\/v2\/categories?post=44856"},{"taxonomy":"post_tag","embeddable":true,"href":"https:\/\/staging.asufin.com\/staging\/wp-json\/wp\/v2\/tags?post=44856"}],"curies":[{"name":"wp","href":"https:\/\/api.w.org\/{rel}","templated":true}]}}