{"id":45009,"date":"2019-08-09T09:12:23","date_gmt":"2019-08-09T07:12:23","guid":{"rendered":"https:\/\/www.asufin.com\/?p=45009"},"modified":"2022-07-11T07:57:03","modified_gmt":"2022-07-11T07:57:03","slug":"asufin-presenta-la-primera-demanda-contra-la-agencia-de-valores-q-renta","status":"publish","type":"post","link":"https:\/\/staging.asufin.com\/staging\/asufin-presenta-la-primera-demanda-contra-la-agencia-de-valores-q-renta\/","title":{"rendered":"ASUFIN presenta la primera demanda civil contra la agencia de valores Q-RENTA"},"content":{"rendered":"\n<p>El juzgado n\u00famero 25 de Barcelona ha admitido <strong>la primera demanda por incumplimiento de contrato y&nbsp;conflicto de inter\u00e9s de Q-Renta<\/strong>, cuyos fondos fueron bloqueados el a\u00f1o pasado por la CNMV por su sobreexposici\u00f3n a peque\u00f1as empresas cotizadas.<\/p>\n\n\n\n<p>La demanda, presentada por dos asociados de\u00a0<strong>ASUFIN<\/strong> con un abogado colaborador, reclama entre 200.000 y casi 400.000 euros a la agencia de valores catalana. Sostienen que Q-Renta invirti\u00f3 de forma inadecuada gran parte de su patrimonio en empresas del Mercado Alternativo Burs\u00e1til (MAB), en las que posteriormente se descubri\u00f3 que los gestores de la agencia ten\u00edan intereses econ\u00f3micos. La CNMV dio la voz de alarma al suspender los reembolsos de los fondos y sicavs asesorados por <a href=\"https:\/\/staging.asufin.com\/staging\/reclama\/qrenta-esfera-capital\/\">Qrenta<\/a> debido a la iliquidez de estas compa\u00f1\u00edas.<\/p>\n\n\n\n<h2 class=\"wp-block-heading\">ASUFIN en los medios<\/h2>\n\n\n\n<h5 class=\"wp-block-heading\"><span style=\"background-color:#f4e3ed\" class=\"tadv-background-color\">\u00bb <\/span><a rel=\"noreferrer noopener\" href=\"https:\/\/www.elconfidencial.com\/empresas\/2019-08-09\/tribunal-abre-melon-judicial-jet-set-catalana-qrenta_2169679\/\" target=\"_blank\"><span style=\"background-color:#f4e3ed\" class=\"tadv-background-color\">09.08.2019 &#8211; El Confidencial &#8211; Un tribunal abre el mel\u00f3n judicial de la &#8216;jet set&#8217; catalana contra Qrenta. Un juzgado de Barcelona admite una demanda de Asufin contra la agencia de valores por presunto conflicto de inter\u00e9s con sus inversiones en el MAB y mal asesoramiento.<\/span><\/a><\/h5>\n\n\n\n<h2 class=\"wp-block-heading\"><strong>Otras noticias<\/strong><\/h2>\n\n\n<p><strong>&nbsp;<\/strong><a href=\"https:\/\/www.elconfidencial.com\/empresas\/2019-08-09\/tribunal-abre-melon-judicial-jet-set-catalana-qrenta_2169679\/\" target=\"_blank\" rel=\"noopener noreferrer\">Q-Renta, un nuevo esc\u00e1ndalo en el MAB<\/a><\/p>\n<p><a href=\"https:\/\/asufin.com\/reclama\/qrenta-esfera-capital\/\" target=\"_blank\" rel=\"noopener noreferrer\">C\u00f3mo reclamar si eres un afectado<\/a><\/p>","protected":false},"excerpt":{"rendered":"<p>El juzgado n\u00famero 25 de Barcelona ha admitido la primera demanda por incumplimiento de contrato y\u00a0conflicto de inter\u00e9s de Q-Renta, cuyos fondos fueron bloqueados el a\u00f1o pasado por la CNMV por su sobreexposici\u00f3n a peque\u00f1as empresas cotizadas.<\/p>\n","protected":false},"author":2,"featured_media":45012,"comment_status":"open","ping_status":"closed","sticky":false,"template":"","format":"standard","meta":{"_acf_changed":false,"_jetpack_newsletter_access":"","_jetpack_dont_email_post_to_subs":false,"_jetpack_newsletter_tier_id":0,"_jetpack_memberships_contains_paywalled_content":false,"_jetpack_memberships_contains_paid_content":false,"footnotes":""},"categories":[43,3340],"tags":[],"class_list":["post-45009","post","type-post","status-publish","format-standard","has-post-thumbnail","hentry","category-asufin-destacado","category-qrenta"],"acf":[],"jetpack_featured_media_url":"https:\/\/i0.wp.com\/staging.asufin.com\/staging\/wp-content\/uploads\/2019\/08\/QRENTA.jpg?fit=1200%2C900&ssl=1","jetpack_shortlink":"https:\/\/wp.me\/peayLa-bHX","jetpack_likes_enabled":false,"jetpack_sharing_enabled":true,"_links":{"self":[{"href":"https:\/\/staging.asufin.com\/staging\/wp-json\/wp\/v2\/posts\/45009","targetHints":{"allow":["GET"]}}],"collection":[{"href":"https:\/\/staging.asufin.com\/staging\/wp-json\/wp\/v2\/posts"}],"about":[{"href":"https:\/\/staging.asufin.com\/staging\/wp-json\/wp\/v2\/types\/post"}],"author":[{"embeddable":true,"href":"https:\/\/staging.asufin.com\/staging\/wp-json\/wp\/v2\/users\/2"}],"replies":[{"embeddable":true,"href":"https:\/\/staging.asufin.com\/staging\/wp-json\/wp\/v2\/comments?post=45009"}],"version-history":[{"count":1,"href":"https:\/\/staging.asufin.com\/staging\/wp-json\/wp\/v2\/posts\/45009\/revisions"}],"predecessor-version":[{"id":106925,"href":"https:\/\/staging.asufin.com\/staging\/wp-json\/wp\/v2\/posts\/45009\/revisions\/106925"}],"wp:featuredmedia":[{"embeddable":true,"href":"https:\/\/staging.asufin.com\/staging\/wp-json\/wp\/v2\/media\/45012"}],"wp:attachment":[{"href":"https:\/\/staging.asufin.com\/staging\/wp-json\/wp\/v2\/media?parent=45009"}],"wp:term":[{"taxonomy":"category","embeddable":true,"href":"https:\/\/staging.asufin.com\/staging\/wp-json\/wp\/v2\/categories?post=45009"},{"taxonomy":"post_tag","embeddable":true,"href":"https:\/\/staging.asufin.com\/staging\/wp-json\/wp\/v2\/tags?post=45009"}],"curies":[{"name":"wp","href":"https:\/\/api.w.org\/{rel}","templated":true}]}}