{"id":45693,"date":"2019-09-27T15:20:14","date_gmt":"2019-09-27T13:20:14","guid":{"rendered":"https:\/\/www.asufin.com\/?p=45693"},"modified":"2020-04-24T19:45:54","modified_gmt":"2020-04-24T17:45:54","slug":"irph-congreso-en-barcelona-con-mas-de-300-asistentes-juristas-expertos-y-afectados","status":"publish","type":"post","link":"https:\/\/staging.asufin.com\/staging\/irph-congreso-en-barcelona-con-mas-de-300-asistentes-juristas-expertos-y-afectados\/","title":{"rendered":"IRPH: Congreso en Barcelona con m\u00e1s de 300 asistentes, juristas, expertos y afectados"},"content":{"rendered":"\n<h3 class=\"wp-block-heading\"><strong>Los expertos juristas reunidos en Barcelona por ASUFIN, en colaboraci\u00f3n con ASUFIN Catalu\u00f1a, coinciden en que estos pr\u00e9stamos se comercializaron sin que el consumidor fuera consciente de que el IRPH siempre iba a ser superior al Euribor <\/strong><\/h3>\n\n\n\n<h3 class=\"wp-block-heading\"><strong>El perjuicio econ\u00f3mico generado por estos pr\u00e9stamos al conjunto de afectados se estima en unos 25.000 millones, seg\u00fan ASUFIN que ha presentado ya cinco demandas colectivas <\/strong><\/h3>\n\n\n\n<h3 class=\"wp-block-heading\">La jornada tendr\u00e1 su continuaci\u00f3n, el pr\u00f3ximo 8 de octubre, en el Ilustre Colegio Oficial de Abogados de Vitoria<\/h3>\n\n\n\n<p><strong>Viernes, 27 de septiembre de 2019.<\/strong> El Ilustre Colegio de Abogados de Barcelona fue la sede del Congreso sobre IRPH organizado ayer por ASUFIN, en el que intervinieron profesionales del mundo de la judicatura y del consumo financiero, se gener\u00f3 un interesante debate en torno al controvertido \u00edndice al que est\u00e1n referenciados los pr\u00e9stamos de alrededor de un mill\u00f3n de personas de todo el pa\u00eds y <strong>cont\u00f3 la asistencia de m\u00e1s de 300 personas, entre los que se encontraban abogados, acad\u00e9micos y afectados.<\/strong> <\/p>\n\n\n\n<p>Al respecto, <strong>el abogado Jos\u00e9 Mar\u00eda Erauskin<\/strong>, pionero en la batalla judicial contra estos pr\u00e9stamos, se mostr\u00f3 contundente: \u201c<em>Las entidades han tenido una indudable capacidad de influencia en el c\u00e1lculo del IRPH<\/em>\u201d, lo que a su juicio ha derivado en \u201cconsecuencias econ\u00f3micas negativas\u201d para estos clientes. <strong>Patricia Su\u00e1rez, presidenta de ASUFIN<\/strong>, abund\u00f3 en este tema pero puso el acento \u201cen el debate que se ha abierto en Europa, con grupos de trabajo, para que el Euribor y el L\u00edbor sean m\u00e1s transparentes y obedezcan a operaciones reales\u201d. Lo que contrasta, en su opini\u00f3n, con lo que sucede en nuestro pa\u00eds: \u201cNo s\u00f3lo no hemos hecho nada para que desaparezca el IRPH sino que tampoco para que al menos sea un \u00edndice que corresponda a las operaciones reales del mercado\u201d.<\/p>\n\n\n\n<p>De hecho, y seg\u00fan las estimaciones basadas en la curva de tipos de uno y otro \u00edndice, los hipotecados en IRPH han pagado de media cuotas que alcanzan los 200 euros de media, <strong>con perjuicio econ\u00f3mico para el mill\u00f3n de afectados que podr\u00eda estar en unos 25.000 millones de euros, seg\u00fan c\u00e1lculos periciales de ASUFIN<\/strong>, que ha presentado cinco demandas colectivas. <\/p>\n\n\n\n<div class=\"wp-block-jetpack-slideshow aligncenter\" data-autoplay=\"true\" data-delay=\"3\" data-effect=\"fade\"><div class=\"wp-block-jetpack-slideshow_container swiper-container\"><ul class=\"wp-block-jetpack-slideshow_swiper-wrapper swiper-wrapper\"><li class=\"wp-block-jetpack-slideshow_slide swiper-slide\"><figure><img data-recalc-dims=\"1\" fetchpriority=\"high\" decoding=\"async\" width=\"800\" height=\"450\" alt=\"JORNADA INFORMATIVA IRPH ASUFIN + ICAB\" class=\"wp-block-jetpack-slideshow_image wp-image-45779\" data-id=\"45779\" src=\"https:\/\/i0.wp.com\/asufin.com\/wp-content\/uploads\/2019\/09\/190926_JORNADA_INFORMATIVA_IRPH_ASUFIN_ICAB7-1024x576.jpeg?resize=800%2C450&#038;ssl=1\" title=\"\" srcset=\"https:\/\/i0.wp.com\/staging.asufin.com\/staging\/wp-content\/uploads\/2019\/09\/190926_JORNADA_INFORMATIVA_IRPH_ASUFIN_ICAB7.jpeg?resize=1024%2C576&amp;ssl=1 1024w, https:\/\/i0.wp.com\/staging.asufin.com\/staging\/wp-content\/uploads\/2019\/09\/190926_JORNADA_INFORMATIVA_IRPH_ASUFIN_ICAB7.jpeg?resize=300%2C169&amp;ssl=1 300w, https:\/\/i0.wp.com\/staging.asufin.com\/staging\/wp-content\/uploads\/2019\/09\/190926_JORNADA_INFORMATIVA_IRPH_ASUFIN_ICAB7.jpeg?resize=768%2C432&amp;ssl=1 768w, https:\/\/i0.wp.com\/staging.asufin.com\/staging\/wp-content\/uploads\/2019\/09\/190926_JORNADA_INFORMATIVA_IRPH_ASUFIN_ICAB7.jpeg?resize=1320%2C743&amp;ssl=1 1320w, https:\/\/i0.wp.com\/staging.asufin.com\/staging\/wp-content\/uploads\/2019\/09\/190926_JORNADA_INFORMATIVA_IRPH_ASUFIN_ICAB7.jpeg?w=1600&amp;ssl=1 1600w\" sizes=\"(max-width: 800px) 100vw, 800px\" \/><figcaption class=\"wp-block-jetpack-slideshow_caption gallery-caption\">Guillem Soler (Magistrado JPI 1 de Barcelona) y Jes\u00fas S\u00e1nchez (Secretario del ICAB)<\/figcaption><\/figure><\/li><li class=\"wp-block-jetpack-slideshow_slide swiper-slide\"><figure><img data-recalc-dims=\"1\" decoding=\"async\" width=\"800\" height=\"450\" alt=\"JORNADA INFORMATIVA IRPH ASUFIN + ICAB\" class=\"wp-block-jetpack-slideshow_image wp-image-45803\" data-id=\"45803\" src=\"https:\/\/i0.wp.com\/asufin.com\/wp-content\/uploads\/2019\/09\/190926_JORNADA_INFORMATIVA_IRPH_ASUFIN_ICAB1432-1024x576.jpeg?resize=800%2C450&#038;ssl=1\" title=\"\" srcset=\"https:\/\/i0.wp.com\/staging.asufin.com\/staging\/wp-content\/uploads\/2019\/09\/190926_JORNADA_INFORMATIVA_IRPH_ASUFIN_ICAB1432.jpeg?resize=1024%2C576&amp;ssl=1 1024w, https:\/\/i0.wp.com\/staging.asufin.com\/staging\/wp-content\/uploads\/2019\/09\/190926_JORNADA_INFORMATIVA_IRPH_ASUFIN_ICAB1432.jpeg?resize=300%2C169&amp;ssl=1 300w, https:\/\/i0.wp.com\/staging.asufin.com\/staging\/wp-content\/uploads\/2019\/09\/190926_JORNADA_INFORMATIVA_IRPH_ASUFIN_ICAB1432.jpeg?resize=768%2C432&amp;ssl=1 768w, https:\/\/i0.wp.com\/staging.asufin.com\/staging\/wp-content\/uploads\/2019\/09\/190926_JORNADA_INFORMATIVA_IRPH_ASUFIN_ICAB1432.jpeg?resize=1320%2C743&amp;ssl=1 1320w, https:\/\/i0.wp.com\/staging.asufin.com\/staging\/wp-content\/uploads\/2019\/09\/190926_JORNADA_INFORMATIVA_IRPH_ASUFIN_ICAB1432.jpeg?w=1600&amp;ssl=1 1600w\" sizes=\"(max-width: 800px) 100vw, 800px\" \/><figcaption class=\"wp-block-jetpack-slideshow_caption gallery-caption\">Carlos Garc\u00eda Roqueta (Presidente Secci\u00f3n Derecho Consumo ICAB)<\/figcaption><\/figure><\/li><li class=\"wp-block-jetpack-slideshow_slide swiper-slide\"><figure><img data-recalc-dims=\"1\" decoding=\"async\" width=\"800\" height=\"450\" alt=\"JORNADA INFORMATIVA IRPH ASUFIN + ICAB\" class=\"wp-block-jetpack-slideshow_image wp-image-45784\" data-id=\"45784\" src=\"https:\/\/i0.wp.com\/asufin.com\/wp-content\/uploads\/2019\/09\/190926_JORNADA_INFORMATIVA_IRPH_ASUFIN_ICAB12-1024x576.jpeg?resize=800%2C450&#038;ssl=1\" title=\"\" srcset=\"https:\/\/i0.wp.com\/staging.asufin.com\/staging\/wp-content\/uploads\/2019\/09\/190926_JORNADA_INFORMATIVA_IRPH_ASUFIN_ICAB12.jpeg?resize=1024%2C576&amp;ssl=1 1024w, https:\/\/i0.wp.com\/staging.asufin.com\/staging\/wp-content\/uploads\/2019\/09\/190926_JORNADA_INFORMATIVA_IRPH_ASUFIN_ICAB12.jpeg?resize=300%2C169&amp;ssl=1 300w, https:\/\/i0.wp.com\/staging.asufin.com\/staging\/wp-content\/uploads\/2019\/09\/190926_JORNADA_INFORMATIVA_IRPH_ASUFIN_ICAB12.jpeg?resize=768%2C432&amp;ssl=1 768w, https:\/\/i0.wp.com\/staging.asufin.com\/staging\/wp-content\/uploads\/2019\/09\/190926_JORNADA_INFORMATIVA_IRPH_ASUFIN_ICAB12.jpeg?resize=1320%2C743&amp;ssl=1 1320w, https:\/\/i0.wp.com\/staging.asufin.com\/staging\/wp-content\/uploads\/2019\/09\/190926_JORNADA_INFORMATIVA_IRPH_ASUFIN_ICAB12.jpeg?w=1600&amp;ssl=1 1600w\" sizes=\"(max-width: 800px) 100vw, 800px\" \/><figcaption class=\"wp-block-jetpack-slideshow_caption gallery-caption\">Maite Ortiz (RES Abogados), Patricia Su\u00e1rez (Presidenta de ASUFIN) y Jos\u00e9 M. Erauskin (Abogado ante el TJUE \u2013 C 125- 18)<\/figcaption><\/figure><\/li><li class=\"wp-block-jetpack-slideshow_slide swiper-slide\"><figure><img data-recalc-dims=\"1\" loading=\"lazy\" decoding=\"async\" width=\"800\" height=\"450\" alt=\"JORNADA INFORMATIVA IRPH ASUFIN + ICAB\" class=\"wp-block-jetpack-slideshow_image wp-image-45782\" data-id=\"45782\" src=\"https:\/\/i0.wp.com\/asufin.com\/wp-content\/uploads\/2019\/09\/190926_JORNADA_INFORMATIVA_IRPH_ASUFIN_ICAB10-1024x576.jpeg?resize=800%2C450&#038;ssl=1\" title=\"\" srcset=\"https:\/\/i0.wp.com\/staging.asufin.com\/staging\/wp-content\/uploads\/2019\/09\/190926_JORNADA_INFORMATIVA_IRPH_ASUFIN_ICAB10.jpeg?resize=1024%2C576&amp;ssl=1 1024w, https:\/\/i0.wp.com\/staging.asufin.com\/staging\/wp-content\/uploads\/2019\/09\/190926_JORNADA_INFORMATIVA_IRPH_ASUFIN_ICAB10.jpeg?resize=300%2C169&amp;ssl=1 300w, https:\/\/i0.wp.com\/staging.asufin.com\/staging\/wp-content\/uploads\/2019\/09\/190926_JORNADA_INFORMATIVA_IRPH_ASUFIN_ICAB10.jpeg?resize=768%2C432&amp;ssl=1 768w, https:\/\/i0.wp.com\/staging.asufin.com\/staging\/wp-content\/uploads\/2019\/09\/190926_JORNADA_INFORMATIVA_IRPH_ASUFIN_ICAB10.jpeg?resize=1320%2C743&amp;ssl=1 1320w, https:\/\/i0.wp.com\/staging.asufin.com\/staging\/wp-content\/uploads\/2019\/09\/190926_JORNADA_INFORMATIVA_IRPH_ASUFIN_ICAB10.jpeg?w=1600&amp;ssl=1 1600w\" sizes=\"(max-width: 800px) 100vw, 800px\" \/><figcaption class=\"wp-block-jetpack-slideshow_caption gallery-caption\">Jos\u00e9 M. Erauskin. Abogado ante el TJUE \u2013 C 125- 18<\/figcaption><\/figure><\/li><li class=\"wp-block-jetpack-slideshow_slide swiper-slide\"><figure><img data-recalc-dims=\"1\" loading=\"lazy\" decoding=\"async\" width=\"800\" height=\"450\" alt=\"JORNADA INFORMATIVA IRPH ASUFIN + ICAB\" class=\"wp-block-jetpack-slideshow_image wp-image-45787\" data-id=\"45787\" src=\"https:\/\/i0.wp.com\/asufin.com\/wp-content\/uploads\/2019\/09\/190926_JORNADA_INFORMATIVA_IRPH_ASUFIN_ICAB15-1024x576.jpeg?resize=800%2C450&#038;ssl=1\" title=\"\" srcset=\"https:\/\/i0.wp.com\/staging.asufin.com\/staging\/wp-content\/uploads\/2019\/09\/190926_JORNADA_INFORMATIVA_IRPH_ASUFIN_ICAB15.jpeg?resize=1024%2C576&amp;ssl=1 1024w, https:\/\/i0.wp.com\/staging.asufin.com\/staging\/wp-content\/uploads\/2019\/09\/190926_JORNADA_INFORMATIVA_IRPH_ASUFIN_ICAB15.jpeg?resize=300%2C169&amp;ssl=1 300w, https:\/\/i0.wp.com\/staging.asufin.com\/staging\/wp-content\/uploads\/2019\/09\/190926_JORNADA_INFORMATIVA_IRPH_ASUFIN_ICAB15.jpeg?resize=768%2C432&amp;ssl=1 768w, https:\/\/i0.wp.com\/staging.asufin.com\/staging\/wp-content\/uploads\/2019\/09\/190926_JORNADA_INFORMATIVA_IRPH_ASUFIN_ICAB15.jpeg?resize=1320%2C743&amp;ssl=1 1320w, https:\/\/i0.wp.com\/staging.asufin.com\/staging\/wp-content\/uploads\/2019\/09\/190926_JORNADA_INFORMATIVA_IRPH_ASUFIN_ICAB15.jpeg?w=1600&amp;ssl=1 1600w\" sizes=\"(max-width: 800px) 100vw, 800px\" \/><figcaption class=\"wp-block-jetpack-slideshow_caption gallery-caption\">Maite Ortiz (RES Abogados), Patricia Su\u00e1rez (Presidenta de ASUFIN) y Jos\u00e9 M. Erauskin (Abogado ante el TJUE \u2013 C 125- 18)<\/figcaption><\/figure><\/li><li class=\"wp-block-jetpack-slideshow_slide swiper-slide\"><figure><img data-recalc-dims=\"1\" loading=\"lazy\" decoding=\"async\" width=\"800\" height=\"450\" alt=\"JORNADA INFORMATIVA IRPH ASUFIN + ICAB\" class=\"wp-block-jetpack-slideshow_image wp-image-45775\" data-id=\"45775\" src=\"https:\/\/i0.wp.com\/asufin.com\/wp-content\/uploads\/2019\/09\/190926_JORNADA_INFORMATIVA_IRPH_ASUFIN_ICAB3-1024x576.jpeg?resize=800%2C450&#038;ssl=1\" title=\"\" srcset=\"https:\/\/i0.wp.com\/staging.asufin.com\/staging\/wp-content\/uploads\/2019\/09\/190926_JORNADA_INFORMATIVA_IRPH_ASUFIN_ICAB3.jpeg?resize=1024%2C576&amp;ssl=1 1024w, https:\/\/i0.wp.com\/staging.asufin.com\/staging\/wp-content\/uploads\/2019\/09\/190926_JORNADA_INFORMATIVA_IRPH_ASUFIN_ICAB3.jpeg?resize=300%2C169&amp;ssl=1 300w, https:\/\/i0.wp.com\/staging.asufin.com\/staging\/wp-content\/uploads\/2019\/09\/190926_JORNADA_INFORMATIVA_IRPH_ASUFIN_ICAB3.jpeg?resize=768%2C432&amp;ssl=1 768w, https:\/\/i0.wp.com\/staging.asufin.com\/staging\/wp-content\/uploads\/2019\/09\/190926_JORNADA_INFORMATIVA_IRPH_ASUFIN_ICAB3.jpeg?resize=1320%2C742&amp;ssl=1 1320w, https:\/\/i0.wp.com\/staging.asufin.com\/staging\/wp-content\/uploads\/2019\/09\/190926_JORNADA_INFORMATIVA_IRPH_ASUFIN_ICAB3.jpeg?w=1599&amp;ssl=1 1599w\" sizes=\"(max-width: 800px) 100vw, 800px\" \/><figcaption class=\"wp-block-jetpack-slideshow_caption gallery-caption\">Asistentes a la jornada informativa IRPH<\/figcaption><\/figure><\/li><li class=\"wp-block-jetpack-slideshow_slide swiper-slide\"><figure><img data-recalc-dims=\"1\" loading=\"lazy\" decoding=\"async\" width=\"800\" height=\"450\" alt=\"JORNADA INFORMATIVA IRPH ASUFIN + ICAB\" class=\"wp-block-jetpack-slideshow_image wp-image-45777\" data-id=\"45777\" src=\"https:\/\/i0.wp.com\/asufin.com\/wp-content\/uploads\/2019\/09\/190926_JORNADA_INFORMATIVA_IRPH_ASUFIN_ICAB5-1024x576.jpeg?resize=800%2C450&#038;ssl=1\" title=\"\" srcset=\"https:\/\/i0.wp.com\/staging.asufin.com\/staging\/wp-content\/uploads\/2019\/09\/190926_JORNADA_INFORMATIVA_IRPH_ASUFIN_ICAB5.jpeg?resize=1024%2C576&amp;ssl=1 1024w, https:\/\/i0.wp.com\/staging.asufin.com\/staging\/wp-content\/uploads\/2019\/09\/190926_JORNADA_INFORMATIVA_IRPH_ASUFIN_ICAB5.jpeg?resize=300%2C169&amp;ssl=1 300w, https:\/\/i0.wp.com\/staging.asufin.com\/staging\/wp-content\/uploads\/2019\/09\/190926_JORNADA_INFORMATIVA_IRPH_ASUFIN_ICAB5.jpeg?resize=768%2C432&amp;ssl=1 768w, https:\/\/i0.wp.com\/staging.asufin.com\/staging\/wp-content\/uploads\/2019\/09\/190926_JORNADA_INFORMATIVA_IRPH_ASUFIN_ICAB5.jpeg?resize=1320%2C743&amp;ssl=1 1320w, https:\/\/i0.wp.com\/staging.asufin.com\/staging\/wp-content\/uploads\/2019\/09\/190926_JORNADA_INFORMATIVA_IRPH_ASUFIN_ICAB5.jpeg?w=1600&amp;ssl=1 1600w\" sizes=\"(max-width: 800px) 100vw, 800px\" \/><figcaption class=\"wp-block-jetpack-slideshow_caption gallery-caption\">Patricia Su\u00e1rez (Presidenta de ASUFIN)<\/figcaption><\/figure><\/li><li class=\"wp-block-jetpack-slideshow_slide swiper-slide\"><figure><img data-recalc-dims=\"1\" loading=\"lazy\" decoding=\"async\" width=\"800\" height=\"450\" alt=\"JORNADA INFORMATIVA IRPH ASUFIN + ICAB\" class=\"wp-block-jetpack-slideshow_image wp-image-45799\" data-id=\"45799\" src=\"https:\/\/i0.wp.com\/asufin.com\/wp-content\/uploads\/2019\/09\/190926_JORNADA_INFORMATIVA_IRPH_ASUFIN_ICAB28-1024x576.jpeg?resize=800%2C450&#038;ssl=1\" title=\"\" srcset=\"https:\/\/i0.wp.com\/staging.asufin.com\/staging\/wp-content\/uploads\/2019\/09\/190926_JORNADA_INFORMATIVA_IRPH_ASUFIN_ICAB28.jpeg?resize=1024%2C576&amp;ssl=1 1024w, https:\/\/i0.wp.com\/staging.asufin.com\/staging\/wp-content\/uploads\/2019\/09\/190926_JORNADA_INFORMATIVA_IRPH_ASUFIN_ICAB28.jpeg?resize=300%2C169&amp;ssl=1 300w, https:\/\/i0.wp.com\/staging.asufin.com\/staging\/wp-content\/uploads\/2019\/09\/190926_JORNADA_INFORMATIVA_IRPH_ASUFIN_ICAB28.jpeg?resize=768%2C432&amp;ssl=1 768w, https:\/\/i0.wp.com\/staging.asufin.com\/staging\/wp-content\/uploads\/2019\/09\/190926_JORNADA_INFORMATIVA_IRPH_ASUFIN_ICAB28.jpeg?resize=1320%2C743&amp;ssl=1 1320w, https:\/\/i0.wp.com\/staging.asufin.com\/staging\/wp-content\/uploads\/2019\/09\/190926_JORNADA_INFORMATIVA_IRPH_ASUFIN_ICAB28.jpeg?w=1600&amp;ssl=1 1600w\" sizes=\"(max-width: 800px) 100vw, 800px\" \/><figcaption class=\"wp-block-jetpack-slideshow_caption gallery-caption\">Carlos Garc\u00eda Roqueta (Presidente Secci\u00f3n Derecho Consumo ICAB), Pepe Gim\u00e9nez Alcover (Vocal Secci\u00f3n Derecho Consumo), Patricia Su\u00e1rez (Presidenta de ASUFIN), Oscar Serrano (Abogado demandas colectivas ASUFIN) y Vanesa Fern\u00e1ndez (Vocal de la Secci\u00f3n de Consumo)<\/figcaption><\/figure><\/li><li class=\"wp-block-jetpack-slideshow_slide swiper-slide\"><figure><img data-recalc-dims=\"1\" loading=\"lazy\" decoding=\"async\" width=\"800\" height=\"450\" alt=\"JORNADA INFORMATIVA IRPH ASUFIN + ICAB\" class=\"wp-block-jetpack-slideshow_image wp-image-45796\" data-id=\"45796\" src=\"https:\/\/i0.wp.com\/asufin.com\/wp-content\/uploads\/2019\/09\/190926_JORNADA_INFORMATIVA_IRPH_ASUFIN_ICAB25-1024x576.jpeg?resize=800%2C450&#038;ssl=1\" title=\"\" srcset=\"https:\/\/i0.wp.com\/staging.asufin.com\/staging\/wp-content\/uploads\/2019\/09\/190926_JORNADA_INFORMATIVA_IRPH_ASUFIN_ICAB25.jpeg?resize=1024%2C576&amp;ssl=1 1024w, https:\/\/i0.wp.com\/staging.asufin.com\/staging\/wp-content\/uploads\/2019\/09\/190926_JORNADA_INFORMATIVA_IRPH_ASUFIN_ICAB25.jpeg?resize=300%2C169&amp;ssl=1 300w, https:\/\/i0.wp.com\/staging.asufin.com\/staging\/wp-content\/uploads\/2019\/09\/190926_JORNADA_INFORMATIVA_IRPH_ASUFIN_ICAB25.jpeg?resize=768%2C432&amp;ssl=1 768w, https:\/\/i0.wp.com\/staging.asufin.com\/staging\/wp-content\/uploads\/2019\/09\/190926_JORNADA_INFORMATIVA_IRPH_ASUFIN_ICAB25.jpeg?resize=1320%2C743&amp;ssl=1 1320w, https:\/\/i0.wp.com\/staging.asufin.com\/staging\/wp-content\/uploads\/2019\/09\/190926_JORNADA_INFORMATIVA_IRPH_ASUFIN_ICAB25.jpeg?w=1600&amp;ssl=1 1600w\" sizes=\"(max-width: 800px) 100vw, 800px\" \/><figcaption class=\"wp-block-jetpack-slideshow_caption gallery-caption\">Vanesa Fern\u00e1ndez (Vocal de la Secci\u00f3n de Consumo)<\/figcaption><\/figure><\/li><li class=\"wp-block-jetpack-slideshow_slide swiper-slide\"><figure><img data-recalc-dims=\"1\" loading=\"lazy\" decoding=\"async\" width=\"800\" height=\"450\" alt=\"JORNADA INFORMATIVA IRPH ASUFIN + ICAB\" class=\"wp-block-jetpack-slideshow_image wp-image-45802\" data-id=\"45802\" src=\"https:\/\/i0.wp.com\/asufin.com\/wp-content\/uploads\/2019\/09\/190926_JORNADA_INFORMATIVA_IRPH_ASUFIN_ICAB31-1024x576.jpeg?resize=800%2C450&#038;ssl=1\" title=\"\" srcset=\"https:\/\/i0.wp.com\/staging.asufin.com\/staging\/wp-content\/uploads\/2019\/09\/190926_JORNADA_INFORMATIVA_IRPH_ASUFIN_ICAB31.jpeg?resize=1024%2C576&amp;ssl=1 1024w, https:\/\/i0.wp.com\/staging.asufin.com\/staging\/wp-content\/uploads\/2019\/09\/190926_JORNADA_INFORMATIVA_IRPH_ASUFIN_ICAB31.jpeg?resize=300%2C169&amp;ssl=1 300w, https:\/\/i0.wp.com\/staging.asufin.com\/staging\/wp-content\/uploads\/2019\/09\/190926_JORNADA_INFORMATIVA_IRPH_ASUFIN_ICAB31.jpeg?resize=768%2C432&amp;ssl=1 768w, https:\/\/i0.wp.com\/staging.asufin.com\/staging\/wp-content\/uploads\/2019\/09\/190926_JORNADA_INFORMATIVA_IRPH_ASUFIN_ICAB31.jpeg?resize=1320%2C743&amp;ssl=1 1320w, https:\/\/i0.wp.com\/staging.asufin.com\/staging\/wp-content\/uploads\/2019\/09\/190926_JORNADA_INFORMATIVA_IRPH_ASUFIN_ICAB31.jpeg?w=1600&amp;ssl=1 1600w\" sizes=\"(max-width: 800px) 100vw, 800px\" \/><figcaption class=\"wp-block-jetpack-slideshow_caption gallery-caption\">Patricia Su\u00e1rez (Presidenta de ASUFIN) y Oscar Serrano (Abogado demandas colectivas ASUFIN) <\/figcaption><\/figure><\/li><li class=\"wp-block-jetpack-slideshow_slide swiper-slide\"><figure><img data-recalc-dims=\"1\" loading=\"lazy\" decoding=\"async\" width=\"800\" height=\"450\" alt=\"JORNADA INFORMATIVA IRPH ASUFIN + ICAB\" class=\"wp-block-jetpack-slideshow_image wp-image-45781\" data-id=\"45781\" src=\"https:\/\/i0.wp.com\/asufin.com\/wp-content\/uploads\/2019\/09\/190926_JORNADA_INFORMATIVA_IRPH_ASUFIN_ICAB9-1024x576.jpeg?resize=800%2C450&#038;ssl=1\" title=\"\" srcset=\"https:\/\/i0.wp.com\/staging.asufin.com\/staging\/wp-content\/uploads\/2019\/09\/190926_JORNADA_INFORMATIVA_IRPH_ASUFIN_ICAB9.jpeg?resize=1024%2C576&amp;ssl=1 1024w, https:\/\/i0.wp.com\/staging.asufin.com\/staging\/wp-content\/uploads\/2019\/09\/190926_JORNADA_INFORMATIVA_IRPH_ASUFIN_ICAB9.jpeg?resize=300%2C169&amp;ssl=1 300w, https:\/\/i0.wp.com\/staging.asufin.com\/staging\/wp-content\/uploads\/2019\/09\/190926_JORNADA_INFORMATIVA_IRPH_ASUFIN_ICAB9.jpeg?resize=768%2C432&amp;ssl=1 768w, https:\/\/i0.wp.com\/staging.asufin.com\/staging\/wp-content\/uploads\/2019\/09\/190926_JORNADA_INFORMATIVA_IRPH_ASUFIN_ICAB9.jpeg?resize=1320%2C742&amp;ssl=1 1320w, https:\/\/i0.wp.com\/staging.asufin.com\/staging\/wp-content\/uploads\/2019\/09\/190926_JORNADA_INFORMATIVA_IRPH_ASUFIN_ICAB9.jpeg?w=1599&amp;ssl=1 1599w\" sizes=\"(max-width: 800px) 100vw, 800px\" \/><figcaption class=\"wp-block-jetpack-slideshow_caption gallery-caption\">Asistentes a la jornada informativa IRPH <\/figcaption><\/figure><\/li><li class=\"wp-block-jetpack-slideshow_slide swiper-slide\"><figure><img data-recalc-dims=\"1\" loading=\"lazy\" decoding=\"async\" width=\"800\" height=\"450\" alt=\"JORNADA INFORMATIVA IRPH ASUFIN + ICAB\" class=\"wp-block-jetpack-slideshow_image wp-image-45791\" data-id=\"45791\" src=\"https:\/\/i0.wp.com\/asufin.com\/wp-content\/uploads\/2019\/09\/190926_JORNADA_INFORMATIVA_IRPH_ASUFIN_ICAB19-1024x576.jpeg?resize=800%2C450&#038;ssl=1\" title=\"\" srcset=\"https:\/\/i0.wp.com\/staging.asufin.com\/staging\/wp-content\/uploads\/2019\/09\/190926_JORNADA_INFORMATIVA_IRPH_ASUFIN_ICAB19.jpeg?resize=1024%2C576&amp;ssl=1 1024w, https:\/\/i0.wp.com\/staging.asufin.com\/staging\/wp-content\/uploads\/2019\/09\/190926_JORNADA_INFORMATIVA_IRPH_ASUFIN_ICAB19.jpeg?resize=300%2C169&amp;ssl=1 300w, https:\/\/i0.wp.com\/staging.asufin.com\/staging\/wp-content\/uploads\/2019\/09\/190926_JORNADA_INFORMATIVA_IRPH_ASUFIN_ICAB19.jpeg?resize=768%2C432&amp;ssl=1 768w, https:\/\/i0.wp.com\/staging.asufin.com\/staging\/wp-content\/uploads\/2019\/09\/190926_JORNADA_INFORMATIVA_IRPH_ASUFIN_ICAB19.jpeg?resize=1320%2C743&amp;ssl=1 1320w, https:\/\/i0.wp.com\/staging.asufin.com\/staging\/wp-content\/uploads\/2019\/09\/190926_JORNADA_INFORMATIVA_IRPH_ASUFIN_ICAB19.jpeg?w=1600&amp;ssl=1 1600w\" sizes=\"(max-width: 800px) 100vw, 800px\" \/><figcaption class=\"wp-block-jetpack-slideshow_caption gallery-caption\">Pepe Gim\u00e9nez Alcover (Vocal Secci\u00f3n Derecho Consumo)<\/figcaption><\/figure><\/li><\/ul><a class=\"wp-block-jetpack-slideshow_button-prev swiper-button-prev swiper-button-white\" role=\"button\"><\/a><a class=\"wp-block-jetpack-slideshow_button-next swiper-button-next swiper-button-white\" role=\"button\"><\/a><a aria-label=\"Pause Slideshow\" class=\"wp-block-jetpack-slideshow_button-pause\" role=\"button\"><\/a><div class=\"wp-block-jetpack-slideshow_pagination swiper-pagination swiper-pagination-white\"><\/div><\/div><\/div>\n\n\n\n<p>Jos\u00e9 Mar\u00eda Erauskin explic\u00f3 que \u201c<em>el dato que las entidades remiten al Banco de Espa\u00f1a para la configuraci\u00f3n del IRPH corresponde a la TAE, cuyos elementos muchas veces dependen de la propia entidad: si quiere aplicar un 1% de comisi\u00f3n de apertura o no<\/em>\u201d. &nbsp;Abundando en esta idea, llam\u00f3 la atenci\u00f3n sobre que el hecho de que entre 2009 y 2013, mientras el Euribor baj\u00f3 hasta alcanzar m\u00ednimos hist\u00f3ricos, <strong>el IRPH que contiene el Euribor en su c\u00e1lculo<\/strong>, no s\u00f3lo no acompa\u00f1a esa bajada sino que, por el contrario, experimenta subidas. Lo que tiene una explicaci\u00f3n l\u00f3gica, a juicio del abogado: \u201c<em>Las entidades que suscriben los nuevos contratos lo hacen a un diferencial mayor, si el Euribor baja yo subo mis comisiones<\/em>\u201d.<\/p>\n\n\n\n<p>Erauskin se refiri\u00f3 a dos consecuencias econ\u00f3micas perversas m\u00e1s en la referenciaci\u00f3n del IRPH a los pr\u00e9stamos. Por una parte, \u201c<em>no es cierto que sea una media de los pr\u00e9stamos de todas las entidades, ya que quedan excluidos los correspondientes a Vivienda de Protecci\u00f3n Oficial (VPO) y los que se comercializan a empleados de banca. <strong>Si hacemos una media pero excluimos lo m\u00e1s barato, estamos haciendo una media con lo m\u00e1s caro<\/strong><\/em>\u201d. Por otra, que si para el c\u00e1lculo de este \u00edndice se suman comisiones y gastos la entidad est\u00e1 duplicando el coste del pr\u00e9stamo, sostiene Erauskin. Una eventualidad de la que fue consciente el Banco de Espa\u00f1a y para la que introdujo en su circular 5.94 la aplicaci\u00f3n de un diferencial negativo. \u201c<em>Pero la experiencia demuestra que ese diferencial no se llega a aplicar nunca<\/em>\u201d, afirm\u00f3.<\/p>\n\n\n\n<p>Al respecto de los afectados por hipotecas referenciadas en IRPH que corresponden a VPO, Patricia Su\u00e1rez a\u00f1adi\u00f3: \u201c<strong>Pedimos al Legislador que proteja a aquellas personas que tengan VPO<\/strong> porque el inter\u00e9s lo fija el consejo de ministros y depende de ellos que esas familias tengan un hipoteca igual que el resto de los espa\u00f1oles\u201d.<\/p>\n\n\n\n<blockquote class=\"wp-block-quote is-layout-flow wp-block-quote-is-layout-flow\"><p><span style=\"background-color:#f4e3ed\" class=\"tadv-background-color\">Con respecto al IRPH se dijeron medias verdades porque se ocult\u00f3 que siempre iba a ser m\u00e1s caro que el Eur\u00edbor<\/span><\/p><\/blockquote>\n\n\n\n<p><strong>Evoluci\u00f3n\ndel IRPH<\/strong><\/p>\n\n\n\n<p>Por su parte, los abogados <strong>\u00d3scar Serrano y Vanesa Fern\u00e1ndez<\/strong> insistieron en que la\ncomercializaci\u00f3n del IRPH nunca fue acompa\u00f1ada de una informaci\u00f3n pormenorizada\nde la evoluci\u00f3n hist\u00f3rica de este \u00edndice. \u201c<em>No\ndieron ese folleto con la curva de tipos en la que pudiera verse que el IRPH\nsiempre era m\u00e1s caro que el Euribor<\/em>\u201d, sentenci\u00f3 Serrano, que a\u00f1adi\u00f3: \u201c<em>Nos dijeron medias verdades y hubo un enga\u00f1o\ngeneralizado<\/em>\u201d. &nbsp;<\/p>\n\n\n\n<p>Tambi\u00e9n denunci\u00f3 que \u201c<em>el Gobierno no protege los intereses de los consumidores<\/em>\u201d y critic\u00f3\nla falta de medios material y humana de los juzgados especializados en\ncl\u00e1usulas abusivas bancarias: \u201c<em>hemos\npuesto demandas hace dos a\u00f1os y ni siquiera han sido admitidas a tr\u00e1mite. Y los\nclientes no lo entienden<\/em>\u201d. <\/p>\n\n\n\n<p>El abogado <strong>Pepe Gim\u00e9nez Alcover <\/strong>insisti\u00f3 igualmente en la idea de que hay fundamentos de fondo que explican que los pr\u00e9stamos referenciados a IRPH van a ser m\u00e1s caros siempre que los indiciados en Euribor y es que este \u00faltimo marca el precio del dinero al por mayor, mientras que el IRPH representa el precio del dinero al por menor. Siempre estar\u00e1 en tasas positivo y nunca en negativas, explic\u00f3. \u201c<em>Porque ning\u00fan comerciante vende a p\u00e9rdida<\/em>\u201d.  En otro orden de cosas, el Magistrado Guillem Soler puso el acento sobre los elementos espec\u00edficos del IRPH: \u201c<em>Mucho de lo que se critica al IRPH tambi\u00e9n lo tiene el Euribor. Sin embargo, hay cosas especificidades del IRPH como su menor publicidad, que se basa en los datos de las entidades espa\u00f1olas y no europeas, la complejidad de la configuraci\u00f3n, que no es una media ponderada adem\u00e1s de que suma otros elementos como el TAE, los intereses, comisiones a lo que se suma el propio Euribor<\/em>.\u201d <\/p>\n\n\n\n<p><span style=\"background-color:#f4e3ed\" class=\"tadv-background-color\">Puedes ver el streaming de la jornada informativa que organiz\u00f3 ASUFIN junto con el Ilustre Colegio de Abogados de Barcelona en nuestro canal de Youtube o en cualquiera de nuestras RRSS<\/span><\/p>\n\n\n\n<p>? <a href=\"https:\/\/www.facebook.com\/asufin.org\/videos\/3142427269133149\/\" target=\"_blank\" rel=\"noopener\">STREAMING en Facebook <\/a> <\/p>\n\n\n\n<p>? <a href=\"https:\/\/www.pscp.tv\/asufin_\/1vOGwaWvrORxB?t=11m18s\" target=\"_blank\" rel=\"noopener\">STREAMING en Twitter<\/a><\/p>\n\n\n\n<figure class=\"wp-block-image\"><a href=\"https:\/\/www.youtube.com\/watch?v=BuvBib3cgm0\" target=\"_blank\" rel=\"noreferrer noopener\"><img data-recalc-dims=\"1\" loading=\"lazy\" decoding=\"async\" width=\"800\" height=\"450\" data-attachment-id=\"45695\" data-permalink=\"https:\/\/staging.asufin.com\/staging\/irph-congreso-en-barcelona-con-mas-de-300-asistentes-juristas-expertos-y-afectados\/mi-pelicula-2\/\" data-orig-file=\"https:\/\/i0.wp.com\/staging.asufin.com\/staging\/wp-content\/uploads\/2019\/09\/Mi-peli%CC%81cula-2.jpg?fit=1280%2C720&amp;ssl=1\" data-orig-size=\"1280,720\" data-comments-opened=\"1\" data-image-meta=\"{&quot;aperture&quot;:&quot;0&quot;,&quot;credit&quot;:&quot;&quot;,&quot;camera&quot;:&quot;&quot;,&quot;caption&quot;:&quot;&quot;,&quot;created_timestamp&quot;:&quot;0&quot;,&quot;copyright&quot;:&quot;&quot;,&quot;focal_length&quot;:&quot;0&quot;,&quot;iso&quot;:&quot;0&quot;,&quot;shutter_speed&quot;:&quot;0&quot;,&quot;title&quot;:&quot;&quot;,&quot;orientation&quot;:&quot;0&quot;}\" data-image-title=\"Streaming IRPH ASUFIN + ICAB\" data-image-description=\"&lt;p&gt;Streaming IRPH ASUFIN + ICAB &lt;\/p&gt;\n\" data-image-caption=\"\" data-large-file=\"https:\/\/i0.wp.com\/staging.asufin.com\/staging\/wp-content\/uploads\/2019\/09\/Mi-peli%CC%81cula-2.jpg?fit=800%2C450&amp;ssl=1\" src=\"https:\/\/i0.wp.com\/asufin.com\/wp-content\/uploads\/2019\/09\/Mi-peli%CC%81cula-2-1024x576.jpg?resize=800%2C450&#038;ssl=1\" alt=\"\" class=\"wp-image-45695\" title=\"\" srcset=\"https:\/\/i0.wp.com\/staging.asufin.com\/staging\/wp-content\/uploads\/2019\/09\/Mi-peli%CC%81cula-2.jpg?resize=1024%2C576&amp;ssl=1 1024w, https:\/\/i0.wp.com\/staging.asufin.com\/staging\/wp-content\/uploads\/2019\/09\/Mi-peli%CC%81cula-2.jpg?resize=300%2C169&amp;ssl=1 300w, https:\/\/i0.wp.com\/staging.asufin.com\/staging\/wp-content\/uploads\/2019\/09\/Mi-peli%CC%81cula-2.jpg?resize=768%2C432&amp;ssl=1 768w, https:\/\/i0.wp.com\/staging.asufin.com\/staging\/wp-content\/uploads\/2019\/09\/Mi-peli%CC%81cula-2.jpg?w=1280&amp;ssl=1 1280w\" sizes=\"(max-width: 800px) 100vw, 800px\" \/><\/a><\/figure>\n","protected":false},"excerpt":{"rendered":"<p>Los expertos juristas reunidos en Barcelona por ASUFIN, en colaboraci\u00f3n con ASUFIN Catalu\u00f1a, coinciden en que estos pr\u00e9stamos se comercializaron sin que el consumidor fuera consciente de que el IRPH siempre iba a ser superior al Euribor El perjuicio econ\u00f3mico generado por estos pr\u00e9stamos al conjunto de afectados se estima en unos 25.000 millones, seg\u00fan [&hellip;]<\/p>\n","protected":false},"author":2,"featured_media":45775,"comment_status":"open","ping_status":"closed","sticky":false,"template":"","format":"standard","meta":{"_acf_changed":false,"_jetpack_newsletter_access":"","_jetpack_dont_email_post_to_subs":false,"_jetpack_newsletter_tier_id":0,"_jetpack_memberships_contains_paywalled_content":false,"_jetpack_memberships_contains_paid_content":false,"footnotes":""},"categories":[191,42,3357],"tags":[253,2789,1624,3355],"class_list":["post-45693","post","type-post","status-publish","format-standard","has-post-thumbnail","hentry","category-eventos","category-irph","category-tjue","tag-barcelona","tag-icab","tag-irph","tag-jose-maria-erauskin"],"acf":[],"jetpack_featured_media_url":"https:\/\/i0.wp.com\/staging.asufin.com\/staging\/wp-content\/uploads\/2019\/09\/190926_JORNADA_INFORMATIVA_IRPH_ASUFIN_ICAB3.jpeg?fit=1599%2C899&ssl=1","jetpack_shortlink":"https:\/\/wp.me\/peayLa-bSZ","jetpack_likes_enabled":false,"jetpack_sharing_enabled":true,"_links":{"self":[{"href":"https:\/\/staging.asufin.com\/staging\/wp-json\/wp\/v2\/posts\/45693","targetHints":{"allow":["GET"]}}],"collection":[{"href":"https:\/\/staging.asufin.com\/staging\/wp-json\/wp\/v2\/posts"}],"about":[{"href":"https:\/\/staging.asufin.com\/staging\/wp-json\/wp\/v2\/types\/post"}],"author":[{"embeddable":true,"href":"https:\/\/staging.asufin.com\/staging\/wp-json\/wp\/v2\/users\/2"}],"replies":[{"embeddable":true,"href":"https:\/\/staging.asufin.com\/staging\/wp-json\/wp\/v2\/comments?post=45693"}],"version-history":[{"count":0,"href":"https:\/\/staging.asufin.com\/staging\/wp-json\/wp\/v2\/posts\/45693\/revisions"}],"wp:featuredmedia":[{"embeddable":true,"href":"https:\/\/staging.asufin.com\/staging\/wp-json\/wp\/v2\/media\/45775"}],"wp:attachment":[{"href":"https:\/\/staging.asufin.com\/staging\/wp-json\/wp\/v2\/media?parent=45693"}],"wp:term":[{"taxonomy":"category","embeddable":true,"href":"https:\/\/staging.asufin.com\/staging\/wp-json\/wp\/v2\/categories?post=45693"},{"taxonomy":"post_tag","embeddable":true,"href":"https:\/\/staging.asufin.com\/staging\/wp-json\/wp\/v2\/tags?post=45693"}],"curies":[{"name":"wp","href":"https:\/\/api.w.org\/{rel}","templated":true}]}}