{"id":46107,"date":"2019-10-09T09:00:51","date_gmt":"2019-10-09T07:00:51","guid":{"rendered":"https:\/\/www.asufin.com\/?p=46107"},"modified":"2019-12-23T11:30:41","modified_gmt":"2019-12-23T10:30:41","slug":"irph-congreso-en-vitoria","status":"publish","type":"post","link":"https:\/\/staging.asufin.com\/staging\/irph-congreso-en-vitoria\/","title":{"rendered":"IRPH: Conferencia en Vitoria con los art\u00edfices de que este \u00edndice se cuestione en el TJUE"},"content":{"rendered":"\n<h3 class=\"wp-block-heading\">As<strong>istieron como ponentes letrados y magistrados que cuestionaron en su momento el IRPH y abrieron con ello el camino a la consideraci\u00f3n de la abusividad de estos pr\u00e9stamos<\/strong><\/h3>\n\n\n\n<p>La jornada organizada por ASUFIN con la colaboraci\u00f3n del Ilustre Colegio Oficial de Abogados de \u00c1lava, contar\u00f3 con la presencia de personalidades del mundo de la judicatura que han sido piezas esenciales en el recorrido judicial que ha seguido hasta Europa este caso de abusividad bancaria. <\/p>\n\n\n\n<figure class=\"wp-block-image\"><img data-recalc-dims=\"1\" fetchpriority=\"high\" decoding=\"async\" width=\"800\" height=\"600\" data-attachment-id=\"46115\" data-permalink=\"https:\/\/staging.asufin.com\/staging\/irph-congreso-en-vitoria\/191008_jornada_irph_vitoria3\/\" data-orig-file=\"https:\/\/i0.wp.com\/staging.asufin.com\/staging\/wp-content\/uploads\/2019\/10\/191008_JORNADA_IRPH_VITORIA3.jpeg?fit=1600%2C1200&amp;ssl=1\" data-orig-size=\"1600,1200\" data-comments-opened=\"1\" data-image-meta=\"{&quot;aperture&quot;:&quot;0&quot;,&quot;credit&quot;:&quot;&quot;,&quot;camera&quot;:&quot;&quot;,&quot;caption&quot;:&quot;&quot;,&quot;created_timestamp&quot;:&quot;0&quot;,&quot;copyright&quot;:&quot;&quot;,&quot;focal_length&quot;:&quot;0&quot;,&quot;iso&quot;:&quot;0&quot;,&quot;shutter_speed&quot;:&quot;0&quot;,&quot;title&quot;:&quot;&quot;,&quot;orientation&quot;:&quot;0&quot;}\" data-image-title=\"IRPH: Conferencia en Vitoria con los art\u00edfices de que este \u00edndice se cuestione en el TJUE\" data-image-description=\"&lt;p&gt;IRPH: Conferencia en Vitoria con los art\u00edfices de que este \u00edndice se cuestione en el TJUE&lt;\/p&gt;\n\" data-image-caption=\"\" data-large-file=\"https:\/\/i0.wp.com\/staging.asufin.com\/staging\/wp-content\/uploads\/2019\/10\/191008_JORNADA_IRPH_VITORIA3.jpeg?fit=800%2C600&amp;ssl=1\" src=\"https:\/\/i0.wp.com\/asufin.com\/wp-content\/uploads\/2019\/10\/191008_JORNADA_IRPH_VITORIA3-1024x768.jpeg?resize=800%2C600&#038;ssl=1\" alt=\"\" class=\"wp-image-46115\" title=\"\" srcset=\"https:\/\/i0.wp.com\/staging.asufin.com\/staging\/wp-content\/uploads\/2019\/10\/191008_JORNADA_IRPH_VITORIA3.jpeg?resize=1024%2C768&amp;ssl=1 1024w, https:\/\/i0.wp.com\/staging.asufin.com\/staging\/wp-content\/uploads\/2019\/10\/191008_JORNADA_IRPH_VITORIA3.jpeg?resize=300%2C225&amp;ssl=1 300w, https:\/\/i0.wp.com\/staging.asufin.com\/staging\/wp-content\/uploads\/2019\/10\/191008_JORNADA_IRPH_VITORIA3.jpeg?resize=768%2C576&amp;ssl=1 768w, https:\/\/i0.wp.com\/staging.asufin.com\/staging\/wp-content\/uploads\/2019\/10\/191008_JORNADA_IRPH_VITORIA3.jpeg?resize=1320%2C990&amp;ssl=1 1320w, https:\/\/i0.wp.com\/staging.asufin.com\/staging\/wp-content\/uploads\/2019\/10\/191008_JORNADA_IRPH_VITORIA3.jpeg?w=1600&amp;ssl=1 1600w\" sizes=\"(max-width: 800px) 100vw, 800px\" \/><\/figure>\n\n\n\n<figure class=\"wp-block-image\"><img data-recalc-dims=\"1\" decoding=\"async\" width=\"800\" height=\"600\" data-attachment-id=\"46114\" data-permalink=\"https:\/\/staging.asufin.com\/staging\/irph-congreso-en-vitoria\/191008_jornada_irph_vitoria2\/\" data-orig-file=\"https:\/\/i0.wp.com\/staging.asufin.com\/staging\/wp-content\/uploads\/2019\/10\/191008_JORNADA_IRPH_VITORIA2.jpeg?fit=1600%2C1200&amp;ssl=1\" data-orig-size=\"1600,1200\" data-comments-opened=\"1\" data-image-meta=\"{&quot;aperture&quot;:&quot;0&quot;,&quot;credit&quot;:&quot;&quot;,&quot;camera&quot;:&quot;&quot;,&quot;caption&quot;:&quot;&quot;,&quot;created_timestamp&quot;:&quot;0&quot;,&quot;copyright&quot;:&quot;&quot;,&quot;focal_length&quot;:&quot;0&quot;,&quot;iso&quot;:&quot;0&quot;,&quot;shutter_speed&quot;:&quot;0&quot;,&quot;title&quot;:&quot;&quot;,&quot;orientation&quot;:&quot;0&quot;}\" data-image-title=\"IRPH VITORIA ASUFIN &#8211; 08.10.19\" data-image-description=\"&lt;p&gt;IRPH VITORIA ASUFIN &#8211; 08.10.19&lt;\/p&gt;\n\" data-image-caption=\"\" data-large-file=\"https:\/\/i0.wp.com\/staging.asufin.com\/staging\/wp-content\/uploads\/2019\/10\/191008_JORNADA_IRPH_VITORIA2.jpeg?fit=800%2C600&amp;ssl=1\" src=\"https:\/\/i0.wp.com\/asufin.com\/wp-content\/uploads\/2019\/10\/191008_JORNADA_IRPH_VITORIA2-1024x768.jpeg?resize=800%2C600&#038;ssl=1\" alt=\"IRPH VITORIA ASUFIN - 08.10.19\" class=\"wp-image-46114\" title=\"\" srcset=\"https:\/\/i0.wp.com\/staging.asufin.com\/staging\/wp-content\/uploads\/2019\/10\/191008_JORNADA_IRPH_VITORIA2.jpeg?resize=1024%2C768&amp;ssl=1 1024w, https:\/\/i0.wp.com\/staging.asufin.com\/staging\/wp-content\/uploads\/2019\/10\/191008_JORNADA_IRPH_VITORIA2.jpeg?resize=300%2C225&amp;ssl=1 300w, https:\/\/i0.wp.com\/staging.asufin.com\/staging\/wp-content\/uploads\/2019\/10\/191008_JORNADA_IRPH_VITORIA2.jpeg?resize=768%2C576&amp;ssl=1 768w, https:\/\/i0.wp.com\/staging.asufin.com\/staging\/wp-content\/uploads\/2019\/10\/191008_JORNADA_IRPH_VITORIA2.jpeg?resize=1320%2C990&amp;ssl=1 1320w, https:\/\/i0.wp.com\/staging.asufin.com\/staging\/wp-content\/uploads\/2019\/10\/191008_JORNADA_IRPH_VITORIA2.jpeg?w=1600&amp;ssl=1 1600w\" sizes=\"(max-width: 800px) 100vw, 800px\" \/><\/figure>\n\n\n\n<figure class=\"wp-block-image\"><img data-recalc-dims=\"1\" decoding=\"async\" width=\"800\" height=\"600\" data-attachment-id=\"46113\" data-permalink=\"https:\/\/staging.asufin.com\/staging\/irph-congreso-en-vitoria\/191008_jornada_irph_vitoria\/\" data-orig-file=\"https:\/\/i0.wp.com\/staging.asufin.com\/staging\/wp-content\/uploads\/2019\/10\/191008_JORNADA_IRPH_VITORIA.jpeg?fit=1600%2C1200&amp;ssl=1\" data-orig-size=\"1600,1200\" data-comments-opened=\"1\" data-image-meta=\"{&quot;aperture&quot;:&quot;0&quot;,&quot;credit&quot;:&quot;&quot;,&quot;camera&quot;:&quot;&quot;,&quot;caption&quot;:&quot;&quot;,&quot;created_timestamp&quot;:&quot;0&quot;,&quot;copyright&quot;:&quot;&quot;,&quot;focal_length&quot;:&quot;0&quot;,&quot;iso&quot;:&quot;0&quot;,&quot;shutter_speed&quot;:&quot;0&quot;,&quot;title&quot;:&quot;&quot;,&quot;orientation&quot;:&quot;0&quot;}\" data-image-title=\"IRPH VITORIA ASUFIN &#8211; 08.10.19\" data-image-description=\"&lt;p&gt;IRPH VITORIA ASUFIN &#8211; 08.10.19&lt;\/p&gt;\n\" data-image-caption=\"\" data-large-file=\"https:\/\/i0.wp.com\/staging.asufin.com\/staging\/wp-content\/uploads\/2019\/10\/191008_JORNADA_IRPH_VITORIA.jpeg?fit=800%2C600&amp;ssl=1\" src=\"https:\/\/i0.wp.com\/asufin.com\/wp-content\/uploads\/2019\/10\/191008_JORNADA_IRPH_VITORIA-1024x768.jpeg?resize=800%2C600&#038;ssl=1\" alt=\"IRPH VITORIA ASUFIN - 08.10.19\" class=\"wp-image-46113\" title=\"\" srcset=\"https:\/\/i0.wp.com\/staging.asufin.com\/staging\/wp-content\/uploads\/2019\/10\/191008_JORNADA_IRPH_VITORIA.jpeg?resize=1024%2C768&amp;ssl=1 1024w, https:\/\/i0.wp.com\/staging.asufin.com\/staging\/wp-content\/uploads\/2019\/10\/191008_JORNADA_IRPH_VITORIA.jpeg?resize=300%2C225&amp;ssl=1 300w, https:\/\/i0.wp.com\/staging.asufin.com\/staging\/wp-content\/uploads\/2019\/10\/191008_JORNADA_IRPH_VITORIA.jpeg?resize=768%2C576&amp;ssl=1 768w, https:\/\/i0.wp.com\/staging.asufin.com\/staging\/wp-content\/uploads\/2019\/10\/191008_JORNADA_IRPH_VITORIA.jpeg?resize=1320%2C990&amp;ssl=1 1320w, https:\/\/i0.wp.com\/staging.asufin.com\/staging\/wp-content\/uploads\/2019\/10\/191008_JORNADA_IRPH_VITORIA.jpeg?w=1600&amp;ssl=1 1600w\" sizes=\"(max-width: 800px) 100vw, 800px\" \/><\/figure>\n\n\n\n<p><strong>Edmundo Rodr\u00edguez Ach\u00fategui<\/strong><\/p>\n\n\n\n<p>Magistrado\ny miembro de la Sala de Gobierno del Tribunal Superior de Justicia del Pa\u00eds\nVasco (TSJPV), en su d\u00eda, como Magistrado-Juez de refuerzo en los juzgados de\nSan Sebasti\u00e1n, Rodr\u00edguez Ach\u00fategui dict\u00f3 en su momento una serie de sentencias\nen las que determinaba que la metodolog\u00eda empleada para calcular <strong>el IRPH lo hac\u00eda susceptible de ser manipulado<\/strong>\npor la misma entidad que lo empleaba como indicador, as\u00ed como que los afectados\nno estaban lo suficientemente informados de la onerosidad de este \u00edndice. Unas\nconsideraciones que allanaron el camino para la batalla legal contra este tipo\nde pr\u00e9stamos. <\/p>\n\n\n\n<p><strong>Jos\u00e9\nMar\u00eda Erauskin<\/strong><\/p>\n\n\n\n<p>El\nabogado Jos\u00e9 Mar\u00eda Erauskin, ha vivido en primera persona la batalla contra\nestas hipotecas y junto con la letrada Maite Ortiz, <strong>son aut\u00e9nticos pioneros<\/strong> en la consideraci\u00f3n de la abusividad en la\ncomercializaci\u00f3n de pr\u00e9stamos referenciados en este \u00edndice. Intervino el pasado\n25 de febrero ante los 15 jueces de la Gran Sala del Tribunal de Justicia de la\nUni\u00f3n Europea en defensa de la falta de transparencia en la comercializaci\u00f3n\ndel IRPH.<\/p>\n\n\n\n<p><strong>Jaime\nCarvajal y Jorge Iribarren<\/strong><\/p>\n\n\n\n<p>Abogados expertos en derecho bancario, colaboran con ASUFIN en la defensa de decenas de afectados en el Pa\u00eds Vasco, Navarra y resto del Estado.<br><\/p>\n\n\n\n<figure class=\"wp-block-image\"><a href=\"https:\/\/www.youtube.com\/watch?v=5h9pzgB9nS4&amp;t=4754s\" target=\"_blank\" rel=\"noreferrer noopener\"><img data-recalc-dims=\"1\" loading=\"lazy\" decoding=\"async\" width=\"800\" height=\"450\" data-attachment-id=\"46109\" data-permalink=\"https:\/\/staging.asufin.com\/staging\/irph-congreso-en-vitoria\/mi-pelicula-2-1\/\" data-orig-file=\"https:\/\/i0.wp.com\/staging.asufin.com\/staging\/wp-content\/uploads\/2019\/10\/Mi-peli%CC%81cula-2-1.jpg?fit=1280%2C720&amp;ssl=1\" data-orig-size=\"1280,720\" data-comments-opened=\"1\" data-image-meta=\"{&quot;aperture&quot;:&quot;0&quot;,&quot;credit&quot;:&quot;&quot;,&quot;camera&quot;:&quot;&quot;,&quot;caption&quot;:&quot;&quot;,&quot;created_timestamp&quot;:&quot;0&quot;,&quot;copyright&quot;:&quot;&quot;,&quot;focal_length&quot;:&quot;0&quot;,&quot;iso&quot;:&quot;0&quot;,&quot;shutter_speed&quot;:&quot;0&quot;,&quot;title&quot;:&quot;&quot;,&quot;orientation&quot;:&quot;0&quot;}\" data-image-title=\"IRPH VITORIA ASUFIN &#8211; 08.10.19\" data-image-description=\"&lt;p&gt;IRPH VITORIA ASUFIN &#8211; 08.10.19&lt;\/p&gt;\n\" data-image-caption=\"\" data-large-file=\"https:\/\/i0.wp.com\/staging.asufin.com\/staging\/wp-content\/uploads\/2019\/10\/Mi-peli%CC%81cula-2-1.jpg?fit=800%2C450&amp;ssl=1\" src=\"https:\/\/i0.wp.com\/asufin.com\/wp-content\/uploads\/2019\/10\/Mi-peli%CC%81cula-2-1.jpg?resize=800%2C450&#038;ssl=1\" alt=\"\" class=\"wp-image-46109\" title=\"\" srcset=\"https:\/\/i0.wp.com\/staging.asufin.com\/staging\/wp-content\/uploads\/2019\/10\/Mi-peli%CC%81cula-2-1.jpg?w=1280&amp;ssl=1 1280w, https:\/\/i0.wp.com\/staging.asufin.com\/staging\/wp-content\/uploads\/2019\/10\/Mi-peli%CC%81cula-2-1.jpg?resize=300%2C169&amp;ssl=1 300w, https:\/\/i0.wp.com\/staging.asufin.com\/staging\/wp-content\/uploads\/2019\/10\/Mi-peli%CC%81cula-2-1.jpg?resize=768%2C432&amp;ssl=1 768w, https:\/\/i0.wp.com\/staging.asufin.com\/staging\/wp-content\/uploads\/2019\/10\/Mi-peli%CC%81cula-2-1.jpg?resize=1024%2C576&amp;ssl=1 1024w\" sizes=\"(max-width: 800px) 100vw, 800px\" \/><\/a><\/figure>\n\n\n\n<p><span style=\"background-color:#f4e3ed\" class=\"tadv-background-color\">Puedes ver el streaming de la jornada informativa que organiz\u00f3 ASUFIN junto con el Ilustre Colegio de Abogados de \u00c1lava en nuestro canal de Youtube <\/span><\/p>\n\n\n\n<p><a href=\"https:\/\/www.youtube.com\/watch?v=5h9pzgB9nS4&amp;t=4754s\" target=\"_blank\" rel=\"noopener\">? STREAMING IRPH ASUFIN &#8211; VITORIA <\/a><\/p>\n","protected":false},"excerpt":{"rendered":"<p>Asistieron como ponentes letrados y magistrados que cuestionaron en su momento el IRPH y abrieron con ello el camino a la consideraci\u00f3n de la abusividad de estos pr\u00e9stamos La jornada organizada por ASUFIN con la colaboraci\u00f3n del Ilustre Colegio Oficial de Abogados de \u00c1lava, contar\u00f3 con la presencia de personalidades del mundo de la judicatura [&hellip;]<\/p>\n","protected":false},"author":2,"featured_media":46114,"comment_status":"open","ping_status":"closed","sticky":false,"template":"","format":"standard","meta":{"_acf_changed":false,"_jetpack_newsletter_access":"","_jetpack_dont_email_post_to_subs":false,"_jetpack_newsletter_tier_id":0,"_jetpack_memberships_contains_paywalled_content":false,"_jetpack_memberships_contains_paid_content":false,"footnotes":""},"categories":[43,191,42,3357],"tags":[253,2789,1624,3355],"class_list":["post-46107","post","type-post","status-publish","format-standard","has-post-thumbnail","hentry","category-asufin-destacado","category-eventos","category-irph","category-tjue","tag-barcelona","tag-icab","tag-irph","tag-jose-maria-erauskin"],"acf":[],"jetpack_featured_media_url":"https:\/\/i0.wp.com\/staging.asufin.com\/staging\/wp-content\/uploads\/2019\/10\/191008_JORNADA_IRPH_VITORIA2.jpeg?fit=1600%2C1200&ssl=1","jetpack_shortlink":"https:\/\/wp.me\/peayLa-bZF","jetpack_likes_enabled":false,"jetpack_sharing_enabled":true,"_links":{"self":[{"href":"https:\/\/staging.asufin.com\/staging\/wp-json\/wp\/v2\/posts\/46107","targetHints":{"allow":["GET"]}}],"collection":[{"href":"https:\/\/staging.asufin.com\/staging\/wp-json\/wp\/v2\/posts"}],"about":[{"href":"https:\/\/staging.asufin.com\/staging\/wp-json\/wp\/v2\/types\/post"}],"author":[{"embeddable":true,"href":"https:\/\/staging.asufin.com\/staging\/wp-json\/wp\/v2\/users\/2"}],"replies":[{"embeddable":true,"href":"https:\/\/staging.asufin.com\/staging\/wp-json\/wp\/v2\/comments?post=46107"}],"version-history":[{"count":0,"href":"https:\/\/staging.asufin.com\/staging\/wp-json\/wp\/v2\/posts\/46107\/revisions"}],"wp:featuredmedia":[{"embeddable":true,"href":"https:\/\/staging.asufin.com\/staging\/wp-json\/wp\/v2\/media\/46114"}],"wp:attachment":[{"href":"https:\/\/staging.asufin.com\/staging\/wp-json\/wp\/v2\/media?parent=46107"}],"wp:term":[{"taxonomy":"category","embeddable":true,"href":"https:\/\/staging.asufin.com\/staging\/wp-json\/wp\/v2\/categories?post=46107"},{"taxonomy":"post_tag","embeddable":true,"href":"https:\/\/staging.asufin.com\/staging\/wp-json\/wp\/v2\/tags?post=46107"}],"curies":[{"name":"wp","href":"https:\/\/api.w.org\/{rel}","templated":true}]}}