{"id":46194,"date":"2019-10-02T09:20:46","date_gmt":"2019-10-02T07:20:46","guid":{"rendered":"https:\/\/www.asufin.com\/?p=46194"},"modified":"2020-05-06T16:58:08","modified_gmt":"2020-05-06T14:58:08","slug":"capital-radio-asufin-la-declaracion-de-saracho-promete-02-10-19","status":"publish","type":"post","link":"https:\/\/staging.asufin.com\/staging\/capital-radio-asufin-la-declaracion-de-saracho-promete-02-10-19\/","title":{"rendered":"ASUFIN en CAPITAL RADIO sobre la declaraci\u00f3n de Saracho (Banco Popular) &#8211; 02.10.19"},"content":{"rendered":"\n<h3 class=\"wp-block-heading\">Emilio Saracho abre la ronda de declaraciones para dilucidar las causas de la quiebra del Banco Popular<\/h3>\n\n\n\n<h3 class=\"wp-block-heading\">El juez de la Audiencia Nacional, Jos\u00e9 Luis Calama, empieza este mi\u00e9rcoles la ronda de declaraciones de investigados por la<strong>\u00a0quiebra del Banco Popular<\/strong>\u00a0con la\u00a0<strong>comparecencia del expresidente Emilio Saracho<\/strong><\/h3>\n\n\n\n<figure class=\"wp-block-audio\"><audio controls src=\"https:\/\/asufin.com\/wp-content\/uploads\/2019\/10\/191002_CAPITAL_RADIO_SARACHO.mp3\" autoplay loop preload=\"auto\"><\/audio><figcaption>Entrevista a  Patricia Su\u00e1rez en Capital Radio | La<strong>&nbsp;asociaci\u00f3n Asufin<\/strong>, personada contra el Banco Popular, present\u00f3 una querella contra la c\u00fapula por fraude, falsedad, administraci\u00f3n desleal y&nbsp;<strong>delito contra la Hacienda P\u00fablica<\/strong>.<\/figcaption><\/figure>\n\n\n\n<p>Patricia Su\u00e1rez, presidenta de la ASUFIN, asegura que el interrogatorio con Saracho en la Audiencia Nacional \u201cpromete\u201d.<strong>\u00a0\u201c\u00c9l alega que no fue capaz de arreglar el desastre en que se encontraba la entidad\u201d<\/strong>, se\u00f1ala Su\u00e1rez respecto a las declaraciones que el expresidente del banco hizo ante la comisi\u00f3n de investigaci\u00f3n.<\/p>\n\n\n\n<p>Desde ASUFIN buscamos que\u00a0<strong>Saracho brinde una explicaci\u00f3n detallada de las condiciones en las que se encontraba el banco cuando asumi\u00f3 el mando de la entidad<\/strong>. Adem\u00e1s, queremos saber las razones por las que no pod\u00eda sacarlo adelante y por qu\u00e9 hab\u00eda cuentas en Cam\u00e1n.<\/p>\n\n\n\n<blockquote class=\"wp-block-quote is-layout-flow wp-block-quote-is-layout-flow\"><p>\u201cQueremos que Saracho nos ponga encima de la mesa todas las pruebas\u00a0que puedan ayudarnos a entender c\u00f3mo un banco que era de los m\u00e1s solventes de Espa\u00f1a, haya perdido todos los ahorros de sus clientes y se haya ido a la quiebra de esta manera tan sorpresiva\u201d<\/p><cite>Patricia Su\u00e1rez<\/cite><\/blockquote>\n\n\n\n<p><strong>El juicio por el caso del Banco Popular se da en dos planos.<\/strong>\u00a0Por un lado, en la Audiencia Nacional donde se investigar\u00e1n las pruebas para dilucidar las causas de la quiebra, y por otro lado, en el plano civil para que los clientes e inversores afectados recuperen el dinero perdido.<\/p>\n\n\n\n<p>Su\u00e1rez asegura que ASUFIN ha presentado un informe en el que el Banco de Espa\u00f1a advert\u00eda que las t<strong>asaciones de pisos y terrenos estaban sobrevalorados para poder conseguir cerrar las cuentas del banco.<\/strong><\/p>\n\n\n\n<p>Adem\u00e1s, en cuanto a la defensa de civiles, la asociaci\u00f3n ya ha conseguido unas 20 sentencias contra la entidad<\/p>\n\n\n\n<blockquote class=\"wp-block-quote is-layout-flow wp-block-quote-is-layout-flow\"><p>Estas sentencias no son m\u00e1s de 20 pero es suficiente para animar a los accionistas a recuperar batalla judicial<\/p><cite>Patricia Su\u00e1rez<\/cite><\/blockquote>\n\n\n\n<p>Se han necesitado dos a\u00f1os para que se inicie la primera ronda de citaciones en el marco de la\u00a0<strong>causa del Banco Popular dada su complejidad<\/strong>.<\/p>\n\n\n\n<p>Seg\u00fan el calendario previsto, el titular del juzgado central de Instrucci\u00f3n n\u00famero 4, Jos\u00e9 Luis Calama, se reserva dos d\u00edas para completar la declaraci\u00f3n del banquero, al que seguir\u00e1n su predecesor en el Popular, \u00c1ngel Ron, y los ex consejeros delegados Francisco G\u00f3mez y Roberto Higuera.<\/p>\n\n\n\n<p class=\"has-background has-very-light-gray-background-color\"><a href=\"https:\/\/www.capitalradio.es\/noticias\/empresas\/causa-banco-popular-saracho-inicia-comparecencias-juez_47893966.html\" target=\"_blank\" rel=\"noopener\">CAPITAL RADIO &#8211; Asufin: &#8220;La declaraci\u00f3n de Saracho promete&#8221; &#8211; 02.10.19<\/a><\/p>\n","protected":false},"excerpt":{"rendered":"<p>Emilio Saracho abre la ronda de declaraciones para dilucidar las causas de la quiebra del Banco Popular El juez de la Audiencia Nacional, Jos\u00e9 Luis Calama, empieza este mi\u00e9rcoles la ronda de declaraciones de investigados por la\u00a0quiebra del Banco Popular\u00a0con la\u00a0comparecencia del expresidente Emilio Saracho Patricia Su\u00e1rez, presidenta de la ASUFIN, asegura que el interrogatorio [&hellip;]<\/p>\n","protected":false},"author":2,"featured_media":46196,"comment_status":"open","ping_status":"closed","sticky":false,"template":"","format":"standard","meta":{"_acf_changed":false,"_jetpack_newsletter_access":"","_jetpack_dont_email_post_to_subs":false,"_jetpack_newsletter_tier_id":0,"_jetpack_memberships_contains_paywalled_content":false,"_jetpack_memberships_contains_paid_content":false,"footnotes":""},"categories":[3388,3385],"tags":[],"class_list":["post-46194","post","type-post","status-publish","format-standard","has-post-thumbnail","hentry","category-quiebra-banco-popular","category-radio"],"acf":[],"jetpack_featured_media_url":"https:\/\/i0.wp.com\/staging.asufin.com\/staging\/wp-content\/uploads\/2019\/10\/14975927346244.jpg?fit=674%2C420&ssl=1","jetpack_shortlink":"https:\/\/wp.me\/peayLa-c14","jetpack_likes_enabled":false,"jetpack_sharing_enabled":true,"_links":{"self":[{"href":"https:\/\/staging.asufin.com\/staging\/wp-json\/wp\/v2\/posts\/46194","targetHints":{"allow":["GET"]}}],"collection":[{"href":"https:\/\/staging.asufin.com\/staging\/wp-json\/wp\/v2\/posts"}],"about":[{"href":"https:\/\/staging.asufin.com\/staging\/wp-json\/wp\/v2\/types\/post"}],"author":[{"embeddable":true,"href":"https:\/\/staging.asufin.com\/staging\/wp-json\/wp\/v2\/users\/2"}],"replies":[{"embeddable":true,"href":"https:\/\/staging.asufin.com\/staging\/wp-json\/wp\/v2\/comments?post=46194"}],"version-history":[{"count":0,"href":"https:\/\/staging.asufin.com\/staging\/wp-json\/wp\/v2\/posts\/46194\/revisions"}],"wp:featuredmedia":[{"embeddable":true,"href":"https:\/\/staging.asufin.com\/staging\/wp-json\/wp\/v2\/media\/46196"}],"wp:attachment":[{"href":"https:\/\/staging.asufin.com\/staging\/wp-json\/wp\/v2\/media?parent=46194"}],"wp:term":[{"taxonomy":"category","embeddable":true,"href":"https:\/\/staging.asufin.com\/staging\/wp-json\/wp\/v2\/categories?post=46194"},{"taxonomy":"post_tag","embeddable":true,"href":"https:\/\/staging.asufin.com\/staging\/wp-json\/wp\/v2\/tags?post=46194"}],"curies":[{"name":"wp","href":"https:\/\/api.w.org\/{rel}","templated":true}]}}