{"id":46544,"date":"2019-11-13T14:02:36","date_gmt":"2019-11-13T13:02:36","guid":{"rendered":"https:\/\/www.asufin.com\/?p=46544"},"modified":"2021-06-10T10:15:12","modified_gmt":"2021-06-10T10:15:12","slug":"l-audiencia-provincial-de-biscaia-paralitza-la-demanda-col%c2%b7lectiva-de-asufin-contra-bbva-per-lirph-a-lespera-de-la-sentencia-del-tjue","status":"publish","type":"post","link":"https:\/\/staging.asufin.com\/staging\/ca\/l-audiencia-provincial-de-biscaia-paralitza-la-demanda-col%c2%b7lectiva-de-asufin-contra-bbva-per-lirph-a-lespera-de-la-sentencia-del-tjue\/","title":{"rendered":"L&#8217; Audi\u00e8ncia Provincial de Biscaia paralitza la demanda col\u00b7lectiva de ASUFIN contra BBVA per l\u2019IRPH a l&#8217;espera de la sent\u00e8ncia del TJUE"},"content":{"rendered":"\r\n<h3 class=\"wp-block-heading\">L&#8217;advocat general de la UE va considerar que hi va haver &#8220;falta de transpar\u00e8ncia&#8221; en la comercialitzaci\u00f3 d&#8217;un \u00edndex que encareix en uns 200 euros les hipoteques d&#8217;un mili\u00f3 de fam\u00edlie<\/h3>\r\n\r\n\r\n\r\n<h3 class=\"wp-block-heading\">El TJUE es pronunciar\u00e0 pr\u00f2ximament sobre aquesta q\u00fcesti\u00f3 que establir\u00e0 jurisprud\u00e8ncia sobre totes les causes que es jutgen amb relaci\u00f3 a aquest pol\u00e8mic \u00edndex i obrir\u00e0 les portes a noves demandes.<\/h3>\r\n\r\n\r\n\r\n<p><strong>Dimarts, 12 de novembre de 2019.<\/strong> L&#8217;Audi\u00e8ncia Provincial de Biscaia ha decidit suspendre el procediment que jutja les hipoteques IRPH comercialitzades per BBVA contra les que ASUFIN presenta una demanda el 2017 agrupant a m\u00e9s de 250 fam\u00edlies i quedant a l\u2019espera d&#8217;aquesta manera a que el Tribunal de Just\u00edcia de la Uni\u00f3 Europea (TJUE) resolgui primer la q\u00fcesti\u00f3 plantejada al voltant d&#8217;aquest pol\u00e8mic \u00edndex que encareix els pr\u00e9stecs de fins a un mili\u00f3 de fam\u00edlies a Espanya.<\/p>\r\n\r\n\r\n\r\n<p>Despr\u00e9s de les conclusions que va emetre l&#8217;advocat general del TJUE el passat 10 de setembre a les que admetia que la f\u00f3rmula matem\u00e0tica que sustenta l&#8217;IRPH &#8220;resulta complexa i poc transparent per al consumidor mitj\u00e0&#8221;, s&#8217;espera la sent\u00e8ncia definitiva de l&#8217;Alt Tribunal de forma imminent . Per aquesta ra\u00f3, la demanda col\u00b7lectiva quedar\u00e0 a expenses d&#8217;aquesta q\u00fcesti\u00f3, tal com raona l&#8217;Audi\u00e8ncia Provincial en el seu escrit: &#8220;Vistes les consideracions que l&#8217;advocat general del Tribunal de Just\u00edcia de la Uni\u00f3 Europea ha realitzat a la q\u00fcesti\u00f3 prejudicial C-125 \/ 18 el passat 10 de setembre de 2019, i estant pr\u00f2xima la resoluci\u00f3 de la mateixa, s&#8217;acorda procedir a la suspensi\u00f3 d&#8217;aquest procediment fins que es resolgui la q\u00fcesti\u00f3 <\/p>\r\n\r\n\r\n\r\n<p class=\"has-text-align-center\"><strong>IRPH es venia com m\u00e9s estable que l&#8217;Euribor<\/strong><\/p>\r\n\r\n\r\n\r\n<p>La demanda col\u00b7lectiva presentada per ASUFIN, que compta amb la direcci\u00f3 lletrada d&#8217;\u00d3scar Serrano, agrupa clients que van subscriure aquest producte no nom\u00e9s amb BBVA, sin\u00f3 amb nombroses caixes (Caixa Catalunya, Caixa Manresa, Caixa Tarragona, i altres), que van ser absorbides per l&#8217;entitat. De fet, l&#8217;IRPH va ser un \u00edndex comercialitzat en gran part per les caixes d&#8217;estalvi, que el venien als clients com m\u00e9s estable i menys subjecte a les fluctuacions que l&#8217;Eur\u00edbor. Una cosa que no va ser aix\u00ed en absolut ja que sempre s&#8217;ha situat per sobre.<\/p>\r\n\r\n\r\n\r\n<p class=\"has-background has-very-light-gray-background-color\">Com explica Patricia Su\u00e1rez, presidenta d&#8217;ASUFIN, &#8220;va haver una manifesta manca d&#8217;informaci\u00f3 als consumidors de les entitats banc\u00e0ries sobre que amb l&#8217;\u00edndex IRPH pagarien m\u00e9s que amb l&#8217;Euribor, a ser el resultat de la suma d&#8217;aquest \u00faltim, m\u00e9s el diferencial, els interessos i les comissions <\/p>\r\n\r\n\r\n\r\n<p>La decisi\u00f3 presa per part de l&#8217;Audi\u00e8ncia Provincial de Biscaia &#8220;\u00e9s un acte de responsabilitat que protegeix els afectats per IRPH, no seria la primera vegada que el TJUE corregeix al Suprem i els afectats amb sent\u00e8ncia ferma s&#8217;han vist molt perjudicats.&#8221;, considera Su\u00e0rez<\/p>\r\n\r\n\r\n\r\n<p class=\"has-background has-very-light-gray-background-color\"><a href=\"http:\/\/bit.ly\/36ZHlvR\" target=\"_blank\" rel=\"noopener\"><strong>DESCARGAR AUTO &#8211; AP VIZCAYA BBVA SUSPENSI\u00d3N <\/strong><\/a><\/p>\r\n\r\n\r\n\r\n<p><a href=\"https:\/\/www.elperiodico.cat\/ca\/economia\/20191112\/laudiencia-de-biscaia-congela-un-procediment-contra-lindex-irph-7733264\" target=\"_blank\" rel=\"noopener\">EL PERIODICO.CAT | L&#8217;Audi\u00e8ncia de Biscaia congela un procediment contra l&#8217;\u00edndex IRPH &#8211; 12.119<\/a><\/p>\r\n\r\n\r\n\r\n<p><a href=\"https:\/\/www.europapress.es\/economia\/finanzas-00340\/noticia-audiencia-provincial-vizcaya-paraliza-demanda-colectiva-asufin-irph-espera-tjue-20191112104745.html\" target=\"_blank\" rel=\"noopener\">EUROPA PRESS &#8211; La Audiencia Provincial de Vizcaya paraliza la demanda colectiva de ASUFIN por IRPH a la espera del TJUE &#8211; 12.11.19<\/a><\/p>\r\n\r\n\r\n\r\n<p><a href=\"https:\/\/www.bolsamania.com\/noticias\/mercados\/economia--la-audiencia-provincial-de-vizcaya-paraliza-la-demanda-colectiva-de-asufin-por-irph-a-la-espera-del-tjue--7116138.html\" target=\"_blank\" rel=\"noopener\">BOLSAMANIA &#8211; La Audiencia Provincial de Vizcaya paraliza la demanda colectiva de Asufin por IRPH a la espera del TJUE &#8211; 12.11.19<\/a><\/p>\r\n","protected":false},"excerpt":{"rendered":"<p>L&#8217;advocat general de la UE va considerar que hi va haver &#8220;falta de transpar\u00e8ncia&#8221; en la comercialitzaci\u00f3 d&#8217;un \u00edndex que encareix en uns 200 euros les hipoteques d&#8217;un mili\u00f3 de fam\u00edlie El TJUE es pronunciar\u00e0 pr\u00f2ximament sobre aquesta q\u00fcesti\u00f3 que establir\u00e0 jurisprud\u00e8ncia sobre totes les causes que es jutgen amb relaci\u00f3 a aquest pol\u00e8mic \u00edndex [&hellip;]<\/p>\n","protected":false},"author":2,"featured_media":21762,"comment_status":"open","ping_status":"closed","sticky":false,"template":"","format":"standard","meta":{"_acf_changed":false,"_jetpack_newsletter_access":"","_jetpack_dont_email_post_to_subs":false,"_jetpack_newsletter_tier_id":0,"_jetpack_memberships_contains_paywalled_content":false,"_jetpack_memberships_contains_paid_content":false,"footnotes":""},"categories":[3279,7145,6872,7313],"tags":[],"class_list":["post-46544","post","type-post","status-publish","format-standard","has-post-thumbnail","hentry","category-asufin-destacat-cat","category-bbva-cat","category-irph-cat","category-tjue-cat"],"acf":[],"jetpack_featured_media_url":"https:\/\/i0.wp.com\/staging.asufin.com\/staging\/wp-content\/uploads\/2016\/03\/bbva.jpg?fit=848%2C480&ssl=1","jetpack_shortlink":"https:\/\/wp.me\/peayLa-c6I","jetpack_likes_enabled":false,"jetpack_sharing_enabled":true,"_links":{"self":[{"href":"https:\/\/staging.asufin.com\/staging\/wp-json\/wp\/v2\/posts\/46544","targetHints":{"allow":["GET"]}}],"collection":[{"href":"https:\/\/staging.asufin.com\/staging\/wp-json\/wp\/v2\/posts"}],"about":[{"href":"https:\/\/staging.asufin.com\/staging\/wp-json\/wp\/v2\/types\/post"}],"author":[{"embeddable":true,"href":"https:\/\/staging.asufin.com\/staging\/wp-json\/wp\/v2\/users\/2"}],"replies":[{"embeddable":true,"href":"https:\/\/staging.asufin.com\/staging\/wp-json\/wp\/v2\/comments?post=46544"}],"version-history":[{"count":2,"href":"https:\/\/staging.asufin.com\/staging\/wp-json\/wp\/v2\/posts\/46544\/revisions"}],"predecessor-version":[{"id":65437,"href":"https:\/\/staging.asufin.com\/staging\/wp-json\/wp\/v2\/posts\/46544\/revisions\/65437"}],"wp:featuredmedia":[{"embeddable":true,"href":"https:\/\/staging.asufin.com\/staging\/wp-json\/wp\/v2\/media\/21762"}],"wp:attachment":[{"href":"https:\/\/staging.asufin.com\/staging\/wp-json\/wp\/v2\/media?parent=46544"}],"wp:term":[{"taxonomy":"category","embeddable":true,"href":"https:\/\/staging.asufin.com\/staging\/wp-json\/wp\/v2\/categories?post=46544"},{"taxonomy":"post_tag","embeddable":true,"href":"https:\/\/staging.asufin.com\/staging\/wp-json\/wp\/v2\/tags?post=46544"}],"curies":[{"name":"wp","href":"https:\/\/api.w.org\/{rel}","templated":true}]}}