{"id":46584,"date":"2019-11-18T10:05:01","date_gmt":"2019-11-18T09:05:01","guid":{"rendered":"https:\/\/www.asufin.com\/?p=46584"},"modified":"2019-11-18T10:05:17","modified_gmt":"2019-11-18T09:05:17","slug":"patricia-suarez-en-bruselas-en-las-jornadas-de-finance-watch-10-anos-despues-de-la-crisis-financiera-ahora-que","status":"publish","type":"post","link":"https:\/\/staging.asufin.com\/staging\/patricia-suarez-en-bruselas-en-las-jornadas-de-finance-watch-10-anos-despues-de-la-crisis-financiera-ahora-que\/","title":{"rendered":"Patricia Su\u00e1rez, en Bruselas, en las jornadas de Finance Watch: &#8220;10 a\u00f1os despu\u00e9s de la crisis financiera, \u00bfahora qu\u00e9?&#8221;"},"content":{"rendered":"\n<h5 class=\"wp-block-heading\">La presidenta de ASUFIN, Patricia Su\u00e1rez, interviene ma\u00f1ana en la <a href=\"https:\/\/www.finance-watch.org\/event\/finance-watch-annual-conference-2019\/\" target=\"_blank\" rel=\"noopener\">conferencia anual del organismo europeo <\/a>en la que se reflexionar\u00e1 sobre la estabilidad, sostenimiento e inclusi\u00f3n del sistema financiero post-crisis<\/h5>\n\n\n\n<p>\u00bfC\u00f3mo conseguir un mercado \u00fanico para servicios financieros, seguro e inclusivo para la UE? \u00bfCon qu\u00e9 panorama post-crisis financiera nos encontramos, diez a\u00f1os despu\u00e9s? Hacia el objetivo \u00faltimo de conseguir un sistema financiero sostenible&#8230; \u00bfqu\u00e9 pasos seguir? Son algunas de las preguntas a las que la Conferencia anual del organismo europeo que vela por la buena praxis financiera en la UE, Finance Watch, y de la que ASUFIN es miembro, tratar\u00e1 de dar respuesta. <\/p>\n\n\n\n<p>En concreto, <strong>la presidenta de ASUFIN, Patricia Su\u00e1rez<\/strong>, interviene en el primer panel de la jornada, centrado en los pasos que deben seguirse para alicatar un mercado \u00fanico de servicios financieros que aporte seguridad a los consumidores y resulte inclusivo y justo para todos los ciudadanos. <\/p>\n\n\n\n<p>La Conferencia contar\u00e1 con la participaci\u00f3n de miembros de la Comisi\u00f3n Europea, del diputado del grupo Los Verdes del Parlamento Europeo,   Philippe Lamberts, entre otros.<\/p>\n\n\n\n<p><a rel=\"noreferrer noopener\" aria-label=\"PROGRAMA &quot;10 a\u00f1os despu\u00e9s de la crisis financiera, \u00bfahora qu\u00e9?&quot;  (abre en una nueva pesta\u00f1a)\" href=\"https:\/\/asufin.com\/wp-content\/uploads\/2019\/10\/Programme_v9.pdf\" target=\"_blank\"><strong>PROGRAMA &#8220;10 a\u00f1os despu\u00e9s de la crisis financiera, \u00bfahora qu\u00e9?&#8221;<\/strong><\/a><\/p>\n","protected":false},"excerpt":{"rendered":"<p>La presidenta de ASUFIN, Patricia Su\u00e1rez, interviene ma\u00f1ana en la conferencia anual del organismo europeo en la que se reflexionar\u00e1 sobre la estabilidad, sostenimiento e inclusi\u00f3n del sistema financiero post-crisis \u00bfC\u00f3mo conseguir un mercado \u00fanico para servicios financieros, seguro e inclusivo para la UE? \u00bfCon qu\u00e9 panorama post-crisis financiera nos encontramos, diez a\u00f1os despu\u00e9s? Hacia [&hellip;]<\/p>\n","protected":false},"author":2,"featured_media":46589,"comment_status":"open","ping_status":"closed","sticky":false,"template":"","format":"standard","meta":{"_acf_changed":false,"_jetpack_newsletter_access":"","_jetpack_dont_email_post_to_subs":false,"_jetpack_newsletter_tier_id":0,"_jetpack_memberships_contains_paywalled_content":false,"_jetpack_memberships_contains_paid_content":false,"footnotes":""},"categories":[43,1975],"tags":[3362,3368,3369,558,893],"class_list":["post-46584","post","type-post","status-publish","format-standard","has-post-thumbnail","hentry","category-asufin-destacado","category-europa","tag-finance-watch","tag-finanzas-sostenibles","tag-grupo-los-verdes","tag-parlamento-europeo","tag-union-europea"],"acf":[],"jetpack_featured_media_url":"https:\/\/i0.wp.com\/staging.asufin.com\/staging\/wp-content\/uploads\/2019\/11\/FW-4-12-9470-1600x768-e1574067687666.jpg?fit=1304%2C768&ssl=1","jetpack_shortlink":"https:\/\/wp.me\/peayLa-c7m","jetpack_likes_enabled":false,"jetpack_sharing_enabled":true,"_links":{"self":[{"href":"https:\/\/staging.asufin.com\/staging\/wp-json\/wp\/v2\/posts\/46584","targetHints":{"allow":["GET"]}}],"collection":[{"href":"https:\/\/staging.asufin.com\/staging\/wp-json\/wp\/v2\/posts"}],"about":[{"href":"https:\/\/staging.asufin.com\/staging\/wp-json\/wp\/v2\/types\/post"}],"author":[{"embeddable":true,"href":"https:\/\/staging.asufin.com\/staging\/wp-json\/wp\/v2\/users\/2"}],"replies":[{"embeddable":true,"href":"https:\/\/staging.asufin.com\/staging\/wp-json\/wp\/v2\/comments?post=46584"}],"version-history":[{"count":0,"href":"https:\/\/staging.asufin.com\/staging\/wp-json\/wp\/v2\/posts\/46584\/revisions"}],"wp:featuredmedia":[{"embeddable":true,"href":"https:\/\/staging.asufin.com\/staging\/wp-json\/wp\/v2\/media\/46589"}],"wp:attachment":[{"href":"https:\/\/staging.asufin.com\/staging\/wp-json\/wp\/v2\/media?parent=46584"}],"wp:term":[{"taxonomy":"category","embeddable":true,"href":"https:\/\/staging.asufin.com\/staging\/wp-json\/wp\/v2\/categories?post=46584"},{"taxonomy":"post_tag","embeddable":true,"href":"https:\/\/staging.asufin.com\/staging\/wp-json\/wp\/v2\/tags?post=46584"}],"curies":[{"name":"wp","href":"https:\/\/api.w.org\/{rel}","templated":true}]}}