{"id":46653,"date":"2019-11-22T10:16:00","date_gmt":"2019-11-22T09:16:00","guid":{"rendered":"https:\/\/www.asufin.com\/?p=46653"},"modified":"2022-07-11T07:56:42","modified_gmt":"2022-07-11T07:56:42","slug":"qrenta-sesion-informativa-en-barcelona-el-17-de-diciembre","status":"publish","type":"post","link":"https:\/\/staging.asufin.com\/staging\/qrenta-sesion-informativa-en-barcelona-el-17-de-diciembre\/","title":{"rendered":"QRENTA: sesi\u00f3n  informativa en Barcelona el 17 de diciembre."},"content":{"rendered":"\n<div style=\"height:25px\" aria-hidden=\"true\" class=\"wp-block-spacer\"><\/div>\n\n\n\n<p class=\"has-very-light-gray-background-color has-background\"><strong>\u00bfEres uno de los afectados por QRenta y Esfera Capital?<\/strong><\/p>\n\n\n\n<div style=\"height:25px\" aria-hidden=\"true\" class=\"wp-block-spacer\"><\/div>\n\n\n\n<p><strong><a href=\"https:\/\/asufin.com\/asufin-presenta-la-primera-demanda-contra-la-agencia-de-valores-q-renta\/\" target=\"_blank\" rel=\"noopener\">ASUFIN present\u00f3 la primera demanda civil<\/a><\/strong> para recuperar el dinero de los inversores, a la que se han sumado m\u00e1s afectados.<\/p>\n\n\n\n<p>La CNMV accedi\u00f3 a la petici\u00f3n de suspender de cotizaci\u00f3n los Fondos Annapurna FI y Esfera Renta Variable Internacional FI por su&nbsp;<strong>falta de liquidez<\/strong>&nbsp;como se puede ver en el hist\u00f3rico de&nbsp;<a href=\"http:\/\/bit.ly\/2GSn4go\" target=\"_blank\" rel=\"noreferrer noopener\">hechos Relevantes publicados por la CNMV<\/a>.<\/p>\n\n\n\n<p><strong>QRenta Agencia de Valores S.A<\/strong>&nbsp;(Reg. 261584) y&nbsp;<strong>Esfera Capital Gesti\u00f3n SGIIC, S.A.&nbsp;<\/strong>(Reg. 244) gestionaban estos fondos de manera desleal. QRenta sacaba al MAB valores de baja capitalizaci\u00f3n y colocando consejeros en estas empresas. Posteriormente, Esfera \u00abcompraba\u00bb grandes cantidades de acciones distorsionando el mercado.<\/p>\n\n\n\n<p><span style=\"color:#313131\" class=\"tadv-color\"><span style=\"background-color:#f4e3ed\" class=\"tadv-background-color\"><strong>ASUFIN, en colaboraci\u00f3n con ASUFIN Catalu\u00f1a organiza estas sesiones para informar en profundidad a todos los afectados por QRENTA. <\/strong><\/span><\/span><\/p>\n\n\n\n<p>Los tribunales espa\u00f1oles han resuelto ya miles de casos a favor de los afectados por falta de informaci\u00f3n en casos similares como las preferentes, estructurados o deuda subordinada.<\/p>\n\n\n\n<p class=\"has-text-align-center has-very-light-gray-background-color has-background\"><strong><a href=\"http:\/\/bit.ly\/2OYNmkz\" target=\"_blank\" rel=\"noreferrer noopener\" aria-label=\" (se abre en una nueva pesta\u00f1a)\">AP\u00daNTATE AQU\u00cd<\/a> <\/strong><\/p>\n\n\n\n<p class=\"has-background\" style=\"background-color:#f4e3ed\"><strong>17 de Diciembre &#8211; BARCELONA &#8211; C\/ Balmes, 152 &#8211; 10.30h y 17.00h <\/strong><\/p>\n\n\n<div class=\"wp-block-image is-style-default\">\n<figure class=\"aligncenter size-large\"><img fetchpriority=\"high\" decoding=\"async\" width=\"1200\" height=\"629\" data-attachment-id=\"46656\" data-permalink=\"https:\/\/staging.asufin.com\/staging\/qrenta-sesion-informativa-en-barcelona-el-17-de-diciembre\/191217_sesion_informativa_qrenta\/\" data-orig-file=\"https:\/\/i0.wp.com\/staging.asufin.com\/staging\/wp-content\/uploads\/2019\/11\/191217_SESION_INFORMATIVA_QRENTA.jpg?fit=1200%2C629&amp;ssl=1\" data-orig-size=\"1200,629\" data-comments-opened=\"1\" data-image-meta=\"{&quot;aperture&quot;:&quot;0&quot;,&quot;credit&quot;:&quot;&quot;,&quot;camera&quot;:&quot;&quot;,&quot;caption&quot;:&quot;&quot;,&quot;created_timestamp&quot;:&quot;0&quot;,&quot;copyright&quot;:&quot;&quot;,&quot;focal_length&quot;:&quot;0&quot;,&quot;iso&quot;:&quot;0&quot;,&quot;shutter_speed&quot;:&quot;0&quot;,&quot;title&quot;:&quot;&quot;,&quot;orientation&quot;:&quot;0&quot;}\" data-image-title=\"QRENTA: sesi\u00f3n informativa en Barcelona el 17 de diciembre.\" data-image-description=\"&lt;p&gt;QRENTA: sesi\u00f3n informativa en Barcelona el 17 de diciembre.&lt;\/p&gt;\n\" data-image-caption=\"\" data-large-file=\"https:\/\/i0.wp.com\/staging.asufin.com\/staging\/wp-content\/uploads\/2019\/11\/191217_SESION_INFORMATIVA_QRENTA.jpg?fit=800%2C420&amp;ssl=1\" src=\"https:\/\/i0.wp.com\/www.asufin.com\/wp-content\/uploads\/2019\/11\/191217_SESION_INFORMATIVA_QRENTA.jpg?fit=1024%2C537&amp;ssl=1\" alt=\"\" class=\"wp-image-46656\" title=\"\" srcset=\"https:\/\/i0.wp.com\/staging.asufin.com\/staging\/wp-content\/uploads\/2019\/11\/191217_SESION_INFORMATIVA_QRENTA.jpg?w=1200&amp;ssl=1 1200w, https:\/\/i0.wp.com\/staging.asufin.com\/staging\/wp-content\/uploads\/2019\/11\/191217_SESION_INFORMATIVA_QRENTA.jpg?resize=300%2C157&amp;ssl=1 300w, https:\/\/i0.wp.com\/staging.asufin.com\/staging\/wp-content\/uploads\/2019\/11\/191217_SESION_INFORMATIVA_QRENTA.jpg?resize=1024%2C537&amp;ssl=1 1024w, https:\/\/i0.wp.com\/staging.asufin.com\/staging\/wp-content\/uploads\/2019\/11\/191217_SESION_INFORMATIVA_QRENTA.jpg?resize=768%2C403&amp;ssl=1 768w\" sizes=\"(max-width: 800px) 100vw, 800px\" \/><\/figure><\/div>","protected":false},"excerpt":{"rendered":"<p>\u00bfEres uno de los afectados por QRenta y Esfera Capital? ASUFIN present\u00f3 la primera demanda civil para recuperar el dinero de los inversores, a la que se han sumado m\u00e1s afectados. La CNMV accedi\u00f3 a la petici\u00f3n de suspender de cotizaci\u00f3n los Fondos Annapurna FI y Esfera Renta Variable Internacional FI por su&nbsp;falta de liquidez&nbsp;como [&hellip;]<\/p>\n","protected":false},"author":2,"featured_media":46689,"comment_status":"open","ping_status":"closed","sticky":false,"template":"","format":"standard","meta":{"_acf_changed":false,"_jetpack_newsletter_access":"","_jetpack_dont_email_post_to_subs":false,"_jetpack_newsletter_tier_id":0,"_jetpack_memberships_contains_paywalled_content":false,"_jetpack_memberships_contains_paid_content":false,"footnotes":""},"categories":[43,3340],"tags":[],"class_list":["post-46653","post","type-post","status-publish","format-standard","has-post-thumbnail","hentry","category-asufin-destacado","category-qrenta"],"acf":[],"jetpack_featured_media_url":"https:\/\/i0.wp.com\/staging.asufin.com\/staging\/wp-content\/uploads\/2019\/11\/0.jpeg?fit=1208%2C767&ssl=1","jetpack_shortlink":"https:\/\/wp.me\/peayLa-c8t","jetpack_likes_enabled":false,"jetpack_sharing_enabled":true,"_links":{"self":[{"href":"https:\/\/staging.asufin.com\/staging\/wp-json\/wp\/v2\/posts\/46653","targetHints":{"allow":["GET"]}}],"collection":[{"href":"https:\/\/staging.asufin.com\/staging\/wp-json\/wp\/v2\/posts"}],"about":[{"href":"https:\/\/staging.asufin.com\/staging\/wp-json\/wp\/v2\/types\/post"}],"author":[{"embeddable":true,"href":"https:\/\/staging.asufin.com\/staging\/wp-json\/wp\/v2\/users\/2"}],"replies":[{"embeddable":true,"href":"https:\/\/staging.asufin.com\/staging\/wp-json\/wp\/v2\/comments?post=46653"}],"version-history":[{"count":1,"href":"https:\/\/staging.asufin.com\/staging\/wp-json\/wp\/v2\/posts\/46653\/revisions"}],"predecessor-version":[{"id":106924,"href":"https:\/\/staging.asufin.com\/staging\/wp-json\/wp\/v2\/posts\/46653\/revisions\/106924"}],"wp:featuredmedia":[{"embeddable":true,"href":"https:\/\/staging.asufin.com\/staging\/wp-json\/wp\/v2\/media\/46689"}],"wp:attachment":[{"href":"https:\/\/staging.asufin.com\/staging\/wp-json\/wp\/v2\/media?parent=46653"}],"wp:term":[{"taxonomy":"category","embeddable":true,"href":"https:\/\/staging.asufin.com\/staging\/wp-json\/wp\/v2\/categories?post=46653"},{"taxonomy":"post_tag","embeddable":true,"href":"https:\/\/staging.asufin.com\/staging\/wp-json\/wp\/v2\/tags?post=46653"}],"curies":[{"name":"wp","href":"https:\/\/api.w.org\/{rel}","templated":true}]}}