{"id":47898,"date":"2020-01-30T13:35:29","date_gmt":"2020-01-30T12:35:29","guid":{"rendered":"https:\/\/www.asufin.com\/?p=47898"},"modified":"2021-06-11T09:44:08","modified_gmt":"2021-06-11T09:44:08","slug":"el-suprem-admet-a-tramit-la-demanda-col%c2%b7lectiva-per-declarar-nuls-els-swaps-dhipoteques-de-bankinter","status":"publish","type":"post","link":"https:\/\/staging.asufin.com\/staging\/ca\/el-suprem-admet-a-tramit-la-demanda-col%c2%b7lectiva-per-declarar-nuls-els-swaps-dhipoteques-de-bankinter\/","title":{"rendered":"El Suprem admet a tr\u00e0mit la demanda col\u00b7lectiva  per declarar nuls els \u2018swaps\u2019 d\u2019hipoteques de  Bankinter"},"content":{"rendered":"\r\n<h3 class=\"wp-block-heading\">L&#8217;objectiu \u00e9s expulsar del mercat aquestes cl\u00e0usules encara que els contractes hagin ven\u00e7ut o es cancel\u00b7lessin i exigir les devolucions de les quantitats abonades per aquesta suposada &#8216;asseguran\u00e7a&#8217; de pujada de tipus.<\/h3>\r\n\r\n\r\n\r\n<h3 class=\"wp-block-heading\"><br \/>Podr\u00e0 beneficiar a m\u00e9s de 200.000 persones i petits empresaris que van contractar en el seu moment aquest producte complex comercialitzat &#8220;sense claredat, ni transpar\u00e8ncia&#8221;, segons sent\u00e8ncia de primera inst\u00e0ncia.<\/h3>\r\n\r\n\r\n\r\n<p><strong>Dimarts, 28 de gener de 2020<\/strong>. El Tribunal Suprem ha adm\u00e8s a tr\u00e0mit la demanda col\u00b7lectiva d\u2019ASUFIN per declarar nuls els anomenats &#8216;clips&#8217; i &#8216;intercanvis&#8217; de Bankinter, comercialitzats en les hipoteques fins a 2008 com assegurances davant eventuals pujades d&#8217;inter\u00e8s de l&#8217;Euribor. M\u00e9s de 200.000 afectats podrien reclamar la devoluci\u00f3 de les quantitats cobrades de m\u00e9s, encara que els seus contractes expiressin o fossin cancel\u00b7lats anticipadament.<\/p>\r\n\r\n\r\n\r\n<p><br \/><strong>ASUFIN<\/strong> va guanyar en primera inst\u00e0ncia aquesta col\u00b7lectiva al declarar nuls els contractes d&#8217;intercanvi o permuta financera com a conseq\u00fc\u00e8ncia de falta de transpar\u00e8ncia i claredat a l&#8217;impedir al client entendre el que est\u00e0 subscrivint. Segons la resoluci\u00f3, Bankinter va ocultar als seus clients aspectes essencials del contracte com, per exemple, el cost de cancel\u00b7laci\u00f3 del producte o el cost m\u00e0xim dels pagaments a qu\u00e8 el client podia veure obligat en cas de disminuci\u00f3 de l&#8217;Euribor. La sent\u00e8ncia va considerar tamb\u00e9 provat que Bankinter no va compartir amb els usuaris als que oferia aquests productes, tal com hauria estat la seva obligaci\u00f3, les previsions sobre la possible evoluci\u00f3 futura de l&#8217;Euribor.<\/p>\r\n\r\n\r\n\r\n<p><br \/>Bankinter, com altres entitats, va comercialitzar a partir del 2005 i fins a 2008, just abans de la crisi financera i que l&#8217;Euribor comenc\u00e9s a encadenar descensos consecutius, uns productes coneguts per intercanvis i clips com si fossin assegurances o cobertures enfront de les pujades de tipus d&#8217;inter\u00e8s. En realitat, es tractava de &#8216;swaps&#8217; (permuta financera), un derivat financer pel qual els clients assumien sense saber-ho un risc m\u00e9s gran en cas que baixessin els tipus. En aquest sentit, es substitu\u00efa el risc de pujada del tipus d&#8217;inter\u00e8s pel risc de baixada, ja que si l&#8217;Euribor \u00e9s inferior a l&#8217;inter\u00e8s pactat, el client hauria de pagar al banc.<\/p>\r\n\r\n\r\n\r\n<p><br \/>A m\u00e9s, en el context en el qual es van subscriure els contractes les entitats financeres ja comptaven amb previsions en qu\u00e8 s&#8217;observava la baixada de tipus, informaci\u00f3 que de cap manera va ser proporcionada als clients, arribant fins i tot a negar l&#8217;exist\u00e8ncia d&#8217;aquestes previsions, tot i que ha quedat demostrat en nombrosos procediments judicials.<\/p>\r\n\r\n\r\n\r\n<blockquote class=\"wp-block-quote is-layout-flow wp-block-quote-is-layout-flow\">\r\n<p><br \/>ASUFIN ha guanyat prop de 2.000 reclamacions individuals per aquest producte que segueixen el patr\u00f3 de no haver informat correctament a l&#8217;afectat sobre el que suposava un escenari amb baixada de tipus i el cost que comportava anul\u00b7lar aquesta asseguran\u00e7a.<\/p>\r\n<\/blockquote>\r\n\r\n\r\n\r\n<p><br \/>Aquest producte va donar lloc a l&#8217;origen d&#8217;aquesta associaci\u00f3, ja que la fundadora de la mateixa, Patricia Su\u00e1rez, va patir les conseq\u00fc\u00e8ncies de contractar una Clip de Bankinter a inst\u00e0ncies del director de la seva oficina per a la seva pr\u00f2pia hipoteca. En aquest sentit, l&#8217;admissi\u00f3 a tr\u00e0mit al Suprem d&#8217;aquesta col\u00b7lectiva <span class=\"tadv-background-color\" style=\"background-color: #f4e3ed;\">&#8220;suposa la confirmaci\u00f3 definitiva i la confirmaci\u00f3 que el grup d&#8217;afectats original que aixequem ASUFIN no est\u00e0vem equivocats&#8221;.<\/span><\/p>\r\n\r\n\r\n\r\n<p><br \/>Su\u00e1rez es va mostrar a m\u00e9s molt satisfeta pel treball realitzat per la lletrada Mar\u00eda Jos\u00e9 Lunas, experta en accions col\u00b7lectives i Dret bancari, a l&#8217;haver aconseguit que el Tribunal Suprem admet\u00e9s a tr\u00e0mit el recurs. <span class=\"tadv-background-color\" style=\"background-color: #f4e3ed;\">&#8220;ASUFIN sempre ha tingut clar que per enfrontar-se a una entitat financera havia de comptar amb els millors advocats i si es tracta d&#8217;una acci\u00f3 col\u00b7lectiva, encara m\u00e9s.&#8221;<\/span> Va declarar la presidenta de l&#8217;associaci\u00f3.<\/p>\r\n\r\n\r\n\r\n<p class=\"has-background has-text-align-center has-very-light-gray-background-color\"><a href=\"https:\/\/asufin.com\/wp-content\/uploads\/2020\/01\/AUTO_ADMISION_COLECTVA_SWAPS.pdf\" target=\"_blank\" rel=\"noopener\"><strong>DESCARREGAR AUTO COL\u00b7LECTIVA SWAPS &#8211; 22.01.2020<\/strong><\/a><\/p>\r\n","protected":false},"excerpt":{"rendered":"<p>L&#8217;objectiu \u00e9s expulsar del mercat aquestes cl\u00e0usules encara que els contractes hagin ven\u00e7ut o es cancel\u00b7lessin i exigir les devolucions de les quantitats abonades per aquesta suposada &#8216;asseguran\u00e7a&#8217; de pujada de tipus. Podr\u00e0 beneficiar a m\u00e9s de 200.000 persones i petits empresaris que van contractar en el seu moment aquest producte complex comercialitzat &#8220;sense claredat, [&hellip;]<\/p>\n","protected":false},"author":2,"featured_media":5820,"comment_status":"open","ping_status":"closed","sticky":false,"template":"","format":"standard","meta":{"_acf_changed":false,"_jetpack_newsletter_access":"","_jetpack_dont_email_post_to_subs":false,"_jetpack_newsletter_tier_id":0,"_jetpack_memberships_contains_paywalled_content":false,"_jetpack_memberships_contains_paid_content":false,"footnotes":""},"categories":[3278,3279,7143,7287],"tags":[],"class_list":["post-47898","post","type-post","status-publish","format-standard","has-post-thumbnail","hentry","category-asufin-comunicats-cat","category-asufin-destacat-cat","category-bankinter-cat","category-swaps-cat"],"acf":[],"jetpack_featured_media_url":"https:\/\/i0.wp.com\/staging.asufin.com\/staging\/wp-content\/uploads\/2012\/01\/bankinter_oficina1.jpg?fit=300%2C247&ssl=1","jetpack_shortlink":"https:\/\/wp.me\/peayLa-csy","jetpack_likes_enabled":false,"jetpack_sharing_enabled":true,"_links":{"self":[{"href":"https:\/\/staging.asufin.com\/staging\/wp-json\/wp\/v2\/posts\/47898","targetHints":{"allow":["GET"]}}],"collection":[{"href":"https:\/\/staging.asufin.com\/staging\/wp-json\/wp\/v2\/posts"}],"about":[{"href":"https:\/\/staging.asufin.com\/staging\/wp-json\/wp\/v2\/types\/post"}],"author":[{"embeddable":true,"href":"https:\/\/staging.asufin.com\/staging\/wp-json\/wp\/v2\/users\/2"}],"replies":[{"embeddable":true,"href":"https:\/\/staging.asufin.com\/staging\/wp-json\/wp\/v2\/comments?post=47898"}],"version-history":[{"count":1,"href":"https:\/\/staging.asufin.com\/staging\/wp-json\/wp\/v2\/posts\/47898\/revisions"}],"predecessor-version":[{"id":65528,"href":"https:\/\/staging.asufin.com\/staging\/wp-json\/wp\/v2\/posts\/47898\/revisions\/65528"}],"wp:featuredmedia":[{"embeddable":true,"href":"https:\/\/staging.asufin.com\/staging\/wp-json\/wp\/v2\/media\/5820"}],"wp:attachment":[{"href":"https:\/\/staging.asufin.com\/staging\/wp-json\/wp\/v2\/media?parent=47898"}],"wp:term":[{"taxonomy":"category","embeddable":true,"href":"https:\/\/staging.asufin.com\/staging\/wp-json\/wp\/v2\/categories?post=47898"},{"taxonomy":"post_tag","embeddable":true,"href":"https:\/\/staging.asufin.com\/staging\/wp-json\/wp\/v2\/tags?post=47898"}],"curies":[{"name":"wp","href":"https:\/\/api.w.org\/{rel}","templated":true}]}}