{"id":48426,"date":"2020-02-10T10:00:00","date_gmt":"2020-02-10T09:00:00","guid":{"rendered":"https:\/\/www.asufin.com\/?p=48426"},"modified":"2022-02-28T20:04:48","modified_gmt":"2022-02-28T20:04:48","slug":"patricia-suarez-en-bruselas-sobre-la-confianza-en-las-fintech-a-los-jovenes-no-les-preocupa-la-cesion-de-datos-2","status":"publish","type":"post","link":"https:\/\/staging.asufin.com\/staging\/ca\/patricia-suarez-en-bruselas-sobre-la-confianza-en-las-fintech-a-los-jovenes-no-les-preocupa-la-cesion-de-datos-2\/","title":{"rendered":"Patricia Su\u00e1rez, a Brussel\u00b7les, sobre la confian\u00e7a en les Fintech: \u201cAls joves no els preocupa la cessi\u00f3 de dades"},"content":{"rendered":"\n<h3 class=\"wp-block-heading\" id=\"la-presidenta-de-asufin-assenyala-que-les-associacions-de-consumidors-tenim-la-responsabilitat-d-explicar-als-ciutadans-el-valor-que-tenen-les-dades-que-cedeixen-a-empreses-i-entitats-financeres-si-sembla-que-es-gratis-el-producte-ets-tu\"><strong>La presidenta de ASUFIN assenyala que les associacions de consumidors tenim la responsabilitat d&#8217;explicar als ciutadans el valor que tenen les dades que cedeixen a empreses i entitats financeres: &#8220;Si sembla que \u00e9s gratis, el producte ets tu&#8221;<\/strong><\/h3>\n\n\n\n<p><strong>Divendres, 7 de febrer de 2020<\/strong>. La presidenta de ASUFIN, Patricia Su\u00e1rez, va acudir dijous passat a Brussel\u00b7les convidada pel think tank <a href=\"https:\/\/www.erff.eu\/\" target=\"_blank\" rel=\"noreferrer noopener\" aria-label=\"European Retail Financial Forum (ERFF)  (se abre en una nueva pesta\u00f1a)\">European Retail Financial Forum (ERFF) <\/a>per dissertar sobre el paper rellevant que adquireix el tractament de les dades en el nou escenari de consum financer que plantegen les operadores digitals, tamb\u00e9 conegudes com fintech.<\/p>\n\n\n\n<p>Referent a aix\u00f2, Su\u00e1rez va recordar que sovint es pensa que els ciutadans desconfien dels canals tradicionals bancaris quan, amb les dades a la m\u00e0, no \u00e9s ben b\u00e9 aix\u00ed: <strong><span class=\"tadv-background-color\" style=\"background-color: #f4e3ed;\">&#8220;<a href=\"https:\/\/staging.asufin.com\/staging\/el-15-de-la-poblacion-espanola-usa-las-fintech-con-los-servicios-de-pago-online-a-la-cabeza\/\" target=\"_blank\" rel=\"noreferrer noopener\">L&#8217;estudi elaborat per ASUFIN <\/a>basant-se m\u00e9s de mil respostes revela que la situaci\u00f3 \u00e9s m\u00e9s complexa i que es confia m\u00e9s en els bancs que en les fintech&#8221;<\/span><\/strong>. De fet, el que m\u00e9s preocupa \u00e9s que les grans tecnol\u00f2giques com Google, Amazon, Facebook i Apple (conegudes amb l&#8217;acr\u00f2nim de GAFA) &#8220;ho s\u00e0piguen tot de la nostra vida&#8221; a el temps que paradoxalment, fa notar Su\u00e1rez, <strong>fem un \u00fas intensiu de les seves plataformes i aplicacions.<\/strong><\/p>\n\n\n\n<p>La presidenta de ASUFIN tamb\u00e9 va exposar a Brussel\u00b7les que l&#8217;entorn digital planteja una divisi\u00f3 generacional entre els membres de la societat de major edat i que confien en major mesura a la banca tradicional i <strong>els m\u00e9s joves, als quals preocupa menys la quantitat d&#8217;informaci\u00f3 a possessi\u00f3 de les GAFA. <\/strong><span class=\"tadv-background-color\" style=\"background-color: #f4e3ed;\">&#8220;A ells els resulta barat i c\u00f2mode operar en aquests entorns, fins al punt que el 85% cediria major quantitat de dades a canvi d&#8217;obtenir m\u00e9s serveis a bon preu.&#8221; <\/span><\/p>\n\n\n\n<blockquote class=\"wp-block-quote is-layout-flow wp-block-quote-is-layout-flow\"><p><em>&#8220;Les associacions de consum tenim una responsabilitat; cal explicar als ciutadans que res \u00e9s gratis o barat, que les dades \u00e9s dels m\u00e9s valu\u00f3s que un t\u00e9 i ha de tenir cura a qui o quines empreses els cedeix &#8220;<\/em><\/p><cite>Paricia Su\u00e1rez, presidenta d\u2019ASUFIN<\/cite><\/blockquote>\n\n\n\n<p><span class=\"tadv-background-color\" style=\"background-color: #f4e3ed;\">De la mateixa manera, &#8220;si les grans tecnol\u00f2giques volen competir en el terreny de les entitats financeres s&#8217;han de sotmetre a les mateixes regles de mercat i la compet\u00e8ncia; en cas contrari, resultaria discriminatori&#8221;<\/span>, ha postil\u00b7lat Su\u00e1rez.<\/p>\n","protected":false},"excerpt":{"rendered":"<p>La presidenta de ASUFIN assenyala que les associacions de consumidors tenim la responsabilitat d&#8217;explicar als ciutadans el valor que tenen les dades que cedeixen a empreses i entitats financeres: &#8220;Si sembla que \u00e9s gratis, el producte ets tu&#8221; Divendres, 7 de febrer de 2020. La presidenta de ASUFIN, Patricia Su\u00e1rez, va acudir dijous passat a [&hellip;]<\/p>\n","protected":false},"author":2,"featured_media":48103,"comment_status":"open","ping_status":"closed","sticky":false,"template":"","format":"standard","meta":{"_acf_changed":false,"_jetpack_newsletter_access":"","_jetpack_dont_email_post_to_subs":false,"_jetpack_newsletter_tier_id":0,"_jetpack_memberships_contains_paywalled_content":false,"_jetpack_memberships_contains_paid_content":false,"footnotes":""},"categories":[6884,7237],"tags":[],"class_list":["post-48426","post","type-post","status-publish","format-standard","has-post-thumbnail","hentry","category-asufin-tech-cat","category-europa-cat"],"acf":[],"jetpack_featured_media_url":"https:\/\/i0.wp.com\/staging.asufin.com\/staging\/wp-content\/uploads\/2020\/02\/destacada_web_consumers_finance.jpg?fit=660%2C565&ssl=1","jetpack_shortlink":"https:\/\/wp.me\/peayLa-cB4","jetpack_likes_enabled":false,"jetpack_sharing_enabled":true,"_links":{"self":[{"href":"https:\/\/staging.asufin.com\/staging\/wp-json\/wp\/v2\/posts\/48426","targetHints":{"allow":["GET"]}}],"collection":[{"href":"https:\/\/staging.asufin.com\/staging\/wp-json\/wp\/v2\/posts"}],"about":[{"href":"https:\/\/staging.asufin.com\/staging\/wp-json\/wp\/v2\/types\/post"}],"author":[{"embeddable":true,"href":"https:\/\/staging.asufin.com\/staging\/wp-json\/wp\/v2\/users\/2"}],"replies":[{"embeddable":true,"href":"https:\/\/staging.asufin.com\/staging\/wp-json\/wp\/v2\/comments?post=48426"}],"version-history":[{"count":2,"href":"https:\/\/staging.asufin.com\/staging\/wp-json\/wp\/v2\/posts\/48426\/revisions"}],"predecessor-version":[{"id":87090,"href":"https:\/\/staging.asufin.com\/staging\/wp-json\/wp\/v2\/posts\/48426\/revisions\/87090"}],"wp:featuredmedia":[{"embeddable":true,"href":"https:\/\/staging.asufin.com\/staging\/wp-json\/wp\/v2\/media\/48103"}],"wp:attachment":[{"href":"https:\/\/staging.asufin.com\/staging\/wp-json\/wp\/v2\/media?parent=48426"}],"wp:term":[{"taxonomy":"category","embeddable":true,"href":"https:\/\/staging.asufin.com\/staging\/wp-json\/wp\/v2\/categories?post=48426"},{"taxonomy":"post_tag","embeddable":true,"href":"https:\/\/staging.asufin.com\/staging\/wp-json\/wp\/v2\/tags?post=48426"}],"curies":[{"name":"wp","href":"https:\/\/api.w.org\/{rel}","templated":true}]}}