{"id":49542,"date":"2020-03-25T11:23:07","date_gmt":"2020-03-25T10:23:07","guid":{"rendered":"https:\/\/www.asufin.com\/?p=49542"},"modified":"2021-06-14T08:28:25","modified_gmt":"2021-06-14T08:28:25","slug":"covid-19-asufin-demana-una-resposta-coordinada-a-la-ue-per-combatre-els-efectes-de-lemergencia-sanitaria","status":"publish","type":"post","link":"https:\/\/staging.asufin.com\/staging\/ca\/covid-19-asufin-demana-una-resposta-coordinada-a-la-ue-per-combatre-els-efectes-de-lemergencia-sanitaria\/","title":{"rendered":"COVID-19: ASUFIN demana una resposta coordinada a la UE per combatre els efectes de l&#8217;emerg\u00e8ncia sanit\u00e0ria"},"content":{"rendered":"\r\n<h3 class=\"wp-block-heading\"><strong>Els principals pa\u00efsos afectats It\u00e0lia i Espanya, per\u00f2 tamb\u00e9 Fran\u00e7a i Alemanya ja han pres mesures extraordin\u00e0ries d&#8217;alleujament d&#8217;impostos, cotitzacions socials i pagament d&#8217;hipoteques<\/strong><\/h3>\r\n\r\n\r\n\r\n<h3 class=\"wp-block-heading\"><strong>Des del comen\u00e7ament de l&#8217;emerg\u00e8ncia sanit\u00e0ria, les peticions d\u2019ASUFIN al Govern espanyol han estat morat\u00f2ria hipotec\u00e0ria i ajudes al pagament del lloguer pels col\u00b7lectius vulnerables, i mesures d&#8217;alleujament econ\u00f2mic per als treballadors i professionals aut\u00f2noms <\/strong><\/h3>\r\n\r\n\r\n\r\n<h3 class=\"wp-block-heading\"><strong>La morat\u00f2ria hipotec\u00e0ria, ja aprovada pel govern, ha de tenir una aplicaci\u00f3 pr\u00e0ctica efica\u00e7 i \u00e0gil<\/strong><\/h3>\r\n\r\n\r\n\r\n<p><strong>Dimecres, 25 de mar\u00e7 de 2020. <\/strong>A tot Europa s&#8217;estan posant en marxa mesures econ\u00f2miques de contenci\u00f3 enfront de l&#8217;emerg\u00e8ncia sanit\u00e0ria que imposa l&#8217;expansi\u00f3 del Covid-19. Pa\u00efsos especialment afectats com It\u00e0lia i Espanya, per\u00f2 tamb\u00e9 Fran\u00e7a i Alemanya estan adoptant mesures in\u00e8dites, pr\u00f2pies de temps de guerra, com suspensi\u00f3 d&#8217;impostos i cotitzacions socials i pagament de les hipoteques. Des d\u2019ASUFIN demanem a la Uni\u00f3 Europea que articuli una resposta coordinada, com\u00fa a tots els pa\u00efsos, de morat\u00f2ria fiscal, cotitzacions socials i pagaments hipotecaris perqu\u00e8 la resposta al virus sigui homog\u00e8nia i efica\u00e7 entre tots els estats membre.<\/p>\r\n\r\n\r\n\r\n<p><strong>MORAT\u00d2RIA HIPOTEC\u00c0RIA<\/strong><\/p>\r\n\r\n\r\n\r\n<p>El Govern va aprovar aquesta mesura dimarts dia 17, el que suposa una <strong>congelaci\u00f3 del pagament de les hipoteques als espanyols afectats per la crisi del coronavirus.<\/strong> La mesura s&#8217;aplica per qui la quota hipotec\u00e0ria, m\u00e9s despeses i subministraments, supera el 35% dels ingressos n\u00e9ts de la unitat familiar.<\/p>\r\n\r\n\r\n\r\n<p>La norma tamb\u00e9 fa refer\u00e8ncia a persones que passin a estar en situaci\u00f3 d&#8217;atur o en cas de ser empresari o professional, que pateixin una p\u00e8rdua substancial d&#8217;ingressos o vendes. I les fam\u00edlies en qu\u00e8 els ingressos totals no superin en el mes anterior a la sol\u00b7licitud a la morat\u00f2ria tres vegades l&#8217;IPREM (un indicador de renda que s&#8217;empra per a la concessi\u00f3 de determinades ajudes i subvencions). Estem parlant, en termes generals d&#8217;uns 1.600 euros.<\/p>\r\n\r\n\r\n\r\n<p><strong>AGILITAT EN LA CONCESSI\u00d3 DE LA MORAT\u00d2RIA<\/strong><\/p>\r\n\r\n\r\n\r\n<p>Un cop aprovada la norma, <span class=\"tadv-background-color\" style=\"background-color: #f4e3ed;\">ASUFIN ha demanat a les entitats financeres que <strong>agilitin la tramitaci\u00f3 de la morat\u00f2ria hipotec\u00e0ria<\/strong><\/span> a fi que aquesta mesura pugui implementar-se i arribi a tots els afectats. Aix\u00ed mateix, han de facilitar que tots els tr\u00e0mits puguin ser online, amb <strong>canals telem\u00e0tics i telef\u00f2nics d&#8217;atenci\u00f3 als clients<\/strong>, tenint en compte les excepcionals circumst\u00e0ncies que vivim a conseq\u00fc\u00e8ncia de l&#8217;emerg\u00e8ncia sanit\u00e0ria.<\/p>\r\n\r\n\r\n\r\n<p><strong>L&#8217;experi\u00e8ncia que t\u00e9 l&#8217;associaci\u00f3 de l&#8217;aplicaci\u00f3 del Codi de Bones Pr\u00e0ctiques, <\/strong>que es va implantar el 2012 amb la crisi anterior, per facilitar el pagament i la reestructuraci\u00f3 de clients en situacions complicades, <strong>\u00e9s negativa: la seva tramitaci\u00f3 \u00e9s moltes vegades excessivament burocr\u00e0tica i farragosa . <\/strong><\/p>\r\n\r\n\r\n\r\n<p>De fet, i segons les \u00faltimes dades fetes p\u00fabliques, del primer semestre del 2019, corresponents a la XIV Informe de la comissi\u00f3 de compliment del Codi, s&#8217;han tramitat un total de 57.885 operacions, entre reestructuracions de deute, dacions en pagament i lleves, de les 115.475 rebudes.<\/p>\r\n\r\n\r\n\r\n<p><strong>AJUDES A AL LLOGUER<\/strong><\/p>\r\n\r\n\r\n\r\n<p>D&#8217;altra banda, <span class=\"tadv-background-color\" style=\"background-color: #f4e3ed;\">des d\u2019ASUFIN es segueix demanant a l&#8217;executiu que arbitri ajudes per als inquilins <\/span>que igualment hagin estat colpejats pels efectes econ\u00f2mics de l&#8217;emerg\u00e8ncia sanit\u00e0ria provocada pel Covid-19 a casa nostra. Cal tenir en compte que molts llogaters s\u00f3n propietaris particulars que no poden oferir morat\u00f2ries als seus inquilins.<\/p>\r\n\r\n\r\n\r\n<blockquote class=\"wp-block-quote is-layout-flow wp-block-quote-is-layout-flow\">\r\n<p>El Govern est\u00e0 atenent la situaci\u00f3 de crisi amb responsabilitat perqu\u00e8 les fam\u00edlies puguin superar la crisi amb salut financera. No obstant aix\u00f2, no ha de parar aqu\u00ed, l&#8217;habitatge \u00e9s un dret fonamental i les fam\u00edlies necessitaran ajudes pel lloguer.<\/p>\r\n<cite>Patricia Su\u00e1rez, presidenta d&#8217;ASUFIN.<\/cite><\/blockquote>\r\n\r\n\r\n\r\n<p class=\"has-background\" style=\"background-color: #f4e3ed;\">ASUFIN cont\u00ednua per aix\u00f2 la seva campanya per demanar mesures de suport al lloguer. A la plataforma <a href=\"http:\/\/change.org\/EmergenciaHipotecasCoronavirus\" target=\"_blank\" rel=\"noreferrer noopener\">change.org<\/a> hem aconseguit ja m\u00e9s de 4.000 signatures.<\/p>\r\n\r\n\r\n\r\n<p><strong>SUPORT ECON\u00d2MIC PELS AUT\u00d2NOMS, PROFESSIONALS I PETITS EMPRESARIS<\/strong><\/p>\r\n\r\n\r\n\r\n<p>Aix\u00ed mateix, ASUFIN demanava ajudes d&#8217;alleujament econ\u00f2mic pels aut\u00f2noms. El Govern nom\u00e9s ha aprovat una mesura directa que consisteix a facilitar l&#8217;acc\u00e9s al cessament d&#8217;activitat (atur efectiu), en unes determinades condicions. La prestaci\u00f3 per desocupaci\u00f3 d&#8217;aquest col\u00b7lectiu puja a uns 660 euros al mes, en el cas del 80%. Aquesta mesura pret\u00e9n facilitar l&#8217;acc\u00e9s a aquesta prestaci\u00f3 dels petits empresaris i professionals, les activitats dels quals hagin estat suspeses per les mesures d&#8217;emerg\u00e8ncia o que acreditin una p\u00e8rdua d&#8217;ingressos del 75%.<\/p>\r\n\r\n\r\n\r\n<p>Des d\u2019ASUFIN tamb\u00e9 demanem que s&#8217;apliqui una <span class=\"tadv-background-color\" style=\"background-color: #f4e3ed;\">morat\u00f2ria pel pagament de les quotes d&#8217;aut\u00f2noms,<\/span> en la mesura que no dispondran d&#8217;ingressos suficients per complir amb aquesta obligaci\u00f3 fiscal.<\/p>\r\n\r\n\r\n\r\n<h4 class=\"wp-block-heading\">EUROPA PRESS | <a href=\"https:\/\/amp.europapress.es\/economia\/finanzas-00340\/noticia-asufin-pide-ue-respuesta-coordinada-contra-impacto-economico-coronavirus-20200325103845.html\" target=\"_blank\" rel=\"noreferrer noopener\" aria-label=\"Asufin pide a la UE una respuesta coordinada contra el impacto econ\u00f3mico del coronavirus (se abre en una nueva pesta\u00f1a)\">Asufin pide a la UE una respuesta coordinada contra el impacto econ\u00f3mico del coronavirus<\/a><\/h4>\r\n\r\n\r\n\r\n<h4 class=\"wp-block-heading\">CONFILEGAL | <a href=\"https:\/\/bit.ly\/3bnpOPI\" target=\"_blank\" rel=\"noreferrer noopener\">Asufin pide a la UE una respuesta coordinada contra el impacto econ\u00f3mico del coronavirus<\/a><\/h4>\r\n\r\n\r\n\r\n<h4 class=\"wp-block-heading\">BOLSAMANIA | <a href=\"https:\/\/www.bolsamania.com\/noticias_amp\/mercados\/economiafinanzas--asufin-pide-a-la-ue-una-respuesta-coordinada-contra-el-impacto-economico-del-coronavirus--7399878.html\" target=\"_blank\" rel=\"noreferrer noopener\">Asufin pide a la UE una respuesta coordinada contra el impacto econ\u00f3mico del coronavirus<\/a><\/h4>\r\n","protected":false},"excerpt":{"rendered":"<p>Els principals pa\u00efsos afectats It\u00e0lia i Espanya, per\u00f2 tamb\u00e9 Fran\u00e7a i Alemanya ja han pres mesures extraordin\u00e0ries d&#8217;alleujament d&#8217;impostos, cotitzacions socials i pagament d&#8217;hipoteques Des del comen\u00e7ament de l&#8217;emerg\u00e8ncia sanit\u00e0ria, les peticions d\u2019ASUFIN al Govern espanyol han estat morat\u00f2ria hipotec\u00e0ria i ajudes al pagament del lloguer pels col\u00b7lectius vulnerables, i mesures d&#8217;alleujament econ\u00f2mic per als [&hellip;]<\/p>\n","protected":false},"author":2,"featured_media":49541,"comment_status":"open","ping_status":"closed","sticky":false,"template":"","format":"standard","meta":{"_acf_changed":false,"_jetpack_newsletter_access":"","_jetpack_dont_email_post_to_subs":false,"_jetpack_newsletter_tier_id":0,"_jetpack_memberships_contains_paywalled_content":false,"_jetpack_memberships_contains_paid_content":false,"footnotes":""},"categories":[3278,3279,6993],"tags":[],"class_list":["post-49542","post","type-post","status-publish","format-standard","has-post-thumbnail","hentry","category-asufin-comunicats-cat","category-asufin-destacat-cat","category-covid19-cat"],"acf":[],"jetpack_featured_media_url":"https:\/\/i0.wp.com\/staging.asufin.com\/staging\/wp-content\/uploads\/2020\/03\/BANNERS_responsive_COVID-1.jpg?fit=1204%2C920&ssl=1","jetpack_shortlink":"https:\/\/wp.me\/peayLa-cT4","jetpack_likes_enabled":false,"jetpack_sharing_enabled":true,"_links":{"self":[{"href":"https:\/\/staging.asufin.com\/staging\/wp-json\/wp\/v2\/posts\/49542","targetHints":{"allow":["GET"]}}],"collection":[{"href":"https:\/\/staging.asufin.com\/staging\/wp-json\/wp\/v2\/posts"}],"about":[{"href":"https:\/\/staging.asufin.com\/staging\/wp-json\/wp\/v2\/types\/post"}],"author":[{"embeddable":true,"href":"https:\/\/staging.asufin.com\/staging\/wp-json\/wp\/v2\/users\/2"}],"replies":[{"embeddable":true,"href":"https:\/\/staging.asufin.com\/staging\/wp-json\/wp\/v2\/comments?post=49542"}],"version-history":[{"count":1,"href":"https:\/\/staging.asufin.com\/staging\/wp-json\/wp\/v2\/posts\/49542\/revisions"}],"predecessor-version":[{"id":65564,"href":"https:\/\/staging.asufin.com\/staging\/wp-json\/wp\/v2\/posts\/49542\/revisions\/65564"}],"wp:featuredmedia":[{"embeddable":true,"href":"https:\/\/staging.asufin.com\/staging\/wp-json\/wp\/v2\/media\/49541"}],"wp:attachment":[{"href":"https:\/\/staging.asufin.com\/staging\/wp-json\/wp\/v2\/media?parent=49542"}],"wp:term":[{"taxonomy":"category","embeddable":true,"href":"https:\/\/staging.asufin.com\/staging\/wp-json\/wp\/v2\/categories?post=49542"},{"taxonomy":"post_tag","embeddable":true,"href":"https:\/\/staging.asufin.com\/staging\/wp-json\/wp\/v2\/tags?post=49542"}],"curies":[{"name":"wp","href":"https:\/\/api.w.org\/{rel}","templated":true}]}}