{"id":50039,"date":"2020-04-12T19:29:53","date_gmt":"2020-04-12T17:29:53","guid":{"rendered":"https:\/\/www.asufin.com\/?p=50039"},"modified":"2020-05-02T13:13:40","modified_gmt":"2020-05-02T11:13:40","slug":"covid-19-claves-de-la-moratoria-alquiler","status":"publish","type":"post","link":"https:\/\/staging.asufin.com\/staging\/covid-19-claves-de-la-moratoria-alquiler\/","title":{"rendered":"COVID-19: Claves de la moratoria alquiler"},"content":{"rendered":"\n<h2 class=\"wp-block-heading\">ASUFIN te explica c\u00f3mo acceder a la moratoria del alquiler<\/h2>\n\n\n\n<h4 class=\"wp-block-heading\">Norma: <a rel=\"noreferrer noopener\" href=\"https:\/\/www.boe.es\/buscar\/act.php?id=BOE-A-2020-4208\" target=\"_blank\">Real Decreto-ley 11\/2020, de 31 de marzo, por el que se adoptan medidas urgentes complementarias en el \u00e1mbito social y econ\u00f3mico para hacer frente al COVID-19<\/a> Art\u00edculos 1 al 15.<\/h4>\n\n\n\n<div style=\"height:20px\" aria-hidden=\"true\" class=\"wp-block-spacer\"><\/div>\n\n\n\n<p class=\"has-background has-very-light-gray-background-color\"><strong>ACTUALIZACI\u00d3N 1\/5\/20 &#8211; <a rel=\"noreferrer noopener\" href=\"https:\/\/www.boe.es\/diario_boe\/txt.php?id=BOE-A-2020-4759\" target=\"_blank\">Orden TMA\/378\/2020, de 30 de abril<\/a> &#8211; Aligera las condiciones para acceder a la moratoria de alquiler. <\/strong><\/p>\n\n\n\n<figure class=\"wp-block-image size-large\"><img data-recalc-dims=\"1\" fetchpriority=\"high\" decoding=\"async\" width=\"800\" height=\"800\" data-attachment-id=\"51293\" data-permalink=\"https:\/\/staging.asufin.com\/staging\/?attachment_id=51293\" data-orig-file=\"https:\/\/i0.wp.com\/staging.asufin.com\/staging\/wp-content\/uploads\/2020\/04\/COVID_19_INFOS_ALQUILER_v2.jpg?fit=1098%2C1098&amp;ssl=1\" data-orig-size=\"1098,1098\" data-comments-opened=\"1\" data-image-meta=\"{&quot;aperture&quot;:&quot;0&quot;,&quot;credit&quot;:&quot;&quot;,&quot;camera&quot;:&quot;&quot;,&quot;caption&quot;:&quot;&quot;,&quot;created_timestamp&quot;:&quot;0&quot;,&quot;copyright&quot;:&quot;&quot;,&quot;focal_length&quot;:&quot;0&quot;,&quot;iso&quot;:&quot;0&quot;,&quot;shutter_speed&quot;:&quot;0&quot;,&quot;title&quot;:&quot;&quot;,&quot;orientation&quot;:&quot;0&quot;}\" data-image-title=\"COVID-19 &#8211; MORATORIA ALQUILER &#8211; ACTUALIZADA ORDEN TMA\/378\/2020 &#8211; ASUFIN\" data-image-description=\"&lt;p&gt;COVID-19 &#8211; MORATORIA ALQUILER &#8211; ACTUALIZADA ORDEN TMA\/378\/2020 &#8211; ASUFIN&lt;\/p&gt;\n\" data-image-caption=\"\" data-large-file=\"https:\/\/i0.wp.com\/staging.asufin.com\/staging\/wp-content\/uploads\/2020\/04\/COVID_19_INFOS_ALQUILER_v2.jpg?fit=800%2C800&amp;ssl=1\" src=\"https:\/\/i0.wp.com\/asufin.com\/wp-content\/uploads\/2020\/04\/COVID_19_INFOS_ALQUILER_v2-1024x1024.jpg?resize=800%2C800&#038;ssl=1\" alt=\"COVID-19 - MORATORIA ALQUILER - ACTUALIZADA ORDEN TMA\/378\/2020 - ASUFIN\" class=\"wp-image-51293\" title=\"\" srcset=\"https:\/\/i0.wp.com\/staging.asufin.com\/staging\/wp-content\/uploads\/2020\/04\/COVID_19_INFOS_ALQUILER_v2.jpg?resize=1024%2C1024&amp;ssl=1 1024w, https:\/\/i0.wp.com\/staging.asufin.com\/staging\/wp-content\/uploads\/2020\/04\/COVID_19_INFOS_ALQUILER_v2.jpg?resize=300%2C300&amp;ssl=1 300w, https:\/\/i0.wp.com\/staging.asufin.com\/staging\/wp-content\/uploads\/2020\/04\/COVID_19_INFOS_ALQUILER_v2.jpg?resize=150%2C150&amp;ssl=1 150w, https:\/\/i0.wp.com\/staging.asufin.com\/staging\/wp-content\/uploads\/2020\/04\/COVID_19_INFOS_ALQUILER_v2.jpg?resize=768%2C768&amp;ssl=1 768w, https:\/\/i0.wp.com\/staging.asufin.com\/staging\/wp-content\/uploads\/2020\/04\/COVID_19_INFOS_ALQUILER_v2.jpg?resize=125%2C125&amp;ssl=1 125w, https:\/\/i0.wp.com\/staging.asufin.com\/staging\/wp-content\/uploads\/2020\/04\/COVID_19_INFOS_ALQUILER_v2.jpg?w=1098&amp;ssl=1 1098w\" sizes=\"(max-width: 800px) 100vw, 800px\" \/><\/figure>\n\n\n\n<h3 class=\"wp-block-heading\">\u00bfQU\u00c9 ES UNA MORATORIA DE ALQUILER?<\/h3>\n\n\n\n<p>El Gobierno ha establecido una serie de medidas para las familias vulnerables. Sin embargo, la definici\u00f3n de vulnerabilidad es tan restrictiva como la de la moratoria de las hipotecas. Desde ASUFIN ya hemos denunciado que solo un <a rel=\"noreferrer noopener\" href=\"https:\/\/asufin.com\/solo-un-10-de-los-posibles-beneficiarios-podria-acceder-a-la-moratoria-hipotecaria\/\" target=\"_blank\">10% podr\u00e1 acogerse a estas medidas<\/a>.<\/p>\n\n\n\n<p>El RDL establece dos tipos de medidas. Si el casero es un gran tenedor, podr\u00e1s acceder a una quita del 50% o el aplazamiento de las mensualidades. Si tu casero es un peque\u00f1o propietario y no llegas a un acuerdo, podr\u00e1s acceder a pr\u00e9stamos ICO sin gastos, ni comisiones.<\/p>\n\n\n\n<h3 class=\"wp-block-heading\">SUSPENSI\u00d3N DE DESAHUCIOS<\/h3>\n\n\n\n<p>Se establece la suspensi\u00f3n de desahucios y lanzamientos para <strong>familias vulnerables<\/strong> sin alternativa habitacional. El plazo m\u00e1ximo de la suspensi\u00f3n es de 6 meses. (<a href=\"https:\/\/www.boe.es\/buscar\/act.php?id=BOE-A-2020-4208\" target=\"_blank\" rel=\"noreferrer noopener\">art. 1 &#8211; RDL 11\/2020<\/a>)<\/p>\n\n\n\n<h3 class=\"wp-block-heading\">PR\u00d3RROGA CONTRATOS ALQUILER<\/h3>\n\n\n\n<p>Se establece una pr\u00f3rroga de <strong>2 meses<\/strong> de los contratos que finalicen durante el Estado de Alarma, pudiendo ampliarse durante 6 meses en las mismas condiciones. (<a rel=\"noreferrer noopener\" href=\"https:\/\/www.boe.es\/buscar\/act.php?id=BOE-A-2020-4208\" target=\"_blank\">art. 2 &#8211; RDL 11\/2020<\/a>)<\/p>\n\n\n\n<h3 class=\"wp-block-heading\">MORATORIA GRANDES TENEDORES Y EMPRESAS P\u00daBLICAS<\/h3>\n\n\n\n<p>El legislador siempre prev\u00e9, en primer lugar, que el inquilino se ponga en contacto para llegar a un acuerdo. Si no lo consigue prev\u00e9 unas medidas son distintas dependiendo del tipo de arrendador. <\/p>\n\n\n\n<p>Si el arrendador (el casero)  es una empresa o entidad p\u00fablica de vivienda o un gran tenedor. Se entiende por &#8216;gran tenedor&#8217; aquella persona f\u00edsica o jur\u00eddica que sea titular de m\u00e1s de 10 muebles urbanos (excluyendo garajes y trasteros). (<a rel=\"noreferrer noopener\" href=\"https:\/\/www.boe.es\/buscar\/act.php?id=BOE-A-2020-4208\" target=\"_blank\">art. 4 &#8211; RDL 11\/2020<\/a>)<\/p>\n\n\n\n<p>En caso de que no haya un acuerdo entre casero e inquilino, el arrendador comunicar\u00e1 su decisi\u00f3n, que solo podr\u00e1 ser una de las siguientes alternativas: <strong>quita del 50% durante 4 meses<\/strong> o <strong>moratoria del pago de la renta durante 4 meses <\/strong>pudiendo fraccionar el pago de las cuotas durante al menos 3 a\u00f1os o durante el plazo que reste al contrato.<\/p>\n\n\n\n<h3 class=\"wp-block-heading\">MORATORIA PARA PEQUE\u00d1OS TENEDORES<\/h3>\n\n\n\n<p>Si el arrendador es un propietario que no encaja en los referidos anteriormente y no se ha llegado a un acuerdo, el inquilino que haya devenido en situaci\u00f3n de vulnerabilidad por el COVID19, podr\u00e1 acceder a una financiaci\u00f3n que deber\u00e1 solicitar en una entidad bancaria con las siguientes condiciones (<a rel=\"noreferrer noopener\" href=\"https:\/\/www.boe.es\/buscar\/act.php?id=BOE-A-2020-4208\" target=\"_blank\">art. 9 y 10 &#8211; RDL 11\/2020<\/a>):<\/p>\n\n\n\n<ul class=\"wp-block-list\"><li><strong>Ayuda finalista<\/strong> &#8211; solo podr\u00e1 dedicarse al pago del alquiler o de un pr\u00e9stamo que est\u00e9 dedicado al alquiler<\/li><li><strong>Importe m\u00e1ximo de 900\u20ac mensuales durante 6 meses <\/strong><\/li><li><strong>Plazo de devoluci\u00f3n<\/strong>: hasta 6 a\u00f1os, prorrogables 4 m\u00e1s, sin gastos, ni intereses.<\/li><\/ul>\n\n\n\n<h3 class=\"wp-block-heading\">DEFINICI\u00d3N DE VULNERABILIDAD<\/h3>\n\n\n\n<p>La <strong><a rel=\"noreferrer noopener\" href=\"https:\/\/www.boe.es\/diario_boe\/txt.php?id=BOE-A-2020-4759\" target=\"_blank\">Orden TMA\/378\/2020, de 30 de abril<\/a><\/strong> ha aligerado los requisitos establecidos por el <a rel=\"noreferrer noopener\" href=\"https:\/\/www.boe.es\/buscar\/act.php?id=BOE-A-2020-4208\" target=\"_blank\">art. 5 &#8211; RDL 11\/2020<\/a>. As\u00ed, la unidad familiar deber\u00e1 cumplir con las siguientes condiciones:<\/p>\n\n\n\n<p class=\"has-background has-very-light-gray-background-color\"><strong>ACTUALIZACI\u00d3N 1\/5\/20 &#8211; <a rel=\"noreferrer noopener\" href=\"https:\/\/www.boe.es\/diario_boe\/txt.php?id=BOE-A-2020-4759\" target=\"_blank\">Orden TMA\/378\/2020, de 30 de abril<\/a><\/strong><\/p>\n\n\n\n<ul class=\"wp-block-list\"><li>Que el arrendatario o alguno de los miembros de la unidad familiar se encuentre afectado por una circunstancia que implique una reducci\u00f3n de ingresos, por pasar a estar en situaci\u00f3n de desempleo, por estar afectado por un Expediente Temporal de Regulaci\u00f3n de Empleo (ERTE), por haber reducido su jornada por motivo de cuidados, por cese de actividad de los trabajadores por cuenta propia o por\u00a0 otras circunstancias sobrevenidas vinculadas a la actividad laboral o empresarial que impliquen dicha reducci\u00f3n de ingresos como consecuencia de la expansi\u00f3n del COVID-19.<\/li><li>L\u00edmite de ingresos: no superar 5 IPREM del conjunto de los ingresos de los miembros de la unidad familiar, en el mes anterior a la solicitud de la ayuda. (2.689,2 euros\/mes)<\/li><li>Renta arrendaticia m\u00e1s los gastos y suministros b\u00e1sicos resulte superior o igual al 35% de los ingresos netos que perciba el conjunto de los miembros de la unidad familiar.<\/li><li>Si son varios los titulares de un mismo contrato de alquiler, todos deber\u00e1n formalizar como prestatarios un solo contrato de pr\u00e9stamo, respondiendo de forma solidaria.<\/li><li>No disponer la persona arrendataria o cualquiera de las personas que componen la unidad familiar que habita en la vivienda arrendada, de una vivienda en propiedad o en r\u00e9gimen de usufructo, en donde puedan habitar, salvo los casos que se contemplan en la Orden.<\/li><\/ul>\n\n\n\n<p class=\"has-background has-text-align-center has-very-light-gray-background-color\"><strong>SUMINISTROS B\u00c1SICOS<\/strong> <br>electricidad, el gas, gasoil, agua, tel\u00e9fono fijo y m\u00f3vil, as\u00ed como los gastos de comunidad de propietarios.<\/p>\n\n\n\n<h3 class=\"wp-block-heading\">DOCUMENTACI\u00d3N<\/h3>\n\n\n\n<p>Tienes que recopilar la siguiente documentaci\u00f3n (<a rel=\"noreferrer noopener\" href=\"https:\/\/www.boe.es\/buscar\/act.php?id=BOE-A-2020-4208\" target=\"_blank\">art. 5 &#8211; RDL 11\/2020<\/a>), sin embargo, si no la consigues toda dada la situaci\u00f3n excepcional que vivimos, podr\u00e1s aportarla hasta un mes despu\u00e9s de la finalizaci\u00f3n del estdo de alarma.<\/p>\n\n\n\n<p><strong>a)<\/strong> En caso de situaci\u00f3n legal de desempleo, mediante certificado expedido por la entidad gestora de las prestaciones, en el que figure la cuant\u00eda mensual percibida en concepto de prestaciones o subsidios por desempleo.<\/p>\n\n\n\n<p><strong>b)<\/strong> En caso de cese de actividad de los trabajadores por cuenta propia, mediante certificado expedido por la Agencia Estatal de la Administraci\u00f3n Tributaria o el \u00f3rgano competente de la Comunidad Aut\u00f3noma, en su caso, sobre la base de la declaraci\u00f3n de cese de actividad declarada por el interesado.<\/p>\n\n\n\n<p><strong>c)<\/strong> N\u00famero de personas que habitan la vivienda:<\/p>\n\n\n\n<p>i. Libro de familia o documento acreditativo de pareja de hecho.<\/p>\n\n\n\n<p>ii. Certificado de empadronamiento relativo a las personas empadronadas en la vivienda, con referencia al momento de la presentaci\u00f3n de los documentos acreditativos y a los seis meses anteriores.<\/p>\n\n\n\n<p>iii. Declaraci\u00f3n de discapacidad, de dependencia o de incapacidad permanente para realizar una actividad laboral.<\/p>\n\n\n\n<p><strong>d)<\/strong> Titularidad de los bienes: Nota simple del servicio de \u00edndices del Registro de la Propiedad de todos los miembros de la unidad familiar.<\/p>\n\n\n\n<p><strong>e)<\/strong> Declaraci\u00f3n responsable del deudor o deudores relativa al cumplimiento de los requisitos exigidos para considerarse sin recursos econ\u00f3micos suficientes seg\u00fan este real decreto-ley.  <\/p>\n\n\n\n<p class=\"has-background has-very-light-gray-background-color\"><strong>La documentaci\u00f3n se tiene que presentar a tu entidad financiera, si no puedes aportarla completa, no te preocupes, tienes hasta un mes despu\u00e9s de la finalizaci\u00f3n del estado de alarma para hacerlo.<\/strong><\/p>\n\n\n\n<p class=\"has-background has-very-light-gray-background-color\"><strong>Escr\u00edbenos a <a href=\"mailto:info@asufin.com\">info@asufin.com<\/a> y te ayudaremos!<\/strong><\/p>\n\n\n\n<h3 class=\"wp-block-heading\">EFECTO DISUASORIO<\/h3>\n\n\n\n<p>La norma establece que ser\u00e1n responsables de da\u00f1os y perjuicios (siendo este importe superior a lo dejado de ganar por la entidad financiera) aquellas personas que se beneficiaron indebidamente o aquellos que simularon o maquillaron sus ingresos para acogerse a la norma.<\/p>\n\n\n\n<p class=\"has-background has-very-light-gray-background-color\"><strong>Si te encuentras en dificultades para pagar la hipoteca por la crisis del <a href=\"https:\/\/asufin.com\/covid-19\/\" target=\"_blank\" rel=\"noreferrer noopener\">COVID-19<\/a>, escr\u00edbenos a <a href=\"mailto:info@asufin.com\">info@asufin.com<\/a> y te ayudaremos!<\/strong><\/p>\n","protected":false},"excerpt":{"rendered":"<p>ASUFIN te explica c\u00f3mo acceder a la moratoria del alquiler Norma: Real Decreto-ley 11\/2020, de 31 de marzo, por el que se adoptan medidas urgentes complementarias en el \u00e1mbito social y econ\u00f3mico para hacer frente al COVID-19 Art\u00edculos 1 al 15. ACTUALIZACI\u00d3N 1\/5\/20 &#8211; Orden TMA\/378\/2020, de 30 de abril &#8211; Aligera las condiciones para [&hellip;]<\/p>\n","protected":false},"author":2,"featured_media":50063,"comment_status":"open","ping_status":"closed","sticky":false,"template":"","format":"standard","meta":{"_acf_changed":false,"_jetpack_newsletter_access":"","_jetpack_dont_email_post_to_subs":false,"_jetpack_newsletter_tier_id":0,"_jetpack_memberships_contains_paywalled_content":false,"_jetpack_memberships_contains_paid_content":false,"footnotes":""},"categories":[43,3396],"tags":[3399],"class_list":["post-50039","post","type-post","status-publish","format-standard","has-post-thumbnail","hentry","category-asufin-destacado","category-covid-19","tag-covid-faq"],"acf":[],"jetpack_featured_media_url":"https:\/\/i0.wp.com\/staging.asufin.com\/staging\/wp-content\/uploads\/2020\/04\/alquiler.jpg?fit=476%2C317&ssl=1","jetpack_shortlink":"https:\/\/wp.me\/peayLa-d15","jetpack_likes_enabled":false,"jetpack_sharing_enabled":true,"_links":{"self":[{"href":"https:\/\/staging.asufin.com\/staging\/wp-json\/wp\/v2\/posts\/50039","targetHints":{"allow":["GET"]}}],"collection":[{"href":"https:\/\/staging.asufin.com\/staging\/wp-json\/wp\/v2\/posts"}],"about":[{"href":"https:\/\/staging.asufin.com\/staging\/wp-json\/wp\/v2\/types\/post"}],"author":[{"embeddable":true,"href":"https:\/\/staging.asufin.com\/staging\/wp-json\/wp\/v2\/users\/2"}],"replies":[{"embeddable":true,"href":"https:\/\/staging.asufin.com\/staging\/wp-json\/wp\/v2\/comments?post=50039"}],"version-history":[{"count":0,"href":"https:\/\/staging.asufin.com\/staging\/wp-json\/wp\/v2\/posts\/50039\/revisions"}],"wp:featuredmedia":[{"embeddable":true,"href":"https:\/\/staging.asufin.com\/staging\/wp-json\/wp\/v2\/media\/50063"}],"wp:attachment":[{"href":"https:\/\/staging.asufin.com\/staging\/wp-json\/wp\/v2\/media?parent=50039"}],"wp:term":[{"taxonomy":"category","embeddable":true,"href":"https:\/\/staging.asufin.com\/staging\/wp-json\/wp\/v2\/categories?post=50039"},{"taxonomy":"post_tag","embeddable":true,"href":"https:\/\/staging.asufin.com\/staging\/wp-json\/wp\/v2\/tags?post=50039"}],"curies":[{"name":"wp","href":"https:\/\/api.w.org\/{rel}","templated":true}]}}