{"id":51324,"date":"2020-05-04T12:00:52","date_gmt":"2020-05-04T10:00:52","guid":{"rendered":"https:\/\/www.asufin.com\/?p=51324"},"modified":"2021-06-11T10:10:25","modified_gmt":"2021-06-11T10:10:25","slug":"linia-davals-ico-covid-19-per-a-pimes-i-autonoms","status":"publish","type":"post","link":"https:\/\/staging.asufin.com\/staging\/ca\/linia-davals-ico-covid-19-per-a-pimes-i-autonoms\/","title":{"rendered":"L\u00ednia d&#8217;avals ICO COVID-19 per a pimes i aut\u00f2noms"},"content":{"rendered":"\r\n<h3 class=\"wp-block-heading\">ASUFIN et d\u00f3na les claus per accedir a aquest finan\u00e7ament, imprescindible perqu\u00e8 molts petits negocis es mantinguin<\/h3>\r\n\r\n\r\n\r\n<h3 class=\"wp-block-heading\"><strong>\u2192MARC LEGAL<\/strong><\/h3>\r\n\r\n\r\n\r\n<p>El\u00a0<a href=\"https:\/\/asufin.com\/wp-content\/uploads\/2020\/04\/BOE-RDL-8_2020.pdf\" target=\"_blank\" rel=\"noreferrer noopener\">Reial Decret-llei 8\/2020, de 17 de mar\u00e7,<\/a> de mesures urgents extraordin\u00e0ries, estableix en el seu article 29 una <strong>&#8220;L\u00ednia d&#8217;avals per a les empreses i aut\u00f2noms per pal\u00b7liar els efectes econ\u00f2mics de l&#8217;COVID-19&#8221;<\/strong> amb la cobertura de l&#8217;Estat ia trav\u00e9s dels avals concedits pel Ministeri d&#8217;Afers Econ\u00f2mics i Transformaci\u00f3 Digital a les entitats de cr\u00e8dit.<\/p>\r\n\r\n\r\n\r\n<h3 class=\"wp-block-heading\"><strong>\u2192DOTACI\u00d3<\/strong><\/h3>\r\n\r\n\r\n\r\n<p>La l\u00ednia es dota amb un total de 100.000 milions d&#8217;euros, <strong>amb dos trams habilitats, fins al moment:<\/strong><\/p>\r\n\r\n\r\n\r\n<p>1.- Un primer tram per 20.000 milions d&#8217;euros (per acord de Consell de Ministres de 24 de mar\u00e7 de 2020), dividit en dos subtrams:<\/p>\r\n\r\n\r\n\r\n<ul class=\"wp-block-list\">\r\n<li>Fins a 10.000 milions d&#8217;euros per a renovacions i nous pr\u00e9stecs concedits a pimes i aut\u00f2noms.<\/li>\r\n<li>Fins a 10.000 milions d&#8217;euros per a renovacions i nous pr\u00e9stecs concedits a empreses que no reuneixin la condici\u00f3 de pime.<\/li>\r\n<\/ul>\r\n\r\n\r\n\r\n<p>2.- Un segon tram per 20.000 milions d&#8217;euros (per acord de Consell de Ministres de 10 d&#8217;abril de 2020) activat amb una difer\u00e8ncia important respecte a el primer: <strong>el total dels fons es destinen a avalar operacions de pimes i aut\u00f2noms<\/strong>, per considerar &#8220;que s\u00f3n els agents de l&#8217;activitat econ\u00f2mica que m\u00e9s requereixen d&#8217;aquest suport en l&#8217;actualitat&#8221;.<\/p>\r\n\r\n\r\n\r\n<h3 class=\"wp-block-heading\"><strong>\u2192FINALIDAT DELS FONDOS<\/strong><\/h3>\r\n\r\n\r\n\r\n<p>La finalitat d&#8217;aquesta l\u00ednia de fons \u00e9s el manteniment de l&#8217;ocupaci\u00f3 i pal\u00b7liar els efectes econ\u00f2mics del COVID-19, i servir\u00e0 per atendre:<\/p>\r\n\r\n\r\n\r\n<ul class=\"wp-block-list\">\r\n<li>Pagaments de salaris<\/li>\r\n<li>Factures de prove\u00efdors pendents de liquidar<\/li>\r\n<li>Lloguers de locals, oficines i instal\u00b7lacions<\/li>\r\n<li>Despeses de subministraments<\/li>\r\n<li>Necessitat de capital circulant<\/li>\r\n<li>Altres necessitats de liquiditat, incloent les derivades de venciments d&#8217;obligacions financeres o tribut\u00e0ries<\/li>\r\n<\/ul>\r\n\r\n\r\n\r\n<p class=\"has-background has-very-light-gray-background-color\">No podran finan\u00e7ar-se amb c\u00e0rrec a la L\u00ednia d&#8217;Avals les unificacions i reestructuracions de pr\u00e9stecs, aix\u00ed com la cancel\u00b7laci\u00f3 o amortitzaci\u00f3 anticipada de deutes preexistents.<\/p>\r\n\r\n\r\n\r\n<h3 class=\"wp-block-heading\"><strong>\u2192COM ACCEDIR<\/strong><\/h3>\r\n\r\n\r\n\r\n<p>Els aut\u00f2noms i empreses interessades s&#8217;han d&#8217;adre\u00e7ar a qualsevol de les entitats de cr\u00e8dit, establiments financers de cr\u00e8dit, entitats de pagament o entitats de diners electr\u00f2nics que subscriguin amb l&#8217;Institut de Cr\u00e8dit Oficial (ICO) l&#8217;acord marc per a participar en aquesta l\u00ednia d&#8217;avals.<\/p>\r\n\r\n\r\n\r\n<blockquote class=\"wp-block-quote is-layout-flow wp-block-quote-is-layout-flow\">\r\n<p><strong>IMPORTANTE:<\/strong> <em>Les entitats financeres no podran condicionar l&#8217;aprovaci\u00f3 dels pr\u00e9stecs a la contractaci\u00f3 per part de client de cap altre servei o producte<\/em>.<\/p>\r\n<\/blockquote>\r\n\r\n\r\n\r\n<h3 class=\"wp-block-heading\"><strong><strong>\u2192QUINES OPERACIONS S\u2019AVALEN<\/strong><\/strong><\/h3>\r\n\r\n\r\n\r\n<h3 class=\"wp-block-heading\">\u00be\u00a0\u00a0\u00a0 Pr\u00e9stecs i operacions subscrites amb aut\u00f2noms i empreses formalitzats o renovats a partir de el 18 de mar\u00e7 de 2020 i fins el 30 de setembre de 2020.<\/h3>\r\n\r\n\r\n\r\n<p>Condicions d&#8217;empreses i aut\u00f2noms objecte de l&#8217;aval: (1) no figurar en situaci\u00f3 de morositat en els fitxers de la Central d&#8217;Informaci\u00f3 de Riscos del Banc d&#8217;Espanya (CIRBE) a 31 de desembre de 2019; (2) no estar subjectes a procediment concursal a data de 17 de mar\u00e7 de 2020, i (3) no trobar-se en situaci\u00f3 de crisi a 2019.12.31<\/p>\r\n\r\n\r\n\r\n<h3 class=\"wp-block-heading\"><strong>\u2192IMPORT M\u00c0XIM<\/strong><\/h3>\r\n\r\n\r\n\r\n<p>En pimes, fins a un m\u00e0xim de 1.500.000 \u20ac per a la majoria dels sectors, o el l\u00edmit que correspongui per a alguns sectors espec\u00edfics (agricultura, pesca i transport per carretera de mercaderies) amb normativa comunit\u00e0ria especifica de minimis.<\/p>\r\n\r\n\r\n\r\n<p>Aplicant el Reglament de Minimis, operen altres imports m\u00ednimS inferiors per als sectors Agr\u00edcola (187.500 \u20ac), Pesca i Aq\u00fcicultura (281.250 \u20ac) o Transport de mercaderia per carretera (750.000 \u20ac) en una o diverses operacions.<\/p>\r\n\r\n\r\n\r\n<h3 class=\"wp-block-heading\"><strong>\u2192<strong>TERMINI M\u00c0XIM D\u2019AMORTIZACI\u00d3<\/strong><\/strong><\/h3>\r\n\r\n\r\n\r\n<p>Fins a 5 anys (amb 1 de car\u00e8ncia en el cas de triar finan\u00e7ament via pr\u00e9stec).<\/p>\r\n\r\n\r\n\r\n<p class=\"has-background has-very-light-gray-background-color\"><strong><strong>ASUFIN \u00e9s una associaci\u00f3 de consumidors, per\u00f2 molts consumidors s\u00f3n tamb\u00e9 aut\u00f2noms i empresaris que ens consulten di\u00e0riament. Si tens dubtes i no vols que cap banc et confongui, escriu-nos a \u00a0<\/strong><a href=\"mailto:info@asufin.com\"><strong>info@asufin.com<\/strong><\/a><strong>i t&#8217;ajudarem<\/strong><\/strong><\/p>\r\n","protected":false},"excerpt":{"rendered":"<p>ASUFIN et d\u00f3na les claus per accedir a aquest finan\u00e7ament, imprescindible perqu\u00e8 molts petits negocis es mantinguin \u2192MARC LEGAL El\u00a0Reial Decret-llei 8\/2020, de 17 de mar\u00e7, de mesures urgents extraordin\u00e0ries, estableix en el seu article 29 una &#8220;L\u00ednia d&#8217;avals per a les empreses i aut\u00f2noms per pal\u00b7liar els efectes econ\u00f2mics de l&#8217;COVID-19&#8221; amb la cobertura [&hellip;]<\/p>\n","protected":false},"author":2,"featured_media":49321,"comment_status":"open","ping_status":"closed","sticky":false,"template":"","format":"standard","meta":{"_acf_changed":false,"_jetpack_newsletter_access":"","_jetpack_dont_email_post_to_subs":false,"_jetpack_newsletter_tier_id":0,"_jetpack_memberships_contains_paywalled_content":false,"_jetpack_memberships_contains_paid_content":false,"footnotes":""},"categories":[6993],"tags":[],"class_list":["post-51324","post","type-post","status-publish","format-standard","has-post-thumbnail","hentry","category-covid19-cat"],"acf":[],"jetpack_featured_media_url":"https:\/\/i0.wp.com\/staging.asufin.com\/staging\/wp-content\/uploads\/2020\/03\/COVID-19.jpg?fit=1600%2C900&ssl=1","jetpack_shortlink":"https:\/\/wp.me\/peayLa-dlO","jetpack_likes_enabled":false,"jetpack_sharing_enabled":true,"_links":{"self":[{"href":"https:\/\/staging.asufin.com\/staging\/wp-json\/wp\/v2\/posts\/51324","targetHints":{"allow":["GET"]}}],"collection":[{"href":"https:\/\/staging.asufin.com\/staging\/wp-json\/wp\/v2\/posts"}],"about":[{"href":"https:\/\/staging.asufin.com\/staging\/wp-json\/wp\/v2\/types\/post"}],"author":[{"embeddable":true,"href":"https:\/\/staging.asufin.com\/staging\/wp-json\/wp\/v2\/users\/2"}],"replies":[{"embeddable":true,"href":"https:\/\/staging.asufin.com\/staging\/wp-json\/wp\/v2\/comments?post=51324"}],"version-history":[{"count":1,"href":"https:\/\/staging.asufin.com\/staging\/wp-json\/wp\/v2\/posts\/51324\/revisions"}],"predecessor-version":[{"id":65549,"href":"https:\/\/staging.asufin.com\/staging\/wp-json\/wp\/v2\/posts\/51324\/revisions\/65549"}],"wp:featuredmedia":[{"embeddable":true,"href":"https:\/\/staging.asufin.com\/staging\/wp-json\/wp\/v2\/media\/49321"}],"wp:attachment":[{"href":"https:\/\/staging.asufin.com\/staging\/wp-json\/wp\/v2\/media?parent=51324"}],"wp:term":[{"taxonomy":"category","embeddable":true,"href":"https:\/\/staging.asufin.com\/staging\/wp-json\/wp\/v2\/categories?post=51324"},{"taxonomy":"post_tag","embeddable":true,"href":"https:\/\/staging.asufin.com\/staging\/wp-json\/wp\/v2\/tags?post=51324"}],"curies":[{"name":"wp","href":"https:\/\/api.w.org\/{rel}","templated":true}]}}