{"id":51787,"date":"2020-05-19T08:54:38","date_gmt":"2020-05-19T06:54:38","guid":{"rendered":"https:\/\/www.asufin.com\/?p=51787"},"modified":"2020-05-19T16:26:10","modified_gmt":"2020-05-19T14:26:10","slug":"asufin-beuc","status":"publish","type":"post","link":"https:\/\/staging.asufin.com\/staging\/asufin-beuc\/","title":{"rendered":"ASUFIN se incorpora al BEUC"},"content":{"rendered":"\n<h3 class=\"wp-block-heading\"><strong>ASUFIN ser\u00e1 la \u00fanica asociaci\u00f3n especializada en consumo bancario y financiero que forme parte del BEUC, la organizaci\u00f3n europea m\u00e1s representativa de Europa<\/strong><\/h3>\n\n\n\n<h3 class=\"wp-block-heading\"><strong>Tras un lapso de casi 30 a\u00f1os, la representaci\u00f3n espa\u00f1ola en Europa se renueva: OCU entr\u00f3 en 1978, y CECU, en los 90<\/strong><\/h3>\n\n\n\n<p><strong>Lunes, 19 de mayo de 2020.<\/strong> ASUFIN se ha convertido en la primera asociaci\u00f3n espa\u00f1ola en 30 a\u00f1os en integrarse en el BEUC (Bureau Europ\u00e9en des Unions de Consommateurs), la mayor y m\u00e1s representativa organizaci\u00f3n, que vela por la protecci\u00f3n de los intereses de los consumidores en Europa. La asociaci\u00f3n integra a 45 organizaciones de consumidores independientes y respetadas de hasta 32 pa\u00edses europeos (entre miembros de la UE y del Espacio Econ\u00f3mico Europeo).<\/p>\n\n\n\n<p>De este modo, la representaci\u00f3n de los consumidores espa\u00f1oles se renueva y adquiere un matiz m\u00e1s econ\u00f3mico-financiero despu\u00e9s de que la OCU accediera al BEUC en 1978 y la CECU hiciera lo propio en 1991.<\/p>\n\n\n\n<p>En ese sentido, ASUFIN aportar\u00e1 a la gran familia de consumidores europeos su alta especializaci\u00f3n en consumo bancario y financiero, siendo la \u00fanica asociaci\u00f3n de estas caracter\u00edsticas en formar parte del BEUC.<\/p>\n\n\n\n<p>Se da la circunstancia de que la entrada en el organismo coincide con un momento de estallido de crisis econ\u00f3mica sin precedentes, de alcance mundial y con impacto de proporciones a\u00fan desconocidas. Los consumidores financieros, como eslabones m\u00e1s d\u00e9biles de la cadena econ\u00f3mica, tienen que sentir que est\u00e1n m\u00e1s protegidos que nunca; una tarea a la que consagra sus esfuerzos ASUFIN desde hace m\u00e1s de una d\u00e9cada.<\/p>\n\n\n\n<p>ASUFIN aportar\u00e1 todo su conocimiento y experiencia en la protecci\u00f3n de los usuarios financieros en Europa, impulsando las demandas colectivas, la econom\u00eda digital y las finanzas verdes. Conscientes de que la mayor\u00eda de la regulaci\u00f3n emana de las autoridades comunitarias, ASUFIN comenz\u00f3 a trabajar en las instituciones radicadas en alojadas en Bruselas, Estrasburgo y Luxemburgo en los \u00faltimos a\u00f1os, formando parte de <a href=\"https:\/\/asufin.com\/asufin-se-incorpora-a-finance-watch\/\" target=\"_blank\" rel=\"noreferrer noopener\"><strong>Finance Watch<\/strong> y <strong>Change Finance<\/strong> desde 2019.<\/a><\/p>\n\n\n\n<p>Para <strong>Monique Goyens, Directora General del BEUC<\/strong>, &#8220;<em>Nos gustar\u00eda dar una c\u00e1lida bienvenida a ASUFIN. Los consumidores europeos se enfrentan a una crisis econ\u00f3mica sin precedentes, cuyas consecuencias a\u00fan se desconocen. La experiencia de ASUFIN proporcionar\u00e1 un apoyo adicional al trabajo de BEUC a nivel europeo para garantizar que los intereses financieros de los consumidores tengan m\u00e1s voz entre las instituciones europeas, aqu\u00ed en Bruselas<\/em>.&#8221;<\/p>\n\n\n\n<p>Para <strong>Patricia Su\u00e1rez, presidenta de ASUFIN<\/strong>, <em>\u201cla incorporaci\u00f3n de nuestra asociaci\u00f3n al BEUC, la organizaci\u00f3n con m\u00e1s prestigio e influencia en Europa, supone un reconocimiento al trabajo que venimos desarrollando desde 2009, un aliciente para seguir defendiendo los derechos de los usuarios financieros y un orgullo poder elevar la voz de los consumidores espa\u00f1oles a las instituciones comunitarias.\u201d<\/em><\/p>\n\n\n\n<p>\u2026<\/p>\n\n\n\n<p>BEUC \u2013 The Consumer voice in Europe &#8211; <a href=\"http:\/\/www.beuc.eu\/\" target=\"_blank\" rel=\"noopener\">http:\/\/www.beuc.eu\/<\/a><\/p>\n\n\n\n<figure class=\"wp-block-image size-medium\"><img data-recalc-dims=\"1\" fetchpriority=\"high\" decoding=\"async\" width=\"300\" height=\"300\" data-attachment-id=\"50034\" data-permalink=\"https:\/\/staging.asufin.com\/staging\/covid-19-beuc-pide-a-la-ce-moratoria-para-el-pago-de-prestamos\/logo-beuc\/\" data-orig-file=\"https:\/\/i0.wp.com\/staging.asufin.com\/staging\/wp-content\/uploads\/2020\/04\/logo-beuc.jpg?fit=1120%2C1120&amp;ssl=1\" data-orig-size=\"1120,1120\" data-comments-opened=\"1\" data-image-meta=\"{&quot;aperture&quot;:&quot;0&quot;,&quot;credit&quot;:&quot;&quot;,&quot;camera&quot;:&quot;&quot;,&quot;caption&quot;:&quot;&quot;,&quot;created_timestamp&quot;:&quot;0&quot;,&quot;copyright&quot;:&quot;&quot;,&quot;focal_length&quot;:&quot;0&quot;,&quot;iso&quot;:&quot;0&quot;,&quot;shutter_speed&quot;:&quot;0&quot;,&quot;title&quot;:&quot;&quot;,&quot;orientation&quot;:&quot;0&quot;}\" data-image-title=\"BEUC LOGO &#8211; The European Consumer Organisation &#8211; La Organizaci\u00f3n Europea de Consumidores es un grupo de consumidores paraguas, fundado en 1962. Con sede en Bruselas, B\u00e9lgica, re\u00fane a 45 organizaciones europeas de consumidores de 32 pa\u00edses.\" data-image-description=\"&lt;p&gt;BEUC LOGO &#8211; The European Consumer Organisation &#8211; La Organizaci\u00f3n Europea de Consumidores es un grupo de consumidores paraguas, fundado en 1962. Con sede en Bruselas, B\u00e9lgica, re\u00fane a 45 organizaciones europeas de consumidores de 32 pa\u00edses.&lt;\/p&gt;\n\" data-image-caption=\"\" data-large-file=\"https:\/\/i0.wp.com\/staging.asufin.com\/staging\/wp-content\/uploads\/2020\/04\/logo-beuc.jpg?fit=800%2C800&amp;ssl=1\" src=\"https:\/\/i0.wp.com\/asufin.com\/wp-content\/uploads\/2020\/04\/logo-beuc-300x300.jpg?resize=300%2C300&#038;ssl=1\" alt=\"BEUC LOGO - The European Consumer Organisation - La Organizaci\u00f3n Europea de Consumidores es un grupo de consumidores paraguas, fundado en 1962. Con sede en Bruselas, B\u00e9lgica, re\u00fane a 45 organizaciones europeas de consumidores de 32 pa\u00edses.\" class=\"wp-image-50034\" title=\"\" srcset=\"https:\/\/i0.wp.com\/staging.asufin.com\/staging\/wp-content\/uploads\/2020\/04\/logo-beuc.jpg?resize=300%2C300&amp;ssl=1 300w, https:\/\/i0.wp.com\/staging.asufin.com\/staging\/wp-content\/uploads\/2020\/04\/logo-beuc.jpg?resize=1024%2C1024&amp;ssl=1 1024w, https:\/\/i0.wp.com\/staging.asufin.com\/staging\/wp-content\/uploads\/2020\/04\/logo-beuc.jpg?resize=150%2C150&amp;ssl=1 150w, https:\/\/i0.wp.com\/staging.asufin.com\/staging\/wp-content\/uploads\/2020\/04\/logo-beuc.jpg?resize=768%2C768&amp;ssl=1 768w, https:\/\/i0.wp.com\/staging.asufin.com\/staging\/wp-content\/uploads\/2020\/04\/logo-beuc.jpg?resize=125%2C125&amp;ssl=1 125w, https:\/\/i0.wp.com\/staging.asufin.com\/staging\/wp-content\/uploads\/2020\/04\/logo-beuc.jpg?w=1120&amp;ssl=1 1120w\" sizes=\"(max-width: 300px) 100vw, 300px\" \/><\/figure>\n\n\n\n<p class=\"has-background has-text-align-center has-very-light-gray-background-color\"><strong>EN LOS MEDIOS<\/strong><\/p>\n\n\n\n<p><strong>BEUC.EU |<\/strong> <a rel=\"noreferrer noopener\" href=\"https:\/\/www.beuc.eu\/press-media\/news-events\/beuc-bolsters-consumer-financial-services-coverage-new-member-asufin\" target=\"_blank\">BEUC bolsters consumer financial services coverage with new member ASUFIN<\/a> <a href=\"https:\/\/asufin.com\/wp-content\/uploads\/2020\/05\/200519_BEUC-bolsters-consumer-financial-servic...e-with-new-member-ASUFIN-www.beuc_.eu_.pdf\" target=\"_blank\" rel=\"noreferrer noopener\"><strong>*PDF<\/strong> <\/a><\/p>\n\n\n\n<p><strong>EL CONFILEGAL |<\/strong> <a rel=\"noreferrer noopener\" href=\"https:\/\/confilegal.com\/20200519-asufin-se-integra-en-la-organizacion-europea-de-consumidores-beuc\/\" target=\"_blank\">Asufin se integra en la&nbsp;organizaci\u00f3n europea de consumidores BEUC<\/a>. <a href=\"https:\/\/asufin.com\/wp-content\/uploads\/2020\/05\/200519_Asufin-se-integra-en-la-organizacio\u0301n-europea-de-consumidores-BEUC-Confilegal.pdf\" target=\"_blank\" rel=\"noreferrer noopener\"><strong>*PDF<\/strong> <\/a><\/p>\n\n\n\n<p><strong>BOLSAMANIA |<\/strong> <a href=\"https:\/\/www.bolsamania.com\/noticias\/mercados\/economiafinanzas--asufin-se-integra-en-la-organizacion-europea-de-consumidores-beuc--7501980.html\" target=\"_blank\" rel=\"noopener\">Asufin se integra en la organizaci\u00f3n europea de consumidores BEUC<\/a> <strong><a href=\"https:\/\/asufin.com\/wp-content\/uploads\/2020\/05\/200519_BOLSAMANIS_Asufin-se-integra-e...-de-consumidores-BEUC-Bolsamani\u0301a.com_.pdf\" target=\"_blank\" rel=\"noreferrer noopener\">*PDF<\/a><\/strong><\/p>\n\n\n\n<p><strong>EUROPA PRESS |<\/strong> <a rel=\"noreferrer noopener\" href=\"https:\/\/amp.europapress.es\/economia\/finanzas-00340\/noticia-asufin-integra-organizacion-europea-consumidores-beuc-20200519103231.html\" target=\"_blank\">Asufin se integra en la organizaci\u00f3n europea de consumidores BEUC<\/a>. <strong><a rel=\"noreferrer noopener\" href=\"https:\/\/asufin.com\/wp-content\/uploads\/2020\/05\/200519_EUROPA_PRESS_Asufin-se-integra-en-la-organizacio\u0301n-europea-de-consumidores-BEUC.pdf\" target=\"_blank\">*PDF<\/a> <\/strong><\/p>\n","protected":false},"excerpt":{"rendered":"<p>ASUFIN ser\u00e1 la \u00fanica asociaci\u00f3n especializada en consumo bancario y financiero que forme parte del BEUC, la organizaci\u00f3n europea m\u00e1s representativa de Europa Tras un lapso de casi 30 a\u00f1os, la representaci\u00f3n espa\u00f1ola en Europa se renueva: OCU entr\u00f3 en 1978, y CECU, en los 90 Lunes, 19 de mayo de 2020. ASUFIN se ha [&hellip;]<\/p>\n","protected":false},"author":2,"featured_media":51819,"comment_status":"open","ping_status":"closed","sticky":false,"template":"","format":"standard","meta":{"_acf_changed":false,"_jetpack_newsletter_access":"","_jetpack_dont_email_post_to_subs":false,"_jetpack_newsletter_tier_id":0,"_jetpack_memberships_contains_paywalled_content":false,"_jetpack_memberships_contains_paid_content":false,"footnotes":""},"categories":[82,103,43,1975],"tags":[],"class_list":["post-51787","post","type-post","status-publish","format-standard","has-post-thumbnail","hentry","category-asufin-cat","category-asufin-comunicados","category-asufin-destacado","category-europa"],"acf":[],"jetpack_featured_media_url":"https:\/\/i0.wp.com\/staging.asufin.com\/staging\/wp-content\/uploads\/2020\/04\/prueba_3-01.png?fit=900%2C583&ssl=1","jetpack_shortlink":"https:\/\/wp.me\/peayLa-dth","jetpack_likes_enabled":false,"jetpack_sharing_enabled":true,"_links":{"self":[{"href":"https:\/\/staging.asufin.com\/staging\/wp-json\/wp\/v2\/posts\/51787","targetHints":{"allow":["GET"]}}],"collection":[{"href":"https:\/\/staging.asufin.com\/staging\/wp-json\/wp\/v2\/posts"}],"about":[{"href":"https:\/\/staging.asufin.com\/staging\/wp-json\/wp\/v2\/types\/post"}],"author":[{"embeddable":true,"href":"https:\/\/staging.asufin.com\/staging\/wp-json\/wp\/v2\/users\/2"}],"replies":[{"embeddable":true,"href":"https:\/\/staging.asufin.com\/staging\/wp-json\/wp\/v2\/comments?post=51787"}],"version-history":[{"count":10,"href":"https:\/\/staging.asufin.com\/staging\/wp-json\/wp\/v2\/posts\/51787\/revisions"}],"predecessor-version":[{"id":51845,"href":"https:\/\/staging.asufin.com\/staging\/wp-json\/wp\/v2\/posts\/51787\/revisions\/51845"}],"wp:featuredmedia":[{"embeddable":true,"href":"https:\/\/staging.asufin.com\/staging\/wp-json\/wp\/v2\/media\/51819"}],"wp:attachment":[{"href":"https:\/\/staging.asufin.com\/staging\/wp-json\/wp\/v2\/media?parent=51787"}],"wp:term":[{"taxonomy":"category","embeddable":true,"href":"https:\/\/staging.asufin.com\/staging\/wp-json\/wp\/v2\/categories?post=51787"},{"taxonomy":"post_tag","embeddable":true,"href":"https:\/\/staging.asufin.com\/staging\/wp-json\/wp\/v2\/tags?post=51787"}],"curies":[{"name":"wp","href":"https:\/\/api.w.org\/{rel}","templated":true}]}}