{"id":52125,"date":"2020-06-02T10:36:59","date_gmt":"2020-06-02T08:36:59","guid":{"rendered":"https:\/\/www.asufin.com\/?p=52125"},"modified":"2022-07-28T11:04:05","modified_gmt":"2022-07-28T11:04:05","slug":"aerolineas-asufin-celebra-la-accion-de-cesacion-contra-17-aerolineas-por-practica-comercial-desleal","status":"publish","type":"post","link":"https:\/\/staging.asufin.com\/staging\/aerolineas-asufin-celebra-la-accion-de-cesacion-contra-17-aerolineas-por-practica-comercial-desleal\/","title":{"rendered":"AEROLINEAS: ASUFIN celebra la acci\u00f3n de cesaci\u00f3n contra 17 aerol\u00edneas por &#8220;pr\u00e1ctica comercial desleal&#8221;"},"content":{"rendered":"\n<h3 class=\"wp-block-heading\">El Ministerio de Consumo recurre a esta v\u00eda que la ley contempla para proteger a los usuarios&nbsp;<\/h3>\n\n\n\n<h3 class=\"wp-block-heading\">Representa un hito ya que se trata de una figura que emplean las asociaciones de consumidores y de la que por fin hace uso una Administraci\u00f3n P\u00fablica <\/h3>\n\n\n\n<p><strong>2 de junio de 2020. <\/strong>ASUFIN celebra que el Ministerio de Consumo vaya a  solicitar la acci\u00f3n de cesaci\u00f3n contra 17 aerol\u00edneas por <a href=\"https:\/\/staging.asufin.com\/staging\/reclama\/aerolineas\/\"><strong>&#8220;pr\u00e1ctica comercial desleal&#8221;<\/strong>. <\/a>El departamento de Alberto Garz\u00f3n ha anunciado que interpondr\u00e1 esta acci\u00f3n por incumplimientos en la informaci\u00f3n que las compa\u00f1\u00edas est\u00e1n ofreciendo a los viajeros ante la <a href=\"https:\/\/staging.asufin.com\/staging\/reclama\/aerolineas\/\">cancelaci\u00f3n de vuelos<\/a> por la pandemia por la COVID-19. <strong>Representa un hito<\/strong>, en opini\u00f3n de <strong><a href=\"https:\/\/staging.asufin.com\/staging\/\">ASUFIN<\/a><\/strong>, que una Administraci\u00f3n P\u00fablica emplee esta figura habitual para las asociaciones de consumidores para proteger los derechos de los usuarios.<\/p>\n\n\n\n<p><strong>Las compa\u00f1\u00edas denunciadas son Air Europa, Binter Canarias, Air France, Wizzair, Volotea, Uniter Airlines, EasyJet, Eurowings e Iberia.<\/strong> <strong>Tambi\u00e9n Jet 2, KLM, Latam Airlines, Lufthansa, Ryanair, Scandinavian Airlines (SAS), Transavia y Thomson Airways (TUI).<\/strong><\/p>\n\n\n\n<p>Consumo ha recurrido a esta v\u00eda para proteger a los usuarios, ya que entiende que las aerol\u00edneas est\u00e1n omitiendo informaci\u00f3n sobre el derecho al reembolso. La normativa comunitaria europea establece que las compa\u00f1\u00edas deben ofrecer el reembolso del precio del vuelo en un plazo de siete d\u00edas tras la cancelaci\u00f3n.<\/p>\n\n\n\n<h3 class=\"wp-block-heading\">El bono sustitutorio de reembolso siempre ser\u00e1 algo opcional<\/h3>\n\n\n\n<p>Consumo tambi\u00e9n solicita que <strong>sean declarados nulos todos los contratos<\/strong> por los que los viajeros hayan aceptado un bono sustitutorio del reembolso si este se ha adquirido mediante un consentimiento viciado. Es decir, cuando la compa\u00f1\u00eda a\u00e9rea no haya informado de este derecho al usuario y haya ofrecido el bono como \u00fanica opci\u00f3n.<\/p>\n\n\n\n<p>La normativa europea establece que, ante la cancelaci\u00f3n de un vuelo, <strong>las aerol\u00edneas deber\u00e1n ofrecer a los viajeros el reembolso de su dinero en un plazo de siete d\u00edas<\/strong>; la conducci\u00f3n hasta el destino final lo m\u00e1s r\u00e1pido posible; o la conducci\u00f3n hasta el destino en una fecha que convenga al viajero.<\/p>\n\n\n\n<blockquote class=\"wp-block-quote is-layout-flow wp-block-quote-is-layout-flow\"><p>Los usuarios a\u00e9reos tienen derecho a recuperar su dinero y a no aceptar un vale<\/p><\/blockquote>\n\n\n\n<p>La Comisi\u00f3n Europea permite a las aerol\u00edneas emitir bonos como alternativa atractiva y fiable al reembolso del dinero, <strong>pero se\u00f1ala el car\u00e1cter voluntario de la aceptaci\u00f3n del bono por parte del pasajero o viajero.<\/strong> En caso de no ser aceptado por el cliente, la compa\u00f1\u00eda a\u00e9rea debe efectuar el reembolso del importe total del billete en un plazo de siete d\u00edas a partir de la solicitud del pasajero.<\/p>\n\n\n\n<p><strong>\u00bfSab\u00edas que en el caso de Reclamaciones de compensaci\u00f3n autom\u00e1tica del Reglamento 261\/2004 puedes recuperar entre 250\u20ac y 600\u20ac por pasajero? Y tambi\u00e9n los gastos derivados de la cancelaci\u00f3n<\/strong>. Toda la informaci\u00f3n <strong><a href=\"https:\/\/staging.asufin.com\/staging\/reclama\/aerolineas\/\">aqu\u00ed<\/a><\/strong><\/p>\n\n\n\n<p>En <strong>ASUFIN<\/strong> estamos comprometidos con los derechos de los pasajeros. Defendemos tanto de manera colectiva como individual.<\/p>\n\n\n\n<div class=\"wp-block-group\"><div class=\"wp-block-group__inner-container is-layout-flow wp-block-group-is-layout-flow\">\n<div class=\"wp-block-group\"><div class=\"wp-block-group__inner-container is-layout-flow wp-block-group-is-layout-flow\">\n<div class=\"wp-block-group\"><div class=\"wp-block-group__inner-container is-layout-flow wp-block-group-is-layout-flow\">\n<div class=\"wp-block-group\"><div class=\"wp-block-group__inner-container is-layout-flow wp-block-group-is-layout-flow\"><\/div><\/div>\n<\/div><\/div>\n<\/div><\/div>\n<\/div><\/div>\n\n\n\n<p class=\"has-text-align-center has-very-light-gray-background-color has-background\"><a href=\"https:\/\/staging.asufin.com\/staging\/productos-asufin\/aerolineas\/\" target=\"_blank\" rel=\"noreferrer noopener\">AQU\u00cd, M\u00c1S INFORMACI\u00d3N SOBRE SITUACI\u00d3N ESPECIAL #COVID19 Y AEROL\u00cdNEAS<\/a><\/p>\n","protected":false},"excerpt":{"rendered":"<p>ASUFIN celebra que el Ministerio de Consumo vaya a  solicitar la acci\u00f3n de cesaci\u00f3n contra 17 aerol\u00edneas por &#8220;pr\u00e1ctica comercial desleal&#8221;. El departamento de Alberto Garz\u00f3n ha anunciado que interpondr\u00e1 esta acci\u00f3n por incumplimientos en la informaci\u00f3n que las compa\u00f1\u00edas est\u00e1n ofreciendo a los viajeros ante la cancelaci\u00f3n de vuelos por la pandemia por la COVID-19. <\/p>\n","protected":false},"author":2,"featured_media":52032,"comment_status":"open","ping_status":"closed","sticky":false,"template":"","format":"standard","meta":{"_acf_changed":false,"_jetpack_newsletter_access":"","_jetpack_dont_email_post_to_subs":false,"_jetpack_newsletter_tier_id":0,"_jetpack_memberships_contains_paywalled_content":false,"_jetpack_memberships_contains_paid_content":false,"footnotes":""},"categories":[3240,103,43],"tags":[],"class_list":["post-52125","post","type-post","status-publish","format-standard","has-post-thumbnail","hentry","category-aerolineas","category-asufin-comunicados","category-asufin-destacado"],"acf":[],"jetpack_featured_media_url":"https:\/\/i0.wp.com\/staging.asufin.com\/staging\/wp-content\/uploads\/2020\/05\/patrick-tomasso-GOErUf5yNFA-unsplash-scaled.jpg?fit=2560%2C1440&ssl=1","jetpack_shortlink":"https:\/\/wp.me\/peayLa-dyJ","jetpack_likes_enabled":false,"jetpack_sharing_enabled":true,"_links":{"self":[{"href":"https:\/\/staging.asufin.com\/staging\/wp-json\/wp\/v2\/posts\/52125","targetHints":{"allow":["GET"]}}],"collection":[{"href":"https:\/\/staging.asufin.com\/staging\/wp-json\/wp\/v2\/posts"}],"about":[{"href":"https:\/\/staging.asufin.com\/staging\/wp-json\/wp\/v2\/types\/post"}],"author":[{"embeddable":true,"href":"https:\/\/staging.asufin.com\/staging\/wp-json\/wp\/v2\/users\/2"}],"replies":[{"embeddable":true,"href":"https:\/\/staging.asufin.com\/staging\/wp-json\/wp\/v2\/comments?post=52125"}],"version-history":[{"count":14,"href":"https:\/\/staging.asufin.com\/staging\/wp-json\/wp\/v2\/posts\/52125\/revisions"}],"predecessor-version":[{"id":109349,"href":"https:\/\/staging.asufin.com\/staging\/wp-json\/wp\/v2\/posts\/52125\/revisions\/109349"}],"wp:featuredmedia":[{"embeddable":true,"href":"https:\/\/staging.asufin.com\/staging\/wp-json\/wp\/v2\/media\/52032"}],"wp:attachment":[{"href":"https:\/\/staging.asufin.com\/staging\/wp-json\/wp\/v2\/media?parent=52125"}],"wp:term":[{"taxonomy":"category","embeddable":true,"href":"https:\/\/staging.asufin.com\/staging\/wp-json\/wp\/v2\/categories?post=52125"},{"taxonomy":"post_tag","embeddable":true,"href":"https:\/\/staging.asufin.com\/staging\/wp-json\/wp\/v2\/tags?post=52125"}],"curies":[{"name":"wp","href":"https:\/\/api.w.org\/{rel}","templated":true}]}}