{"id":52295,"date":"2020-06-08T13:57:37","date_gmt":"2020-06-08T11:57:37","guid":{"rendered":"https:\/\/www.asufin.com\/?p=52295"},"modified":"2020-06-08T14:04:37","modified_gmt":"2020-06-08T12:04:37","slug":"asufin-defiende-la-pluralidad-de-sus-jornadas-ante-la-recusacion-que-presenta-bankia-contra-el-magistrado-que-llevo-el-irph-a-europa","status":"publish","type":"post","link":"https:\/\/staging.asufin.com\/staging\/asufin-defiende-la-pluralidad-de-sus-jornadas-ante-la-recusacion-que-presenta-bankia-contra-el-magistrado-que-llevo-el-irph-a-europa\/","title":{"rendered":"ASUFIN defiende la pluralidad de sus jornadas ante la recusaci\u00f3n que presenta Bankia contra el magistrado que llev\u00f3 el IRPH a Europa"},"content":{"rendered":"\n<h3 class=\"wp-block-heading\">Bankia recusa a un magistrado por haber participado en el Congreso del X aniversario de ASUFIN<\/h3>\n\n\n\n<h3 class=\"wp-block-heading\">ASUFIN invita a todas las partes implicadas &#8211; administraciones p\u00fablicas, entidades financieras y consumidores \u2013 a sus actividades para encontrar el equilibrio entre el funcionamiento del sistema financiero y la protecci\u00f3n de los usuarios.<\/h3>\n\n\n\n<p><strong><a href=\"https:\/\/asufin.com\/\" target=\"_blank\" rel=\"noopener\">ASUFIN<\/a><\/strong> quiere manifestar su profundo malestar con <strong>Bankia<\/strong>, entidad de propiedad p\u00fablica, por utilizar uno de sus Congresos como motivo de recusaci\u00f3n a un magistrado. Las jornadas de ASUFIN son <strong>espacios de libertad, plurales, en los que no hay vetos ni limitaciones a las posiciones defendidas con el \u00e1nimo de encontrar puntos de encuentro<\/strong> entre consumidores e industria. Nuestras actividades son totalmente p\u00fablicas y transparentes, se retransmiten en directo v\u00eda <em>streaming<\/em> y se mantienen en su <em><a href=\"https:\/\/www.youtube.com\/feed\/my_videos\" target=\"_blank\" rel=\"noopener\">canal de YouTube<\/a><\/em> para su posterior visionado.<br><\/p>\n\n\n\n<h3 class=\"wp-block-heading\">El Congreso X Aniversario ASUFIN<\/h3>\n\n\n\n<p>Tras 10 a\u00f1os de crisis econ\u00f3mica, ASUFIN organiz\u00f3 <strong>un <a href=\"https:\/\/asufin.com\/congreso-asufin-2019-el-protagonista-es-el-consumidor\/\" target=\"_blank\" rel=\"noopener\">Congreso del D\u00e9cimo Aniversario<\/a> el 10 de enero de 2019 <\/strong>para enriquecer el conocimiento jur\u00eddico adem\u00e1s de reflexionar y encontrar soluciones de futuro. En el mismo <strong>particip\u00f3 <a href=\"https:\/\/asufin.com\/irph-el-tjue-permite-a-los-tribunales-espanoles-determinar-la-falta-de-transparencia-del-irph\/\" target=\"_blank\" rel=\"noopener\">el magistrado Audicana<\/a><\/strong>, junto con una variada y nutrida representaci\u00f3n del mundo de la judicatura. Entre ellos los organismos reguladores CNMV, CNMC y Banco de Espa\u00f1a, registradores de la propiedad, acad\u00e9micos, expertos y periodistas especializados. Cont\u00f3 adem\u00e1s con abogados del sector bancario (Banco Santander, Abanca y BBVA) como de defensa de los consumidores. <\/p>\n\n\n\n<p class=\"has-text-color has-background has-very-dark-gray-color has-very-light-gray-background-color\">Las <strong>instituciones financieras est\u00e1n siempre invitadas<\/strong> a los encuentros que organiza ASUFIN, incluida como no puede ser de otra forma, Bankia.<\/p>\n\n\n\n<p>Es la respuesta de esta asociaci\u00f3n al escrito que env\u00eda <strong>Bankia al Juzgado de Primera Instancia 38 en el que pide la recusaci\u00f3n a Francisco Gonz\u00e1lez de Audicana,<\/strong> titular del mismo, alegando falta de imparcialidad en el procedimiento que enfrenta a la entidad con un consumidor a cuenta de una <strong><a href=\"https:\/\/asufin.com\/reclama\/irph\/\" target=\"_blank\" rel=\"noopener\">hipoteca en IRPH<\/a><\/strong>. Este magistrado elev\u00f3 la cuesti\u00f3n prejudicial al Tribunal de Justicia de la Uni\u00f3n Europea (TJUE). Esto motiv\u00f3 la sentencia del pasado 3 de marzo y que abri\u00f3 las puertas a litigar por el \u00edndice en los tribunales. Asimismo, ha comunicado que <strong>tiene la intenci\u00f3n de <a href=\"https:\/\/asufin.com\/irph-el-juez-que-llego-al-tjue-planteara-una-segunda-cuestion-a-luxemburgo-porque-aun-hay-dudas\/\" target=\"_blank\" rel=\"noopener\">volver a preguntar a los magistrados de Luxemburgo<\/a><\/strong>.<\/p>\n\n\n\n<h3 class=\"wp-block-heading\">Invita a Bankia, como al resto de entidades financieras, a participar en sus actividades<\/h3>\n\n\n\n<p>ASUFIN tiene como finalidad la <strong>protecci\u00f3n de los derechos de los usuarios financieros en particular<\/strong> y de los consumidores en general. Busca la reparaci\u00f3n de sus derechos a trav\u00e9s de todos los medios leg\u00edtimos. ASUFIN continuar\u00e1 invitando a sus actividades a todas las partes -administraciones p\u00fablicas, entidades financieras y consumidores \u2013 para encontrar el <strong>equilibrio entre el funcionamiento del sistema financiero y la protecci\u00f3n de los usuario<\/strong>s.<\/p>\n\n\n\n<blockquote class=\"wp-block-quote is-layout-flow wp-block-quote-is-layout-flow\"><p><em>Seguiremos organizando jornadas plurales en las que confluyan jueces con juristas, banca y consumidores<\/em><\/p><cite>Patricia Su\u00e1rez<\/cite><\/blockquote>\n\n\n\n<p><strong><a href=\"https:\/\/asufin.com\/la-asociacion\/equipo\/\" target=\"_blank\" rel=\"noopener\">Patricia Su\u00e1rez<\/a>,<\/strong> presidenta de ASUFIN, se\u00f1ala: &#8220;Me sorprende negativamente que se recurra a argumentos ajenos al debate jur\u00eddico para ensuciar el procedimiento. <strong>Seguiremos organizando jornadas plurales en las que confluyan jueces con juristas, banca y consumidores<\/strong>. Contribuimos as\u00ed a enriquecer el conocimiento jur\u00eddico y a buscar puntos de encuentro entre la industria y los consumidores&#8221;.<\/p>\n\n\n\n<div class=\"wp-block-group is-layout-flow wp-block-group-is-layout-flow\"><div class=\"wp-block-group__inner-container\"><\/div><\/div>\n\n\n\n<p><\/p>\n","protected":false},"excerpt":{"rendered":"<p>Bankia recusa a un magistrado por haber participado en el Congreso del X aniversario de ASUFIN.<\/p>\n","protected":false},"author":2,"featured_media":36986,"comment_status":"open","ping_status":"closed","sticky":false,"template":"","format":"standard","meta":{"_acf_changed":false,"_jetpack_newsletter_access":"","_jetpack_dont_email_post_to_subs":false,"_jetpack_newsletter_tier_id":0,"_jetpack_memberships_contains_paywalled_content":false,"_jetpack_memberships_contains_paid_content":false,"footnotes":""},"categories":[103,43,149],"tags":[],"class_list":["post-52295","post","type-post","status-publish","format-standard","has-post-thumbnail","hentry","category-asufin-comunicados","category-asufin-destacado","category-bankia"],"acf":[],"jetpack_featured_media_url":"https:\/\/i0.wp.com\/staging.asufin.com\/staging\/wp-content\/uploads\/2018\/06\/swaps_bankia-e1591616950865.jpg?fit=800%2C532&ssl=1","jetpack_shortlink":"https:\/\/wp.me\/peayLa-dBt","jetpack_likes_enabled":false,"jetpack_sharing_enabled":true,"_links":{"self":[{"href":"https:\/\/staging.asufin.com\/staging\/wp-json\/wp\/v2\/posts\/52295","targetHints":{"allow":["GET"]}}],"collection":[{"href":"https:\/\/staging.asufin.com\/staging\/wp-json\/wp\/v2\/posts"}],"about":[{"href":"https:\/\/staging.asufin.com\/staging\/wp-json\/wp\/v2\/types\/post"}],"author":[{"embeddable":true,"href":"https:\/\/staging.asufin.com\/staging\/wp-json\/wp\/v2\/users\/2"}],"replies":[{"embeddable":true,"href":"https:\/\/staging.asufin.com\/staging\/wp-json\/wp\/v2\/comments?post=52295"}],"version-history":[{"count":7,"href":"https:\/\/staging.asufin.com\/staging\/wp-json\/wp\/v2\/posts\/52295\/revisions"}],"predecessor-version":[{"id":52303,"href":"https:\/\/staging.asufin.com\/staging\/wp-json\/wp\/v2\/posts\/52295\/revisions\/52303"}],"wp:featuredmedia":[{"embeddable":true,"href":"https:\/\/staging.asufin.com\/staging\/wp-json\/wp\/v2\/media\/36986"}],"wp:attachment":[{"href":"https:\/\/staging.asufin.com\/staging\/wp-json\/wp\/v2\/media?parent=52295"}],"wp:term":[{"taxonomy":"category","embeddable":true,"href":"https:\/\/staging.asufin.com\/staging\/wp-json\/wp\/v2\/categories?post=52295"},{"taxonomy":"post_tag","embeddable":true,"href":"https:\/\/staging.asufin.com\/staging\/wp-json\/wp\/v2\/tags?post=52295"}],"curies":[{"name":"wp","href":"https:\/\/api.w.org\/{rel}","templated":true}]}}