{"id":52353,"date":"2020-06-10T14:31:30","date_gmt":"2020-06-10T12:31:30","guid":{"rendered":"https:\/\/www.asufin.com\/?p=52353"},"modified":"2022-07-28T10:53:54","modified_gmt":"2022-07-28T10:53:54","slug":"estan-llegando-a-los-inquilinos-los-creditos-ico-al-alquiler-patricia-suarez-responde-en-tve","status":"publish","type":"post","link":"https:\/\/staging.asufin.com\/staging\/estan-llegando-a-los-inquilinos-los-creditos-ico-al-alquiler-patricia-suarez-responde-en-tve\/","title":{"rendered":"\u00bfEst\u00e1n llegando a los inquilinos los cr\u00e9ditos ICO al alquiler? Patricia Su\u00e1rez responde en TVE"},"content":{"rendered":"\n<h3 class=\"wp-block-heading\">Patricia Su\u00e1rez, presidenta de ASUFIN, ha explicado en TVE en qu\u00e9 situaci\u00f3n se encuentran los cr\u00e9ditos ICO al alquiler<\/h3>\n\n\n\n<p><\/p>\n\n\n\n<p>Los <strong>cr\u00e9ditos ICO para el pago del alquiler<\/strong> de vivienda a familias que se encuentren en situaci\u00f3n de vulnerabilidad por la pandemia de la <strong><a href=\"https:\/\/staging.asufin.com\/staging\/covid-19-40-000-millones-para-financiar-la-economia-digital-y-las-finanzas-verdes\/\">COVID-19 <\/a>siguen sin llegar <\/strong>a los inquilinos. Ya han pasado m\u00e1s de dos meses desde que se aprob\u00f3 en el Consejo de Ministros. <\/p>\n\n\n\n<p>Estos pr\u00e9stamos a tipo cero permiten pagar hasta <strong>seis mensualidades del alquiler (5.400 euros en total) en un periodo que puede llegar a los seis a\u00f1os<\/strong>. Algunas de las entidades que ya se han adherido a este programa son Laboral Kutxa, Abanca, Unicaja, Liberbank, Cajamar, Sabadell, Santander, Bankia o BBVA, entre otras. <\/p>\n\n\n\n<p><a href=\"https:\/\/staging.asufin.com\/staging\/equipo\/\"><strong>Patricia Su\u00e1rez<\/strong>,<\/a> presidenta de <strong><a href=\"https:\/\/staging.asufin.com\/staging\/la-asociacion\/\">ASUFIN<\/a><\/strong>, ha asegurado en TVE que estas ayudas tienen que llegar ya a los inquilinos y que las entidades financieras cuentan ahora con <strong>una gran oportunidad para arrimar el hombro<\/strong> y recuperar as\u00ed la confianza de los consumidores. <\/p>\n\n\n\n<div class=\"wp-block-group\"><div class=\"wp-block-group__inner-container is-layout-flow wp-block-group-is-layout-flow\"><div class=\"wp-block-image\">\n<figure class=\"aligncenter size-large is-resized\"><a href=\"https:\/\/www.youtube.com\/watch?v=069Ssq_56Cc\" target=\"_blank\" rel=\"noopener\"><img data-recalc-dims=\"1\" fetchpriority=\"high\" decoding=\"async\" data-attachment-id=\"52383\" data-permalink=\"https:\/\/staging.asufin.com\/staging\/estan-llegando-a-los-inquilinos-los-creditos-ico-al-alquiler-patricia-suarez-responde-en-tve\/captura-de-pantalla-2020-06-10-a-las-13-23-19\/\" data-orig-file=\"https:\/\/i0.wp.com\/staging.asufin.com\/staging\/wp-content\/uploads\/2020\/06\/Captura-de-pantalla-2020-06-10-a-las-13.23.19-e1591788627920.png?fit=990%2C558&amp;ssl=1\" data-orig-size=\"990,558\" data-comments-opened=\"1\" data-image-meta=\"{&quot;aperture&quot;:&quot;0&quot;,&quot;credit&quot;:&quot;&quot;,&quot;camera&quot;:&quot;&quot;,&quot;caption&quot;:&quot;&quot;,&quot;created_timestamp&quot;:&quot;0&quot;,&quot;copyright&quot;:&quot;&quot;,&quot;focal_length&quot;:&quot;0&quot;,&quot;iso&quot;:&quot;0&quot;,&quot;shutter_speed&quot;:&quot;0&quot;,&quot;title&quot;:&quot;&quot;,&quot;orientation&quot;:&quot;0&quot;}\" data-image-title=\"Patricia Su\u00e1rez en TVE sobre los cr\u00e9ditos ICO a alquileres\" data-image-description=\"&lt;p&gt;Patricia Su\u00e1rez en TVE sobre los cr\u00e9ditos ICO a alquileres&lt;\/p&gt;\n\" data-image-caption=\"\" data-large-file=\"https:\/\/i0.wp.com\/staging.asufin.com\/staging\/wp-content\/uploads\/2020\/06\/Captura-de-pantalla-2020-06-10-a-las-13.23.19-e1591788627920.png?fit=800%2C451&amp;ssl=1\" src=\"https:\/\/i0.wp.com\/asufin.com\/wp-content\/uploads\/2020\/06\/Captura-de-pantalla-2020-06-10-a-las-13.23.19-1024x577.png?resize=580%2C326&#038;ssl=1\" alt=\"Patricia Su\u00e1rez en TVE sobre los cr\u00e9ditos ICO a alquileres\" class=\"wp-image-52383\" width=\"580\" height=\"326\" title=\"\"><\/a><\/figure><\/div><\/div><\/div>\n\n\n\n<p><\/p>\n","protected":false},"excerpt":{"rendered":"<p>Patricia Su\u00e1rez, presidenta de ASUFIN, ha explicado en TVE en qu\u00e9 situaci\u00f3n se encuentran los cr\u00e9ditos ICO al alquiler<\/p>\n","protected":false},"author":2,"featured_media":52383,"comment_status":"open","ping_status":"closed","sticky":false,"template":"","format":"standard","meta":{"_acf_changed":false,"_jetpack_newsletter_access":"","_jetpack_dont_email_post_to_subs":false,"_jetpack_newsletter_tier_id":0,"_jetpack_memberships_contains_paywalled_content":false,"_jetpack_memberships_contains_paid_content":false,"footnotes":""},"categories":[3396,3384],"tags":[265],"class_list":["post-52353","post","type-post","status-publish","format-standard","has-post-thumbnail","hentry","category-covid-19","category-tv","tag-medios"],"acf":[],"jetpack_featured_media_url":"https:\/\/i0.wp.com\/staging.asufin.com\/staging\/wp-content\/uploads\/2020\/06\/Captura-de-pantalla-2020-06-10-a-las-13.23.19-e1591788627920.png?fit=990%2C558&ssl=1","jetpack_shortlink":"https:\/\/wp.me\/peayLa-dCp","jetpack_likes_enabled":false,"jetpack_sharing_enabled":true,"_links":{"self":[{"href":"https:\/\/staging.asufin.com\/staging\/wp-json\/wp\/v2\/posts\/52353","targetHints":{"allow":["GET"]}}],"collection":[{"href":"https:\/\/staging.asufin.com\/staging\/wp-json\/wp\/v2\/posts"}],"about":[{"href":"https:\/\/staging.asufin.com\/staging\/wp-json\/wp\/v2\/types\/post"}],"author":[{"embeddable":true,"href":"https:\/\/staging.asufin.com\/staging\/wp-json\/wp\/v2\/users\/2"}],"replies":[{"embeddable":true,"href":"https:\/\/staging.asufin.com\/staging\/wp-json\/wp\/v2\/comments?post=52353"}],"version-history":[{"count":12,"href":"https:\/\/staging.asufin.com\/staging\/wp-json\/wp\/v2\/posts\/52353\/revisions"}],"predecessor-version":[{"id":109331,"href":"https:\/\/staging.asufin.com\/staging\/wp-json\/wp\/v2\/posts\/52353\/revisions\/109331"}],"wp:featuredmedia":[{"embeddable":true,"href":"https:\/\/staging.asufin.com\/staging\/wp-json\/wp\/v2\/media\/52383"}],"wp:attachment":[{"href":"https:\/\/staging.asufin.com\/staging\/wp-json\/wp\/v2\/media?parent=52353"}],"wp:term":[{"taxonomy":"category","embeddable":true,"href":"https:\/\/staging.asufin.com\/staging\/wp-json\/wp\/v2\/categories?post=52353"},{"taxonomy":"post_tag","embeddable":true,"href":"https:\/\/staging.asufin.com\/staging\/wp-json\/wp\/v2\/tags?post=52353"}],"curies":[{"name":"wp","href":"https:\/\/api.w.org\/{rel}","templated":true}]}}