{"id":52426,"date":"2020-06-11T12:29:39","date_gmt":"2020-06-11T10:29:39","guid":{"rendered":"https:\/\/www.asufin.com\/?p=52426"},"modified":"2020-06-12T12:18:33","modified_gmt":"2020-06-12T10:18:33","slug":"ingreso-minimo-vital-patricia-suarez-da-las-claves-en-la-informacion","status":"publish","type":"post","link":"https:\/\/staging.asufin.com\/staging\/ingreso-minimo-vital-patricia-suarez-da-las-claves-en-la-informacion\/","title":{"rendered":"Ingreso M\u00ednimo Vital: Patricia Su\u00e1rez da las claves en La Informaci\u00f3n"},"content":{"rendered":"\n<h3 class=\"wp-block-heading\">La presidenta de ASUFIN ha explicado en <em>La Informaci\u00f3n<\/em> todo lo que necesitas conocer sobre esta medida a la que el Congreso acaba de dar luz verde<\/h3>\n\n\n\n<p>El <strong><a href=\"https:\/\/asufin.com\/renta-minima-vital-todas-las-claves-de-la-nueva-ayuda-del-gobierno\/\" target=\"_blank\" rel=\"noopener\">Ingreso M\u00ednimo Vital <\/a>ha salido adelante con el apoyo de la mayor\u00eda del Congreso de los Diputados<\/strong>. Se aprueba as\u00ed una de las medidas estrella del Gobierno, que ayudar\u00e1 a m\u00e1s de<strong> 850.000 hogares<\/strong> que se encuentran en una situaci\u00f3n de vulnerabilidad o pobreza extrema.<\/p>\n\n\n\n<p><strong>\u00bfQu\u00e9 se considera pobreza extrema?<\/strong> No tener ingresos o estar ingresando menos de 230 euros al mes. <strong>Patricia Su\u00e1rez<\/strong>, presidenta de <strong><a href=\"https:\/\/asufin.com\/la-asociacion\/\" target=\"_blank\" rel=\"noopener\">ASUFIN<\/a><\/strong>, ha explicado en <em>La Informaci\u00f3n<\/em> todas las claves de esta renta b\u00e1sica. <\/p>\n\n\n\n<p>Patricia Su\u00e1rez ha resuelto algunas de las preguntas m\u00e1s repetidas en los \u00faltimos d\u00edas: \u00bfQui\u00e9n puede acceder a esta ayuda? <strong>\u00bfEs compatible con el paro o con otras rentas de inserci\u00f3n?<\/strong> \u00bfCu\u00e1nto dinero recibir\u00e1 cada familia?<\/p>\n\n\n\n<h4 class=\"wp-block-heading\">\u00a1Dale al play!<\/h4>\n\n\n\n<figure class=\"wp-block-image size-large\"><a href=\"https:\/\/www.youtube.com\/watch?v=TmPvBYlB53M\" target=\"_blank\" rel=\"noopener\"><img data-recalc-dims=\"1\" fetchpriority=\"high\" decoding=\"async\" width=\"800\" height=\"446\" data-attachment-id=\"52430\" data-permalink=\"https:\/\/staging.asufin.com\/staging\/ingreso-minimo-vital-patricia-suarez-da-las-claves-en-la-informacion\/youtubermi2\/\" data-orig-file=\"https:\/\/i0.wp.com\/staging.asufin.com\/staging\/wp-content\/uploads\/2020\/06\/YOUTUBERMI2.jpg?fit=1560%2C870&amp;ssl=1\" data-orig-size=\"1560,870\" data-comments-opened=\"1\" data-image-meta=\"{&quot;aperture&quot;:&quot;0&quot;,&quot;credit&quot;:&quot;&quot;,&quot;camera&quot;:&quot;&quot;,&quot;caption&quot;:&quot;&quot;,&quot;created_timestamp&quot;:&quot;0&quot;,&quot;copyright&quot;:&quot;&quot;,&quot;focal_length&quot;:&quot;0&quot;,&quot;iso&quot;:&quot;0&quot;,&quot;shutter_speed&quot;:&quot;0&quot;,&quot;title&quot;:&quot;&quot;,&quot;orientation&quot;:&quot;0&quot;}\" data-image-title=\"\u00bfQu\u00e9 tienes que saber sobre el Ingreso M\u00ednimo Vital? Patricia Su\u00e1rez da las claves en La Informaci\u00f3n\" data-image-description=\"&lt;p&gt;\u00bfQu\u00e9 tienes que saber sobre el Ingreso M\u00ednimo Vital? Patricia Su\u00e1rez da las claves en La Informaci\u00f3n&lt;\/p&gt;\n\" data-image-caption=\"\" data-large-file=\"https:\/\/i0.wp.com\/staging.asufin.com\/staging\/wp-content\/uploads\/2020\/06\/YOUTUBERMI2.jpg?fit=800%2C446&amp;ssl=1\" src=\"https:\/\/i0.wp.com\/asufin.com\/wp-content\/uploads\/2020\/06\/YOUTUBERMI2-1024x571.jpg?resize=800%2C446&#038;ssl=1\" alt=\"\u00bfQu\u00e9 tienes que saber sobre el Ingreso M\u00ednimo Vital? Patricia Su\u00e1rez da las claves en La Informaci\u00f3n\" class=\"wp-image-52430\" title=\"\" srcset=\"https:\/\/i0.wp.com\/staging.asufin.com\/staging\/wp-content\/uploads\/2020\/06\/YOUTUBERMI2.jpg?resize=1024%2C571&amp;ssl=1 1024w, https:\/\/i0.wp.com\/staging.asufin.com\/staging\/wp-content\/uploads\/2020\/06\/YOUTUBERMI2.jpg?resize=300%2C167&amp;ssl=1 300w, https:\/\/i0.wp.com\/staging.asufin.com\/staging\/wp-content\/uploads\/2020\/06\/YOUTUBERMI2.jpg?resize=768%2C428&amp;ssl=1 768w, https:\/\/i0.wp.com\/staging.asufin.com\/staging\/wp-content\/uploads\/2020\/06\/YOUTUBERMI2.jpg?resize=1536%2C857&amp;ssl=1 1536w, https:\/\/i0.wp.com\/staging.asufin.com\/staging\/wp-content\/uploads\/2020\/06\/YOUTUBERMI2.jpg?resize=1320%2C736&amp;ssl=1 1320w, https:\/\/i0.wp.com\/staging.asufin.com\/staging\/wp-content\/uploads\/2020\/06\/YOUTUBERMI2.jpg?w=1560&amp;ssl=1 1560w\" sizes=\"(max-width: 800px) 100vw, 800px\" \/><\/a><figcaption>Patricia Su\u00e1rez explica el Ingreso M\u00ednimo Vital en<em> La Informaci\u00f3n<\/em><\/figcaption><\/figure>\n\n\n\n<p><\/p>\n\n\n\n<h3 class=\"wp-block-heading\" id=\"m178-177-179\">\u00bfC\u00f3mo se accede a esta ayuda?<\/h3>\n\n\n\n<p>La presidenta de ASUFIN ha explicado <strong>qu\u00e9 ingresos tiene cada persona o unidad familiar y cu\u00e1l es su patrimonio<\/strong>. Adem\u00e1s, ha dejado claro que esta ayuda es una medida complementaria a otras prestaciones y que, por tanto, no ser\u00e1 igual para todas las familias beneficiarias. <\/p>\n\n\n\n<div class=\"wp-block-group is-layout-flow wp-block-group-is-layout-flow\"><div class=\"wp-block-group__inner-container\"><\/div><\/div>\n\n\n\n<p><\/p>\n","protected":false},"excerpt":{"rendered":"<p>La presidenta de ASUFIN ha explicado en La Informaci\u00f3n todo lo que necesitas conocer sobre esta medida a la que el Congreso acaba de dar luz verde<\/p>\n","protected":false},"author":2,"featured_media":52430,"comment_status":"open","ping_status":"closed","sticky":false,"template":"","format":"standard","meta":{"_acf_changed":false,"_jetpack_newsletter_access":"","_jetpack_dont_email_post_to_subs":false,"_jetpack_newsletter_tier_id":0,"_jetpack_memberships_contains_paywalled_content":false,"_jetpack_memberships_contains_paid_content":false,"footnotes":""},"categories":[43,3396,3383],"tags":[265],"class_list":["post-52426","post","type-post","status-publish","format-standard","has-post-thumbnail","hentry","category-asufin-destacado","category-covid-19","category-prensa","tag-medios"],"acf":[],"jetpack_featured_media_url":"https:\/\/i0.wp.com\/staging.asufin.com\/staging\/wp-content\/uploads\/2020\/06\/YOUTUBERMI2.jpg?fit=1560%2C870&ssl=1","jetpack_shortlink":"https:\/\/wp.me\/peayLa-dDA","jetpack_likes_enabled":false,"jetpack_sharing_enabled":true,"_links":{"self":[{"href":"https:\/\/staging.asufin.com\/staging\/wp-json\/wp\/v2\/posts\/52426","targetHints":{"allow":["GET"]}}],"collection":[{"href":"https:\/\/staging.asufin.com\/staging\/wp-json\/wp\/v2\/posts"}],"about":[{"href":"https:\/\/staging.asufin.com\/staging\/wp-json\/wp\/v2\/types\/post"}],"author":[{"embeddable":true,"href":"https:\/\/staging.asufin.com\/staging\/wp-json\/wp\/v2\/users\/2"}],"replies":[{"embeddable":true,"href":"https:\/\/staging.asufin.com\/staging\/wp-json\/wp\/v2\/comments?post=52426"}],"version-history":[{"count":6,"href":"https:\/\/staging.asufin.com\/staging\/wp-json\/wp\/v2\/posts\/52426\/revisions"}],"predecessor-version":[{"id":52434,"href":"https:\/\/staging.asufin.com\/staging\/wp-json\/wp\/v2\/posts\/52426\/revisions\/52434"}],"wp:featuredmedia":[{"embeddable":true,"href":"https:\/\/staging.asufin.com\/staging\/wp-json\/wp\/v2\/media\/52430"}],"wp:attachment":[{"href":"https:\/\/staging.asufin.com\/staging\/wp-json\/wp\/v2\/media?parent=52426"}],"wp:term":[{"taxonomy":"category","embeddable":true,"href":"https:\/\/staging.asufin.com\/staging\/wp-json\/wp\/v2\/categories?post=52426"},{"taxonomy":"post_tag","embeddable":true,"href":"https:\/\/staging.asufin.com\/staging\/wp-json\/wp\/v2\/tags?post=52426"}],"curies":[{"name":"wp","href":"https:\/\/api.w.org\/{rel}","templated":true}]}}