{"id":52555,"date":"2020-06-16T10:12:05","date_gmt":"2020-06-16T08:12:05","guid":{"rendered":"https:\/\/www.asufin.com\/?p=52555"},"modified":"2020-06-16T10:26:47","modified_gmt":"2020-06-16T08:26:47","slug":"irph-patricia-suarez-en-confilegal-hay-evidencias-claras-que-este-gobierno-no-puede-ignorar","status":"publish","type":"post","link":"https:\/\/staging.asufin.com\/staging\/irph-patricia-suarez-en-confilegal-hay-evidencias-claras-que-este-gobierno-no-puede-ignorar\/","title":{"rendered":"IRPH | Patricia Su\u00e1rez, en Confilegal: &#8220;Est\u00e1 en la mano del Gobierno eliminar este \u00edndice de las VPO&#8221;"},"content":{"rendered":"\n<div class=\"wp-block-group\"><div class=\"wp-block-group__inner-container is-layout-flow wp-block-group-is-layout-flow\">\n<h3 class=\"wp-block-heading\">El Ejecutivo ha rechazado sustituir IRPH por Euribor u otro \u00edndice en viviendas de protecci\u00f3n oficial<\/h3>\n<\/div><\/div>\n\n\n\n<p>El <strong>Gobierno ha rechazado la recomendaci\u00f3n del Defensor del Pueblo<\/strong> de <strong>sustituir el <a href=\"https:\/\/asufin.com\/reclama\/irph\/\" target=\"_blank\" rel=\"noopener\">\u00cdndice de Referencia de Pr\u00e9stamos Hipotecarios<\/a> (IRPH)<\/strong> por el Eur\u00edbor u otro \u00edndice en viviendas de protecci\u00f3n oficial (VPO). <\/p>\n\n\n\n<p>Esta decisi\u00f3n llega tras la <a href=\"https:\/\/asufin.com\/irph-el-tjue-permite-a-los-tribunales-espanoles-determinar-la-falta-de-transparencia-del-irph\/\" target=\"_blank\" rel=\"noopener\">sentencia del Tribunal de Justicia de la Uni\u00f3n Europea <\/a>de 3 de marzo de 2020.  El <a href=\"https:\/\/www.lamoncloa.gob.es\/Paginas\/index.aspx\" target=\"_blank\" rel=\"noopener\">Ejecutivo<\/a> ha determinado que este \u00edndice &#8220;<strong>puede ser considerado abusivo, pero no dirige mandamiento alguno al Reino de Espa\u00f1a para que modifique dicha regulaci\u00f3n<\/strong>, dado que la condici\u00f3n de &#8216;abusivo&#8217; debe dirimirse caso por caso&#8221;.<\/p>\n\n\n\n<figure class=\"wp-block-image size-large\"><a href=\"https:\/\/confilegal.com\/20200616-la-reforma-legislativa-que-los-expertos-reclaman-para-que-no-se-judicialice-el-irph-no-acaba-de-llegar\/\" target=\"_blank\" rel=\"noopener\"><img data-recalc-dims=\"1\" fetchpriority=\"high\" decoding=\"async\" width=\"800\" height=\"489\" data-attachment-id=\"52565\" data-permalink=\"https:\/\/staging.asufin.com\/staging\/irph-patricia-suarez-en-confilegal-hay-evidencias-claras-que-este-gobierno-no-puede-ignorar\/captura-de-pantalla-2020-06-16-a-las-10-20-42\/\" data-orig-file=\"https:\/\/i0.wp.com\/staging.asufin.com\/staging\/wp-content\/uploads\/2020\/06\/Captura-de-pantalla-2020-06-16-a-las-10.20.42.png?fit=1738%2C1062&amp;ssl=1\" data-orig-size=\"1738,1062\" data-comments-opened=\"1\" data-image-meta=\"{&quot;aperture&quot;:&quot;0&quot;,&quot;credit&quot;:&quot;&quot;,&quot;camera&quot;:&quot;&quot;,&quot;caption&quot;:&quot;&quot;,&quot;created_timestamp&quot;:&quot;0&quot;,&quot;copyright&quot;:&quot;&quot;,&quot;focal_length&quot;:&quot;0&quot;,&quot;iso&quot;:&quot;0&quot;,&quot;shutter_speed&quot;:&quot;0&quot;,&quot;title&quot;:&quot;&quot;,&quot;orientation&quot;:&quot;0&quot;}\" data-image-title=\"Patricia Su\u00e1rez en Confilegal sobre IRPH\" data-image-description=\"&lt;p&gt;Patricia Su\u00e1rez en Confilegal sobre IRPH&lt;\/p&gt;\n\" data-image-caption=\"\" data-large-file=\"https:\/\/i0.wp.com\/staging.asufin.com\/staging\/wp-content\/uploads\/2020\/06\/Captura-de-pantalla-2020-06-16-a-las-10.20.42.png?fit=800%2C489&amp;ssl=1\" src=\"https:\/\/i0.wp.com\/asufin.com\/wp-content\/uploads\/2020\/06\/Captura-de-pantalla-2020-06-16-a-las-10.20.42-1024x626.png?resize=800%2C489&#038;ssl=1\" alt=\"Patricia Su\u00e1rez en Confilegal sobre IRPH\" class=\"wp-image-52565\" title=\"\" srcset=\"https:\/\/i0.wp.com\/staging.asufin.com\/staging\/wp-content\/uploads\/2020\/06\/Captura-de-pantalla-2020-06-16-a-las-10.20.42.png?resize=1024%2C626&amp;ssl=1 1024w, https:\/\/i0.wp.com\/staging.asufin.com\/staging\/wp-content\/uploads\/2020\/06\/Captura-de-pantalla-2020-06-16-a-las-10.20.42.png?resize=300%2C183&amp;ssl=1 300w, https:\/\/i0.wp.com\/staging.asufin.com\/staging\/wp-content\/uploads\/2020\/06\/Captura-de-pantalla-2020-06-16-a-las-10.20.42.png?resize=768%2C469&amp;ssl=1 768w, https:\/\/i0.wp.com\/staging.asufin.com\/staging\/wp-content\/uploads\/2020\/06\/Captura-de-pantalla-2020-06-16-a-las-10.20.42.png?resize=1536%2C939&amp;ssl=1 1536w, https:\/\/i0.wp.com\/staging.asufin.com\/staging\/wp-content\/uploads\/2020\/06\/Captura-de-pantalla-2020-06-16-a-las-10.20.42.png?resize=1320%2C807&amp;ssl=1 1320w, https:\/\/i0.wp.com\/staging.asufin.com\/staging\/wp-content\/uploads\/2020\/06\/Captura-de-pantalla-2020-06-16-a-las-10.20.42.png?w=1738&amp;ssl=1 1738w, https:\/\/i0.wp.com\/staging.asufin.com\/staging\/wp-content\/uploads\/2020\/06\/Captura-de-pantalla-2020-06-16-a-las-10.20.42.png?w=1600&amp;ssl=1 1600w\" sizes=\"(max-width: 800px) 100vw, 800px\" \/><\/a><\/figure>\n\n\n\n<p>Confilegal publica la noticia con declaraciones de <strong>Patricia Su\u00e1rez, presidenta de <a href=\"https:\/\/asufin.com\/\" target=\"_blank\" rel=\"noopener\">ASUFIN<\/a><\/strong>, que ha mostrado su disconformidad con esta decisi\u00f3n del Gobierno de Pedro S\u00e1nchez. &#8220;<strong>Nos parece lamentable<\/strong> que los mismos pol\u00edticos que en el pasado, cuando formaban parte de la oposici\u00f3n, simpatizaban con esta causa que afecta a miles de familias, ahora se muestren de perfil&#8221;, se\u00f1ala Su\u00e1rez. <\/p>\n\n\n\n<p>&#8220;<strong>Hay evidencias claras que este Gobierno no puede ignorar<\/strong>&#8220;, a\u00f1ade la presidenta de la Asociaci\u00f3n de Usuarios Financieros. &#8220;Hay que tenerlas en cuenta a la hora de determinar las condiciones de las hipotecas de vivienda p\u00fablica&#8221;, sentencia. <\/p>\n\n\n\n<h3 class=\"wp-block-heading\">Patricia Su\u00e1rez: &#8220;Con el IRPH, la entidad est\u00e1 duplicando el coste del pr\u00e9stamo&#8221;<\/h3>\n\n\n\n<p>Las entidades est\u00e1n duplicando el coste &#8220;porque el <a href=\"https:\/\/asufin.com\/irph-una-nueva-sentencia-del-jpi-50-bis-de-barcelona-declara-nulo-el-indice\/\" target=\"_blank\" rel=\"noopener\">c\u00e1lculo de IRPH<\/a> se hace en base a la media del mercado, sumando comisiones y gastos&#8221;. Adem\u00e1s, la presidenta de ASUFIN explica que &#8220;<strong>pese a que el TJUE ha dejado el examen de transparencia de esta pol\u00e9mica cl\u00e1usula en manos de cada tribunal<\/strong>, la mera posibilidad de que estas hipotecas se comercializaran sin el debido control de transparencia ya debe ser motivo suficiente para que <strong>el Gobierno asuma una decisi\u00f3n valiente <\/strong>y haga la modificaci\u00f3n legal pertinente para que las hipotecas de las VPO queden todas referenciadas a Euribor&#8221;. <\/p>\n","protected":false},"excerpt":{"rendered":"<p>El Gobierno ha rechazado sustituir IRPH por Eur\u00edbor u otro \u00edndice en VPO<\/p>\n","protected":false},"author":2,"featured_media":52558,"comment_status":"open","ping_status":"closed","sticky":false,"template":"","format":"standard","meta":{"_acf_changed":false,"_jetpack_newsletter_access":"","_jetpack_dont_email_post_to_subs":false,"_jetpack_newsletter_tier_id":0,"_jetpack_memberships_contains_paywalled_content":false,"_jetpack_memberships_contains_paid_content":false,"footnotes":""},"categories":[43,42,3383],"tags":[265],"class_list":["post-52555","post","type-post","status-publish","format-standard","has-post-thumbnail","hentry","category-asufin-destacado","category-irph","category-prensa","tag-medios"],"acf":[],"jetpack_featured_media_url":"https:\/\/i0.wp.com\/staging.asufin.com\/staging\/wp-content\/uploads\/2020\/06\/key-2323278_1920-e1592291464627.jpg?fit=990%2C660&ssl=1","jetpack_shortlink":"https:\/\/wp.me\/peayLa-dFF","jetpack_likes_enabled":false,"jetpack_sharing_enabled":true,"_links":{"self":[{"href":"https:\/\/staging.asufin.com\/staging\/wp-json\/wp\/v2\/posts\/52555","targetHints":{"allow":["GET"]}}],"collection":[{"href":"https:\/\/staging.asufin.com\/staging\/wp-json\/wp\/v2\/posts"}],"about":[{"href":"https:\/\/staging.asufin.com\/staging\/wp-json\/wp\/v2\/types\/post"}],"author":[{"embeddable":true,"href":"https:\/\/staging.asufin.com\/staging\/wp-json\/wp\/v2\/users\/2"}],"replies":[{"embeddable":true,"href":"https:\/\/staging.asufin.com\/staging\/wp-json\/wp\/v2\/comments?post=52555"}],"version-history":[{"count":9,"href":"https:\/\/staging.asufin.com\/staging\/wp-json\/wp\/v2\/posts\/52555\/revisions"}],"predecessor-version":[{"id":52568,"href":"https:\/\/staging.asufin.com\/staging\/wp-json\/wp\/v2\/posts\/52555\/revisions\/52568"}],"wp:featuredmedia":[{"embeddable":true,"href":"https:\/\/staging.asufin.com\/staging\/wp-json\/wp\/v2\/media\/52558"}],"wp:attachment":[{"href":"https:\/\/staging.asufin.com\/staging\/wp-json\/wp\/v2\/media?parent=52555"}],"wp:term":[{"taxonomy":"category","embeddable":true,"href":"https:\/\/staging.asufin.com\/staging\/wp-json\/wp\/v2\/categories?post=52555"},{"taxonomy":"post_tag","embeddable":true,"href":"https:\/\/staging.asufin.com\/staging\/wp-json\/wp\/v2\/tags?post=52555"}],"curies":[{"name":"wp","href":"https:\/\/api.w.org\/{rel}","templated":true}]}}