{"id":52579,"date":"2020-06-16T15:21:09","date_gmt":"2020-06-16T13:21:09","guid":{"rendered":"https:\/\/www.asufin.com\/?p=52579"},"modified":"2022-02-28T19:40:18","modified_gmt":"2022-02-28T19:40:18","slug":"alternativas-economicas-la-sospechosa-recusacion-del-juez-que-llevo-las-hipotecas-con-irph-a-europa","status":"publish","type":"post","link":"https:\/\/staging.asufin.com\/staging\/alternativas-economicas-la-sospechosa-recusacion-del-juez-que-llevo-las-hipotecas-con-irph-a-europa\/","title":{"rendered":"IRPH | Alternativas Econ\u00f3micas: La sospechosa recusaci\u00f3n del juez que llev\u00f3 estas hipotecas a Europa"},"content":{"rendered":"\n<div class=\"wp-block-group\"><div class=\"wp-block-group__inner-container is-layout-flow wp-block-group-is-layout-flow\">\n<h3 class=\"wp-block-heading\" id=\"el-periodista-andreu-misse-publica-una-reflexion-partiendo-de-la-reciente-decision-de-bankia-de-pedir-la-recusacion-de-francisco-gonzalez-de-audicana\">El periodista Andreu Miss\u00e9 publica una reflexi\u00f3n partiendo de la reciente decisi\u00f3n de Bankia de pedir la recusaci\u00f3n de Francisco Gonz\u00e1lez de Audicana<\/h3>\n<\/div><\/div>\n\n\n\n<p>El periodista Andreu Miss\u00e9 publica en la revista <em>Alternativas Econ\u00f3micas<\/em> una reflexi\u00f3n partiendo de la <strong>reciente decisi\u00f3n de Bankia de pedir la recusaci\u00f3n del magistrado Francisco Gonz\u00e1lez de Audicana por falta de imparcialidad<\/strong> en el caso de las hipotecas IRPH. <\/p>\n\n\n\n<p>Miss\u00e9, que se\u00f1ala que esto es <strong>&#8220;un buen reflejo de las dificultades que deben arrostrar quienes intentan tratar a todos por igual y hacer justicia&#8221;<\/strong>, publica tambi\u00e9n que el escrito de acusaci\u00f3n del banco se basa en buena parte en la intervenci\u00f3n del juez en el <strong>Congreso del 10\u00ba Aniversario de <a href=\"https:\/\/staging.asufin.com\/staging\/la-asociacion\/\">ASUFIN<\/a> <\/strong>en enero de 2019 y en una conferencia organizada por el Ilustre Colegio de Abogados de Barcelona bajo el t\u00edtulo &#8216;La sentencia del TJUE sobre el <a href=\"https:\/\/staging.asufin.com\/staging\/reclama\/irph\/\">IRPH&#8217;<\/a>. <\/p>\n\n\n\n<figure class=\"wp-block-image size-large\"><a href=\"https:\/\/alternativaseconomicas.coop\/blog\/la-sospechosa-recusacion-del-juez-que-llevo-las-hipotecas-con-irph-a-europa\" target=\"_blank\" rel=\"noopener\"><img data-recalc-dims=\"1\" fetchpriority=\"high\" decoding=\"async\" width=\"800\" height=\"584\" data-attachment-id=\"52584\" data-permalink=\"https:\/\/staging.asufin.com\/staging\/alternativas-economicas-la-sospechosa-recusacion-del-juez-que-llevo-las-hipotecas-con-irph-a-europa\/captura-de-pantalla-2020-06-16-a-las-13-43-25\/\" data-orig-file=\"https:\/\/i0.wp.com\/staging.asufin.com\/staging\/wp-content\/uploads\/2020\/06\/Captura-de-pantalla-2020-06-16-a-las-13.43.25.png?fit=1648%2C1204&amp;ssl=1\" data-orig-size=\"1648,1204\" data-comments-opened=\"1\" data-image-meta=\"{&quot;aperture&quot;:&quot;0&quot;,&quot;credit&quot;:&quot;&quot;,&quot;camera&quot;:&quot;&quot;,&quot;caption&quot;:&quot;&quot;,&quot;created_timestamp&quot;:&quot;0&quot;,&quot;copyright&quot;:&quot;&quot;,&quot;focal_length&quot;:&quot;0&quot;,&quot;iso&quot;:&quot;0&quot;,&quot;shutter_speed&quot;:&quot;0&quot;,&quot;title&quot;:&quot;&quot;,&quot;orientation&quot;:&quot;0&quot;}\" data-image-title=\"ALTERNATIVAS ECON\u00d3MICAS: LA SOSPECHOSA RECUSACI\u00d3N DEL JUEZ QUE LLEV\u00d3 LAS HIPOTECAS CON IRPH A EUROPA\" data-image-description=\"&lt;p&gt;ALTERNATIVAS ECON\u00d3MICAS: LA SOSPECHOSA RECUSACI\u00d3N DEL JUEZ QUE LLEV\u00d3 LAS HIPOTECAS CON IRPH A EUROPA&lt;\/p&gt;\n\" data-image-caption=\"\" data-large-file=\"https:\/\/i0.wp.com\/staging.asufin.com\/staging\/wp-content\/uploads\/2020\/06\/Captura-de-pantalla-2020-06-16-a-las-13.43.25.png?fit=800%2C584&amp;ssl=1\" src=\"https:\/\/i0.wp.com\/asufin.com\/wp-content\/uploads\/2020\/06\/Captura-de-pantalla-2020-06-16-a-las-13.43.25-1024x748.png?resize=800%2C584&#038;ssl=1\" alt=\"ALTERNATIVAS ECON\u00d3MICAS: LA SOSPECHOSA RECUSACI\u00d3N DEL JUEZ QUE LLEV\u00d3 LAS HIPOTECAS CON IRPH A EUROPA\" class=\"wp-image-52584\" title=\"\" srcset=\"https:\/\/i0.wp.com\/staging.asufin.com\/staging\/wp-content\/uploads\/2020\/06\/Captura-de-pantalla-2020-06-16-a-las-13.43.25.png?resize=1024%2C748&amp;ssl=1 1024w, https:\/\/i0.wp.com\/staging.asufin.com\/staging\/wp-content\/uploads\/2020\/06\/Captura-de-pantalla-2020-06-16-a-las-13.43.25.png?resize=300%2C219&amp;ssl=1 300w, https:\/\/i0.wp.com\/staging.asufin.com\/staging\/wp-content\/uploads\/2020\/06\/Captura-de-pantalla-2020-06-16-a-las-13.43.25.png?resize=768%2C561&amp;ssl=1 768w, https:\/\/i0.wp.com\/staging.asufin.com\/staging\/wp-content\/uploads\/2020\/06\/Captura-de-pantalla-2020-06-16-a-las-13.43.25.png?resize=1536%2C1122&amp;ssl=1 1536w, https:\/\/i0.wp.com\/staging.asufin.com\/staging\/wp-content\/uploads\/2020\/06\/Captura-de-pantalla-2020-06-16-a-las-13.43.25.png?resize=1320%2C964&amp;ssl=1 1320w, https:\/\/i0.wp.com\/staging.asufin.com\/staging\/wp-content\/uploads\/2020\/06\/Captura-de-pantalla-2020-06-16-a-las-13.43.25.png?w=1648&amp;ssl=1 1648w\" sizes=\"(max-width: 800px) 100vw, 800px\" \/><\/a><\/figure>\n\n\n\n<p>&#8220;La presidenta de Asufin, <strong><a href=\"https:\/\/staging.asufin.com\/staging\/la-asociacion\/equipo\/\">Patricia Su\u00e1rez<\/a>, ha expresado su malestar con Bankia,<\/strong> &#8216;entidad de propiedad p\u00fablica, por utilizar uno de sus Congresos como motivo de recusaci\u00f3n a un magistrado&#8217;. Su\u00e1rez asegura que el Congreso ten\u00eda el prop\u00f3sito de &#8216;enriquecer el conocimiento jur\u00eddico adem\u00e1s de reflexionar y encontrar soluciones de futuro&#8221;, se puede leer en Alternativas Econ\u00f3micas.  <\/p>\n\n\n\n<p>&#8220;En el congreso particip\u00f3 <strong>el magistrado Audicana, junto con una variada y nutrida representaci\u00f3n del mundo de la judicatura<\/strong>, los organismos reguladores CNMV, CNMC y Banco de Espa\u00f1a, registradores de la propiedad, acad\u00e9micos, expertos y periodistas especializados. Cont\u00f3 adem\u00e1s con abogados del sector bancario (Banco Santander, Abanca y BBVA) como de defensa de los consumidores&#8221;, explica Patricia Su\u00e1rez en el citado medio. Adem\u00e1s, la presidenta de ASUFIN subraya que <strong>&#8220;las instituciones financieras est\u00e1n siempre invitadas a los encuentros que organiza ASUFIN, incluida, como no puede ser de otra forma, <a href=\"https:\/\/staging.asufin.com\/staging\/categoria\/entidades\/bankia\/\">Bankia<\/a>&#8220;.  <\/strong><\/p>\n","protected":false},"excerpt":{"rendered":"<p>El periodista Andreu Miss\u00e9 publica una reflexi\u00f3n partiendo de la reciente decisi\u00f3n de Bankia de pedir la recusaci\u00f3n de Francisco Gonz\u00e1lez de Audicana<\/p>\n","protected":false},"author":2,"featured_media":52582,"comment_status":"open","ping_status":"closed","sticky":false,"template":"","format":"standard","meta":{"_acf_changed":false,"_jetpack_newsletter_access":"","_jetpack_dont_email_post_to_subs":false,"_jetpack_newsletter_tier_id":0,"_jetpack_memberships_contains_paywalled_content":false,"_jetpack_memberships_contains_paid_content":false,"footnotes":""},"categories":[3436],"tags":[265],"class_list":["post-52579","post","type-post","status-publish","format-standard","has-post-thumbnail","hentry","category-asufin-cast","tag-medios"],"acf":[],"jetpack_featured_media_url":"https:\/\/i0.wp.com\/staging.asufin.com\/staging\/wp-content\/uploads\/2020\/06\/house-1407562_1920.jpg?fit=1920%2C1280&ssl=1","jetpack_shortlink":"https:\/\/wp.me\/peayLa-dG3","jetpack_likes_enabled":false,"jetpack_sharing_enabled":true,"_links":{"self":[{"href":"https:\/\/staging.asufin.com\/staging\/wp-json\/wp\/v2\/posts\/52579","targetHints":{"allow":["GET"]}}],"collection":[{"href":"https:\/\/staging.asufin.com\/staging\/wp-json\/wp\/v2\/posts"}],"about":[{"href":"https:\/\/staging.asufin.com\/staging\/wp-json\/wp\/v2\/types\/post"}],"author":[{"embeddable":true,"href":"https:\/\/staging.asufin.com\/staging\/wp-json\/wp\/v2\/users\/2"}],"replies":[{"embeddable":true,"href":"https:\/\/staging.asufin.com\/staging\/wp-json\/wp\/v2\/comments?post=52579"}],"version-history":[{"count":7,"href":"https:\/\/staging.asufin.com\/staging\/wp-json\/wp\/v2\/posts\/52579\/revisions"}],"predecessor-version":[{"id":87036,"href":"https:\/\/staging.asufin.com\/staging\/wp-json\/wp\/v2\/posts\/52579\/revisions\/87036"}],"wp:featuredmedia":[{"embeddable":true,"href":"https:\/\/staging.asufin.com\/staging\/wp-json\/wp\/v2\/media\/52582"}],"wp:attachment":[{"href":"https:\/\/staging.asufin.com\/staging\/wp-json\/wp\/v2\/media?parent=52579"}],"wp:term":[{"taxonomy":"category","embeddable":true,"href":"https:\/\/staging.asufin.com\/staging\/wp-json\/wp\/v2\/categories?post=52579"},{"taxonomy":"post_tag","embeddable":true,"href":"https:\/\/staging.asufin.com\/staging\/wp-json\/wp\/v2\/tags?post=52579"}],"curies":[{"name":"wp","href":"https:\/\/api.w.org\/{rel}","templated":true}]}}