{"id":52629,"date":"2020-06-19T10:08:42","date_gmt":"2020-06-19T08:08:42","guid":{"rendered":"https:\/\/www.asufin.com\/?p=52629"},"modified":"2020-06-19T10:13:11","modified_gmt":"2020-06-19T08:13:11","slug":"irph-el-periodico-la-sentencia-europea-abre-una-brecha-en-el-sistema-judicial","status":"publish","type":"post","link":"https:\/\/staging.asufin.com\/staging\/irph-el-periodico-la-sentencia-europea-abre-una-brecha-en-el-sistema-judicial\/","title":{"rendered":"IRPH | El Peri\u00f3dico: La sentencia europea abre una brecha en el sistema judicial"},"content":{"rendered":"\n<div class=\"wp-block-group\"><div class=\"wp-block-group__inner-container is-layout-flow wp-block-group-is-layout-flow\">\n<h3 class=\"wp-block-heading\">Los jueces de primera instancia tienden a dar la raz\u00f3n a los particulares y las audiencias, a los bancos<\/h3>\n\n\n\n<h3 class=\"wp-block-heading\">Las reclamaciones por estas hipotecas ya suman 26 fallos a favor de los afectados y 12 favorables a la banca<\/h3>\n<\/div><\/div>\n\n\n\n<p><strong>La lucha contra el IRPH contin\u00faa<\/strong>. <em><a href=\"https:\/\/amp.elperiodico.com\/es\/economia\/20200619\/division-judicial-sentencias-irph-8003314\" target=\"_blank\" rel=\"noopener\">El Peri\u00f3dico<\/a><\/em> publica tanto en su edici\u00f3n digital como impresa un art\u00edculo en el que analizan la disparidad en las sentencias de IRPH en Espa\u00f1a <strong>tras el fallo del <a href=\"https:\/\/asufin.com\/irph-el-tjue-permite-a-los-tribunales-espanoles-determinar-la-falta-de-transparencia-del-irph\/\" target=\"_blank\" rel=\"noopener\">Tribunal de Justicia de la Uni\u00f3n Europea<\/a> (TJUE) <\/strong>del pasado 3 de marzo. En estos momentos, la discrepancia judicial entre instancias de la magistratura es a\u00fan mayor que antes de que resolviera la Justicia europea. <strong>Los jueces de primera instancia tienden a dar la raz\u00f3n a los particulares y las audiencias, a los banco<\/strong>s. <\/p>\n\n\n\n<figure class=\"wp-block-image size-large\"><a href=\"https:\/\/amp.elperiodico.com\/es\/economia\/20200619\/division-judicial-sentencias-irph-8003314\" target=\"_blank\" rel=\"noopener\"><img data-recalc-dims=\"1\" fetchpriority=\"high\" decoding=\"async\" width=\"800\" height=\"265\" data-attachment-id=\"52633\" data-permalink=\"https:\/\/staging.asufin.com\/staging\/irph-el-periodico-la-sentencia-europea-abre-una-brecha-en-el-sistema-judicial\/captura-de-pantalla-2020-06-19-a-las-9-33-35\/\" data-orig-file=\"https:\/\/i0.wp.com\/staging.asufin.com\/staging\/wp-content\/uploads\/2020\/06\/Captura-de-pantalla-2020-06-19-a-las-9.33.35.png?fit=1450%2C480&amp;ssl=1\" data-orig-size=\"1450,480\" data-comments-opened=\"1\" data-image-meta=\"{&quot;aperture&quot;:&quot;0&quot;,&quot;credit&quot;:&quot;&quot;,&quot;camera&quot;:&quot;&quot;,&quot;caption&quot;:&quot;&quot;,&quot;created_timestamp&quot;:&quot;0&quot;,&quot;copyright&quot;:&quot;&quot;,&quot;focal_length&quot;:&quot;0&quot;,&quot;iso&quot;:&quot;0&quot;,&quot;shutter_speed&quot;:&quot;0&quot;,&quot;title&quot;:&quot;&quot;,&quot;orientation&quot;:&quot;0&quot;}\" data-image-title=\"IRPH | El Peri\u00f3dico: La sentencia europea abre una brecha en el sistema judicial\" data-image-description=\"&lt;p&gt;IRPH | El Peri\u00f3dico: La sentencia europea abre una brecha en el sistema judicial&lt;\/p&gt;\n\" data-image-caption=\"\" data-large-file=\"https:\/\/i0.wp.com\/staging.asufin.com\/staging\/wp-content\/uploads\/2020\/06\/Captura-de-pantalla-2020-06-19-a-las-9.33.35.png?fit=800%2C265&amp;ssl=1\" src=\"https:\/\/i0.wp.com\/asufin.com\/wp-content\/uploads\/2020\/06\/Captura-de-pantalla-2020-06-19-a-las-9.33.35-1024x339.png?resize=800%2C265&#038;ssl=1\" alt=\"IRPH | El Peri\u00f3dico: La sentencia europea abre una brecha en el sistema judicial\" class=\"wp-image-52633\" title=\"\" srcset=\"https:\/\/i0.wp.com\/staging.asufin.com\/staging\/wp-content\/uploads\/2020\/06\/Captura-de-pantalla-2020-06-19-a-las-9.33.35.png?resize=1024%2C339&amp;ssl=1 1024w, https:\/\/i0.wp.com\/staging.asufin.com\/staging\/wp-content\/uploads\/2020\/06\/Captura-de-pantalla-2020-06-19-a-las-9.33.35.png?resize=300%2C99&amp;ssl=1 300w, https:\/\/i0.wp.com\/staging.asufin.com\/staging\/wp-content\/uploads\/2020\/06\/Captura-de-pantalla-2020-06-19-a-las-9.33.35.png?resize=768%2C254&amp;ssl=1 768w, https:\/\/i0.wp.com\/staging.asufin.com\/staging\/wp-content\/uploads\/2020\/06\/Captura-de-pantalla-2020-06-19-a-las-9.33.35.png?resize=1320%2C437&amp;ssl=1 1320w, https:\/\/i0.wp.com\/staging.asufin.com\/staging\/wp-content\/uploads\/2020\/06\/Captura-de-pantalla-2020-06-19-a-las-9.33.35.png?w=1450&amp;ssl=1 1450w\" sizes=\"(max-width: 800px) 100vw, 800px\" \/><\/a><\/figure>\n\n\n\n<p>Las reclamaciones por <a href=\"https:\/\/asufin.com\/reclama\/irph\/\" target=\"_blank\" rel=\"noopener\">hipotecas referenciadas al IRPH<\/a> ya suman <a href=\"https:\/\/asufin.com\/irph-una-nueva-sentencia-del-jpi-50-bis-de-barcelona-declara-nulo-el-indice\/\" target=\"_blank\" rel=\"noopener\">26 fallos a favor de los afectados <\/a>y 12 favorables a la banca. Max Jim\u00e9nez explica en <em>El Peri\u00f3dico<\/em> que la diferencia de criterios est\u00e1 incluso dentro de las mismas audiencias. <strong>La Secci\u00f3n 15 de Barcelona fall\u00f3 a favor de la banca<\/strong> y, sin embargo, otras dos secciones de esa misma audiencia, han fallado a favor de los afectados en dos ejecuciones hipotecarias. <\/p>\n\n\n\n<h3 class=\"wp-block-heading\">El TJUE se pronunci\u00f3 tras la cuesti\u00f3n prejudicial planteada por el juez Audicana<\/h3>\n\n\n\n<p>La sentencia del TJUE lleg\u00f3 tras la cuesti\u00f3n prejudicial planteada por <strong>Francisco Gonz\u00e1lez de Audicana<\/strong>, titular del Juzgado de Primera Instancia n\u00famero 38 de Barcelona. Ahora, el mismo magistrado se plantea<strong> formular una segunda cuesti\u00f3n prejudicial <\/strong>para resolver dudas y unificar el criterio. <\/p>\n\n\n\n<p><strong>Patricia Su\u00e1rez, presidenta de <a href=\"https:\/\/asufin.com\/la-asociacion\/\" target=\"_blank\" rel=\"noopener\">ASUFIN<\/a>,<\/strong> explica en el citado medio que cree que el Tribunal Supremo &#8220;se est\u00e1 planteando claramente la posibilidad&#8221; de formular una cuesti\u00f3n prejudicial al TJUE. &#8220;Todos los juristas que conozco dicen que<strong> es inaudito que el Supremo d\u00e9 traslado a las partes para hacer alegaciones <\/strong>sobre los procedimientos que ha admitido a tr\u00e1mite, lo que no es habitual. Adem\u00e1s parece que ha parado la admisi\u00f3n de nuevos recursos pendientes&#8221;, ha destacado la presidenta de la Asociaci\u00f3n de Usuarios Financieros. <\/p>\n\n\n\n<p><\/p>\n","protected":false},"excerpt":{"rendered":"<p>Los jueces de primera instancia tienden a dar la raz\u00f3n a los particulares y las audiencias, a los bancos<\/p>\n","protected":false},"author":2,"featured_media":52634,"comment_status":"open","ping_status":"closed","sticky":false,"template":"","format":"standard","meta":{"_acf_changed":false,"_jetpack_newsletter_access":"","_jetpack_dont_email_post_to_subs":false,"_jetpack_newsletter_tier_id":0,"_jetpack_memberships_contains_paywalled_content":false,"_jetpack_memberships_contains_paid_content":false,"footnotes":""},"categories":[43,42,3383,3357],"tags":[265],"class_list":["post-52629","post","type-post","status-publish","format-standard","has-post-thumbnail","hentry","category-asufin-destacado","category-irph","category-prensa","category-tjue","tag-medios"],"acf":[],"jetpack_featured_media_url":"https:\/\/i0.wp.com\/staging.asufin.com\/staging\/wp-content\/uploads\/2020\/06\/mortgage-5266520_1920.jpg?fit=1920%2C1281&ssl=1","jetpack_shortlink":"https:\/\/wp.me\/peayLa-dGR","jetpack_likes_enabled":false,"jetpack_sharing_enabled":true,"_links":{"self":[{"href":"https:\/\/staging.asufin.com\/staging\/wp-json\/wp\/v2\/posts\/52629","targetHints":{"allow":["GET"]}}],"collection":[{"href":"https:\/\/staging.asufin.com\/staging\/wp-json\/wp\/v2\/posts"}],"about":[{"href":"https:\/\/staging.asufin.com\/staging\/wp-json\/wp\/v2\/types\/post"}],"author":[{"embeddable":true,"href":"https:\/\/staging.asufin.com\/staging\/wp-json\/wp\/v2\/users\/2"}],"replies":[{"embeddable":true,"href":"https:\/\/staging.asufin.com\/staging\/wp-json\/wp\/v2\/comments?post=52629"}],"version-history":[{"count":5,"href":"https:\/\/staging.asufin.com\/staging\/wp-json\/wp\/v2\/posts\/52629\/revisions"}],"predecessor-version":[{"id":52636,"href":"https:\/\/staging.asufin.com\/staging\/wp-json\/wp\/v2\/posts\/52629\/revisions\/52636"}],"wp:featuredmedia":[{"embeddable":true,"href":"https:\/\/staging.asufin.com\/staging\/wp-json\/wp\/v2\/media\/52634"}],"wp:attachment":[{"href":"https:\/\/staging.asufin.com\/staging\/wp-json\/wp\/v2\/media?parent=52629"}],"wp:term":[{"taxonomy":"category","embeddable":true,"href":"https:\/\/staging.asufin.com\/staging\/wp-json\/wp\/v2\/categories?post=52629"},{"taxonomy":"post_tag","embeddable":true,"href":"https:\/\/staging.asufin.com\/staging\/wp-json\/wp\/v2\/tags?post=52629"}],"curies":[{"name":"wp","href":"https:\/\/api.w.org\/{rel}","templated":true}]}}