{"id":52654,"date":"2020-06-22T09:26:53","date_gmt":"2020-06-22T07:26:53","guid":{"rendered":"https:\/\/www.asufin.com\/?p=52654"},"modified":"2022-07-28T10:49:01","modified_gmt":"2022-07-28T10:49:01","slug":"asufin-en-los-medios-patricia-suarez-formara-parte-de-la-mesa-de-asesores-de-la-eba","status":"publish","type":"post","link":"https:\/\/staging.asufin.com\/staging\/asufin-en-los-medios-patricia-suarez-formara-parte-de-la-mesa-de-asesores-de-la-eba\/","title":{"rendered":"ASUFIN en los medios: Patricia Su\u00e1rez formar\u00e1 parte de la mesa de asesores de la EBA"},"content":{"rendered":"\n<h3 class=\"wp-block-heading\"><em>El Economista<\/em> y <em>Cinco D\u00edas<\/em> se han hecho eco de este logro en sus ediciones impresas<\/h3>\n\n\n\n<h3 class=\"wp-block-heading\">Patricia Su\u00e1rez llega a la EBA en un momento marcado por la pandemia por la COVID19<\/h3>\n\n\n\n<p><strong><a href=\"https:\/\/staging.asufin.com\/staging\/la-asociacion\/equipo\/\">Patricia Su\u00e1rez<\/a><\/strong>, presidenta de <strong><a href=\"https:\/\/staging.asufin.com\/staging\/la-asociacion\/\">ASUFIN<\/a><\/strong>, formar\u00e1 parte de la mesa de asesores (Banking\u00a0Stakeholder\u00a0Group) de la Autoridad Bancaria Europea (<strong>EBA<\/strong>) y participar\u00e1 en el grupo de inter\u00e9s para ser consultado en la aplicaci\u00f3n de normas que afectan a toda la industria bancaria europea. <\/p>\n\n\n\n<p>Medios espa\u00f1oles como <em>Expansi\u00f3n<\/em>, <em>El Confidencial<\/em> o <em>Cinco D\u00edas <\/em>se han hecho eco de este logro tanto en ediciones digitales como impresas. Su\u00e1rez llega a la EBA en un momento marcado por las amenazas de crisis econ\u00f3micas por la <strong><a href=\"https:\/\/staging.asufin.com\/staging\/covid-19-40-000-millones-para-financiar-la-economia-digital-y-las-finanzas-verdes\/\">COVID19<\/a><\/strong>. <\/p>\n\n\n\n<h3 class=\"wp-block-heading\">EL CONFIDENCIAL: ASUFIN formar\u00e1 parte del consejo consultivo de la Autoridad Bancaria Europea<\/h3>\n\n\n\n<figure class=\"wp-block-image size-large\"><a href=\"https:\/\/www.elconfidencial.com\/economia\/2020-06-19\/asufin-formara-parte-del-consejo-consultivo-de-la-autoridad-bancaria-europea_2646556\/\" target=\"_blank\" rel=\"noopener\"><img data-recalc-dims=\"1\" fetchpriority=\"high\" decoding=\"async\" width=\"800\" height=\"588\" data-attachment-id=\"52658\" data-permalink=\"https:\/\/staging.asufin.com\/staging\/asufin-en-los-medios-patricia-suarez-formara-parte-de-la-mesa-de-asesores-de-la-eba\/captura-de-pantalla-2020-06-22-a-las-8-46-33\/\" data-orig-file=\"https:\/\/i0.wp.com\/staging.asufin.com\/staging\/wp-content\/uploads\/2020\/06\/Captura-de-pantalla-2020-06-22-a-las-8.46.33.png?fit=1850%2C1358&amp;ssl=1\" data-orig-size=\"1850,1358\" data-comments-opened=\"1\" data-image-meta=\"{&quot;aperture&quot;:&quot;0&quot;,&quot;credit&quot;:&quot;&quot;,&quot;camera&quot;:&quot;&quot;,&quot;caption&quot;:&quot;&quot;,&quot;created_timestamp&quot;:&quot;0&quot;,&quot;copyright&quot;:&quot;&quot;,&quot;focal_length&quot;:&quot;0&quot;,&quot;iso&quot;:&quot;0&quot;,&quot;shutter_speed&quot;:&quot;0&quot;,&quot;title&quot;:&quot;&quot;,&quot;orientation&quot;:&quot;0&quot;}\" data-image-title=\"El Confidencial: Asufin formar\u00e1 parte del consejo consultivo de la Autoridad Bancaria Europea\" data-image-description=\"&lt;p&gt;El Confidencial: Asufin formar\u00e1 parte del consejo consultivo de la Autoridad Bancaria Europea&lt;\/p&gt;\n\" data-image-caption=\"\" data-large-file=\"https:\/\/i0.wp.com\/staging.asufin.com\/staging\/wp-content\/uploads\/2020\/06\/Captura-de-pantalla-2020-06-22-a-las-8.46.33.png?fit=800%2C588&amp;ssl=1\" src=\"https:\/\/i0.wp.com\/asufin.com\/wp-content\/uploads\/2020\/06\/Captura-de-pantalla-2020-06-22-a-las-8.46.33-1024x752.png?resize=800%2C588&#038;ssl=1\" alt=\"El Confidencial: Asufin formar\u00e1 parte del consejo consultivo de la Autoridad Bancaria Europea\" class=\"wp-image-52658\" title=\"\" srcset=\"https:\/\/i0.wp.com\/staging.asufin.com\/staging\/wp-content\/uploads\/2020\/06\/Captura-de-pantalla-2020-06-22-a-las-8.46.33.png?resize=1024%2C752&amp;ssl=1 1024w, https:\/\/i0.wp.com\/staging.asufin.com\/staging\/wp-content\/uploads\/2020\/06\/Captura-de-pantalla-2020-06-22-a-las-8.46.33.png?resize=300%2C220&amp;ssl=1 300w, https:\/\/i0.wp.com\/staging.asufin.com\/staging\/wp-content\/uploads\/2020\/06\/Captura-de-pantalla-2020-06-22-a-las-8.46.33.png?resize=768%2C564&amp;ssl=1 768w, https:\/\/i0.wp.com\/staging.asufin.com\/staging\/wp-content\/uploads\/2020\/06\/Captura-de-pantalla-2020-06-22-a-las-8.46.33.png?resize=1536%2C1128&amp;ssl=1 1536w, https:\/\/i0.wp.com\/staging.asufin.com\/staging\/wp-content\/uploads\/2020\/06\/Captura-de-pantalla-2020-06-22-a-las-8.46.33.png?resize=1320%2C969&amp;ssl=1 1320w, https:\/\/i0.wp.com\/staging.asufin.com\/staging\/wp-content\/uploads\/2020\/06\/Captura-de-pantalla-2020-06-22-a-las-8.46.33.png?w=1850&amp;ssl=1 1850w, https:\/\/i0.wp.com\/staging.asufin.com\/staging\/wp-content\/uploads\/2020\/06\/Captura-de-pantalla-2020-06-22-a-las-8.46.33.png?w=1600&amp;ssl=1 1600w\" sizes=\"(max-width: 800px) 100vw, 800px\" \/><\/a><\/figure>\n\n\n\n<p>La entrada de ASUFIN en la EBA llega tras la reciente designaci\u00f3n como nueva asociaci\u00f3n de consumidores en <strong><a href=\"https:\/\/staging.asufin.com\/staging\/asufin-beuc\/\">formar parte del BEUC <\/a><\/strong>(Bureau Europ\u00e9en des Unions de Consommateurs), la mayor organizaci\u00f3n de consumidores de Europa.<\/p>\n\n\n\n<h3 class=\"wp-block-heading\">CINCO D\u00cdAS: ASUFIN formar\u00e1 parte del consejo consultivo de la EBA<\/h3>\n\n\n\n<figure class=\"wp-block-image size-large\"><img data-recalc-dims=\"1\" decoding=\"async\" width=\"575\" height=\"1024\" data-attachment-id=\"52656\" data-permalink=\"https:\/\/staging.asufin.com\/staging\/asufin-en-los-medios-patricia-suarez-formara-parte-de-la-mesa-de-asesores-de-la-eba\/captura-de-pantalla-2020-06-22-a-las-8-44-30\/\" data-orig-file=\"https:\/\/i0.wp.com\/staging.asufin.com\/staging\/wp-content\/uploads\/2020\/06\/Captura-de-pantalla-2020-06-22-a-las-8.44.30-e1592808596656.png?fit=400%2C712&amp;ssl=1\" data-orig-size=\"400,712\" data-comments-opened=\"1\" data-image-meta=\"{&quot;aperture&quot;:&quot;0&quot;,&quot;credit&quot;:&quot;&quot;,&quot;camera&quot;:&quot;&quot;,&quot;caption&quot;:&quot;&quot;,&quot;created_timestamp&quot;:&quot;0&quot;,&quot;copyright&quot;:&quot;&quot;,&quot;focal_length&quot;:&quot;0&quot;,&quot;iso&quot;:&quot;0&quot;,&quot;shutter_speed&quot;:&quot;0&quot;,&quot;title&quot;:&quot;&quot;,&quot;orientation&quot;:&quot;0&quot;}\" data-image-title=\"CINCO D\u00cdAS: ASUFIN formar\u00e1 parte del consejo consultivo de la EBA\" data-image-description=\"&lt;p&gt;CINCO D\u00cdAS: ASUFIN formar\u00e1 parte del consejo consultivo de la EBA&lt;\/p&gt;\n\" data-image-caption=\"\" data-large-file=\"https:\/\/i0.wp.com\/staging.asufin.com\/staging\/wp-content\/uploads\/2020\/06\/Captura-de-pantalla-2020-06-22-a-las-8.44.30-e1592808596656.png?fit=575%2C1024&amp;ssl=1\" src=\"https:\/\/i0.wp.com\/asufin.com\/wp-content\/uploads\/2020\/06\/Captura-de-pantalla-2020-06-22-a-las-8.44.30-575x1024.png?resize=575%2C1024&#038;ssl=1\" alt=\"CINCO D\u00cdAS: ASUFIN formar\u00e1 parte del consejo consultivo de la EBA\" class=\"wp-image-52656\" title=\"\"><\/figure>\n\n\n\n<p>ASUFIN ha trabajado desde sus inicios en el acercamiento a las <strong>instituciones europeas<\/strong>, sabedores&nbsp;de que la mayor\u00eda de la regulaci\u00f3n emana de las autoridades comunitarias.&nbsp;Nuestra asociaci\u00f3n tambi\u00e9n forma parte de otras organizaciones como <strong>Finance Watch y Change Finance. <\/strong><\/p>\n\n\n\n<h3 class=\"wp-block-heading\">EL ECONOMISTA: ASUFIN entra a formar parte del consejo consultivo de la EBA<\/h3>\n\n\n\n<figure class=\"wp-block-image size-large\"><img data-recalc-dims=\"1\" decoding=\"async\" width=\"575\" height=\"1024\" data-attachment-id=\"52657\" data-permalink=\"https:\/\/staging.asufin.com\/staging\/asufin-en-los-medios-patricia-suarez-formara-parte-de-la-mesa-de-asesores-de-la-eba\/captura-de-pantalla-2020-06-22-a-las-8-45-06\/\" data-orig-file=\"https:\/\/i0.wp.com\/staging.asufin.com\/staging\/wp-content\/uploads\/2020\/06\/Captura-de-pantalla-2020-06-22-a-las-8.45.06.png?fit=720%2C1282&amp;ssl=1\" data-orig-size=\"720,1282\" data-comments-opened=\"1\" data-image-meta=\"{&quot;aperture&quot;:&quot;0&quot;,&quot;credit&quot;:&quot;&quot;,&quot;camera&quot;:&quot;&quot;,&quot;caption&quot;:&quot;&quot;,&quot;created_timestamp&quot;:&quot;0&quot;,&quot;copyright&quot;:&quot;&quot;,&quot;focal_length&quot;:&quot;0&quot;,&quot;iso&quot;:&quot;0&quot;,&quot;shutter_speed&quot;:&quot;0&quot;,&quot;title&quot;:&quot;&quot;,&quot;orientation&quot;:&quot;0&quot;}\" data-image-title=\"El Economista: ASUFIN entra a formar parte del consejo consultivo de la EBA\" data-image-description=\"&lt;p&gt;El Economista: ASUFIN entra a formar parte del consejo consultivo de la EBA&lt;\/p&gt;\n\" data-image-caption=\"\" data-large-file=\"https:\/\/i0.wp.com\/staging.asufin.com\/staging\/wp-content\/uploads\/2020\/06\/Captura-de-pantalla-2020-06-22-a-las-8.45.06.png?fit=575%2C1024&amp;ssl=1\" src=\"https:\/\/i0.wp.com\/asufin.com\/wp-content\/uploads\/2020\/06\/Captura-de-pantalla-2020-06-22-a-las-8.45.06-575x1024.png?resize=575%2C1024&#038;ssl=1\" alt=\"El Economista: ASUFIN entra a formar parte del consejo consultivo de la EBA\" class=\"wp-image-52657\" title=\"\" srcset=\"https:\/\/i0.wp.com\/staging.asufin.com\/staging\/wp-content\/uploads\/2020\/06\/Captura-de-pantalla-2020-06-22-a-las-8.45.06.png?resize=575%2C1024&amp;ssl=1 575w, https:\/\/i0.wp.com\/staging.asufin.com\/staging\/wp-content\/uploads\/2020\/06\/Captura-de-pantalla-2020-06-22-a-las-8.45.06.png?resize=168%2C300&amp;ssl=1 168w, https:\/\/i0.wp.com\/staging.asufin.com\/staging\/wp-content\/uploads\/2020\/06\/Captura-de-pantalla-2020-06-22-a-las-8.45.06.png?w=720&amp;ssl=1 720w\" sizes=\"(max-width: 575px) 100vw, 575px\" \/><\/figure>\n\n\n\n<h3 class=\"wp-block-heading\">VOZ P\u00d3PULI: ASUFIN entra en el consejo consultivo de la Autoridad Bancaria Europea<\/h3>\n\n\n\n<figure class=\"wp-block-image size-large\"><a href=\"https:\/\/www.vozpopuli.com\/economia-y-finanzas\/asufin-consejo-consultivo-autoridad-bancaria_0_1365763642.html\" target=\"_blank\" rel=\"noopener\"><img data-recalc-dims=\"1\" loading=\"lazy\" decoding=\"async\" width=\"800\" height=\"256\" data-attachment-id=\"52655\" data-permalink=\"https:\/\/staging.asufin.com\/staging\/asufin-en-los-medios-patricia-suarez-formara-parte-de-la-mesa-de-asesores-de-la-eba\/captura-de-pantalla-2020-06-22-a-las-8-46-53\/\" data-orig-file=\"https:\/\/i0.wp.com\/staging.asufin.com\/staging\/wp-content\/uploads\/2020\/06\/Captura-de-pantalla-2020-06-22-a-las-8.46.53.png?fit=2040%2C654&amp;ssl=1\" data-orig-size=\"2040,654\" data-comments-opened=\"1\" data-image-meta=\"{&quot;aperture&quot;:&quot;0&quot;,&quot;credit&quot;:&quot;&quot;,&quot;camera&quot;:&quot;&quot;,&quot;caption&quot;:&quot;&quot;,&quot;created_timestamp&quot;:&quot;0&quot;,&quot;copyright&quot;:&quot;&quot;,&quot;focal_length&quot;:&quot;0&quot;,&quot;iso&quot;:&quot;0&quot;,&quot;shutter_speed&quot;:&quot;0&quot;,&quot;title&quot;:&quot;&quot;,&quot;orientation&quot;:&quot;0&quot;}\" data-image-title=\"VOZ P\u00d3PULI: Asuf\u00edn entra en el consejo consultivo de la Autoridad Bancaria Europea\" data-image-description=\"&lt;p&gt;VOZ P\u00d3PULI: Asuf\u00edn entra en el consejo consultivo de la Autoridad Bancaria Europea&lt;\/p&gt;\n\" data-image-caption=\"\" data-large-file=\"https:\/\/i0.wp.com\/staging.asufin.com\/staging\/wp-content\/uploads\/2020\/06\/Captura-de-pantalla-2020-06-22-a-las-8.46.53.png?fit=800%2C256&amp;ssl=1\" src=\"https:\/\/i0.wp.com\/asufin.com\/wp-content\/uploads\/2020\/06\/Captura-de-pantalla-2020-06-22-a-las-8.46.53-1024x328.png?resize=800%2C256&#038;ssl=1\" alt=\"VOZ P\u00d3PULI: Asuf\u00edn entra en el consejo consultivo de la Autoridad Bancaria Europea\" class=\"wp-image-52655\" title=\"\" srcset=\"https:\/\/i0.wp.com\/staging.asufin.com\/staging\/wp-content\/uploads\/2020\/06\/Captura-de-pantalla-2020-06-22-a-las-8.46.53.png?resize=1024%2C328&amp;ssl=1 1024w, https:\/\/i0.wp.com\/staging.asufin.com\/staging\/wp-content\/uploads\/2020\/06\/Captura-de-pantalla-2020-06-22-a-las-8.46.53.png?resize=300%2C96&amp;ssl=1 300w, https:\/\/i0.wp.com\/staging.asufin.com\/staging\/wp-content\/uploads\/2020\/06\/Captura-de-pantalla-2020-06-22-a-las-8.46.53.png?resize=768%2C246&amp;ssl=1 768w, https:\/\/i0.wp.com\/staging.asufin.com\/staging\/wp-content\/uploads\/2020\/06\/Captura-de-pantalla-2020-06-22-a-las-8.46.53.png?resize=1536%2C492&amp;ssl=1 1536w, https:\/\/i0.wp.com\/staging.asufin.com\/staging\/wp-content\/uploads\/2020\/06\/Captura-de-pantalla-2020-06-22-a-las-8.46.53.png?resize=1320%2C423&amp;ssl=1 1320w, https:\/\/i0.wp.com\/staging.asufin.com\/staging\/wp-content\/uploads\/2020\/06\/Captura-de-pantalla-2020-06-22-a-las-8.46.53.png?w=2040&amp;ssl=1 2040w, https:\/\/i0.wp.com\/staging.asufin.com\/staging\/wp-content\/uploads\/2020\/06\/Captura-de-pantalla-2020-06-22-a-las-8.46.53.png?w=1600&amp;ssl=1 1600w\" sizes=\"(max-width: 800px) 100vw, 800px\" \/><\/a><\/figure>\n\n\n\n<h3 class=\"wp-block-heading\">CONFILEGAL: Asufin formar\u00e1 parte del consejo consultivo de la&nbsp;Autoridad Bancaria Europea<\/h3>\n\n\n\n<figure class=\"wp-block-image size-large\"><a href=\"https:\/\/confilegal.com\/20200619-asufin-formara-parte-del-consejo-consultivo-de-la-autoridad-bancaria-europea\/\" target=\"_blank\" rel=\"noopener\"><img data-recalc-dims=\"1\" loading=\"lazy\" decoding=\"async\" width=\"800\" height=\"178\" data-attachment-id=\"52661\" data-permalink=\"https:\/\/staging.asufin.com\/staging\/asufin-en-los-medios-patricia-suarez-formara-parte-de-la-mesa-de-asesores-de-la-eba\/captura-de-pantalla-2020-06-22-a-las-9-09-15\/\" data-orig-file=\"https:\/\/i0.wp.com\/staging.asufin.com\/staging\/wp-content\/uploads\/2020\/06\/Captura-de-pantalla-2020-06-22-a-las-9.09.15.png?fit=1610%2C358&amp;ssl=1\" data-orig-size=\"1610,358\" data-comments-opened=\"1\" data-image-meta=\"{&quot;aperture&quot;:&quot;0&quot;,&quot;credit&quot;:&quot;&quot;,&quot;camera&quot;:&quot;&quot;,&quot;caption&quot;:&quot;&quot;,&quot;created_timestamp&quot;:&quot;0&quot;,&quot;copyright&quot;:&quot;&quot;,&quot;focal_length&quot;:&quot;0&quot;,&quot;iso&quot;:&quot;0&quot;,&quot;shutter_speed&quot;:&quot;0&quot;,&quot;title&quot;:&quot;&quot;,&quot;orientation&quot;:&quot;0&quot;}\" data-image-title=\"CONFILEGAL: Asufin formar\u00e1 parte del consejo consultivo de la Autoridad Bancaria Europea\" data-image-description=\"&lt;p&gt;CONFILEGAL: Asufin formar\u00e1 parte del consejo consultivo de la Autoridad Bancaria Europea&lt;\/p&gt;\n\" data-image-caption=\"\" data-large-file=\"https:\/\/i0.wp.com\/staging.asufin.com\/staging\/wp-content\/uploads\/2020\/06\/Captura-de-pantalla-2020-06-22-a-las-9.09.15.png?fit=800%2C178&amp;ssl=1\" src=\"https:\/\/i0.wp.com\/asufin.com\/wp-content\/uploads\/2020\/06\/Captura-de-pantalla-2020-06-22-a-las-9.09.15-1024x228.png?resize=800%2C178&#038;ssl=1\" alt=\"CONFILEGAL: Asufin formar\u00e1 parte del consejo consultivo de la Autoridad Bancaria Europea\" class=\"wp-image-52661\" title=\"\" srcset=\"https:\/\/i0.wp.com\/staging.asufin.com\/staging\/wp-content\/uploads\/2020\/06\/Captura-de-pantalla-2020-06-22-a-las-9.09.15.png?resize=1024%2C228&amp;ssl=1 1024w, https:\/\/i0.wp.com\/staging.asufin.com\/staging\/wp-content\/uploads\/2020\/06\/Captura-de-pantalla-2020-06-22-a-las-9.09.15.png?resize=300%2C67&amp;ssl=1 300w, https:\/\/i0.wp.com\/staging.asufin.com\/staging\/wp-content\/uploads\/2020\/06\/Captura-de-pantalla-2020-06-22-a-las-9.09.15.png?resize=768%2C171&amp;ssl=1 768w, https:\/\/i0.wp.com\/staging.asufin.com\/staging\/wp-content\/uploads\/2020\/06\/Captura-de-pantalla-2020-06-22-a-las-9.09.15.png?resize=1536%2C342&amp;ssl=1 1536w, https:\/\/i0.wp.com\/staging.asufin.com\/staging\/wp-content\/uploads\/2020\/06\/Captura-de-pantalla-2020-06-22-a-las-9.09.15.png?resize=1320%2C294&amp;ssl=1 1320w, https:\/\/i0.wp.com\/staging.asufin.com\/staging\/wp-content\/uploads\/2020\/06\/Captura-de-pantalla-2020-06-22-a-las-9.09.15.png?w=1610&amp;ssl=1 1610w\" sizes=\"(max-width: 800px) 100vw, 800px\" \/><\/a><\/figure>\n","protected":false},"excerpt":{"rendered":"<p>El Economista y Cinco D\u00edas se han hecho eco de este logro en sus ediciones impresas Patricia Su\u00e1rez llega a la EBA en un momento marcado por la pandemia por la COVID19 Patricia Su\u00e1rez, presidenta de ASUFIN, formar\u00e1 parte de la mesa de asesores (Banking\u00a0Stakeholder\u00a0Group) de la Autoridad Bancaria Europea (EBA) y participar\u00e1 en el [&hellip;]<\/p>\n","protected":false},"author":2,"featured_media":52423,"comment_status":"open","ping_status":"closed","sticky":false,"template":"","format":"standard","meta":{"_acf_changed":false,"_jetpack_newsletter_access":"","_jetpack_dont_email_post_to_subs":false,"_jetpack_newsletter_tier_id":0,"_jetpack_memberships_contains_paywalled_content":false,"_jetpack_memberships_contains_paid_content":false,"footnotes":""},"categories":[19,3413,1975,3383],"tags":[3105,265],"class_list":["post-52654","post","type-post","status-publish","format-standard","has-post-thumbnail","hentry","category-asufin-en-los-medios","category-asufin-eba","category-europa","category-prensa","tag-asufin-medios","tag-medios"],"acf":[],"jetpack_featured_media_url":"https:\/\/i0.wp.com\/staging.asufin.com\/staging\/wp-content\/uploads\/2020\/05\/prueba_destacada_medios-e1592809272638.png?fit=900%2C600&ssl=1","jetpack_shortlink":"https:\/\/wp.me\/peayLa-dHg","jetpack_likes_enabled":false,"jetpack_sharing_enabled":true,"_links":{"self":[{"href":"https:\/\/staging.asufin.com\/staging\/wp-json\/wp\/v2\/posts\/52654","targetHints":{"allow":["GET"]}}],"collection":[{"href":"https:\/\/staging.asufin.com\/staging\/wp-json\/wp\/v2\/posts"}],"about":[{"href":"https:\/\/staging.asufin.com\/staging\/wp-json\/wp\/v2\/types\/post"}],"author":[{"embeddable":true,"href":"https:\/\/staging.asufin.com\/staging\/wp-json\/wp\/v2\/users\/2"}],"replies":[{"embeddable":true,"href":"https:\/\/staging.asufin.com\/staging\/wp-json\/wp\/v2\/comments?post=52654"}],"version-history":[{"count":8,"href":"https:\/\/staging.asufin.com\/staging\/wp-json\/wp\/v2\/posts\/52654\/revisions"}],"predecessor-version":[{"id":109313,"href":"https:\/\/staging.asufin.com\/staging\/wp-json\/wp\/v2\/posts\/52654\/revisions\/109313"}],"wp:featuredmedia":[{"embeddable":true,"href":"https:\/\/staging.asufin.com\/staging\/wp-json\/wp\/v2\/media\/52423"}],"wp:attachment":[{"href":"https:\/\/staging.asufin.com\/staging\/wp-json\/wp\/v2\/media?parent=52654"}],"wp:term":[{"taxonomy":"category","embeddable":true,"href":"https:\/\/staging.asufin.com\/staging\/wp-json\/wp\/v2\/categories?post=52654"},{"taxonomy":"post_tag","embeddable":true,"href":"https:\/\/staging.asufin.com\/staging\/wp-json\/wp\/v2\/tags?post=52654"}],"curies":[{"name":"wp","href":"https:\/\/api.w.org\/{rel}","templated":true}]}}