{"id":52747,"date":"2020-06-25T13:39:25","date_gmt":"2020-06-25T11:39:25","guid":{"rendered":"https:\/\/www.asufin.com\/?p=52747"},"modified":"2022-07-28T11:10:20","modified_gmt":"2022-07-28T11:10:20","slug":"aerolineas-el-defensor-del-pueblo-denuncia-que-no-reembolsan-los-vuelos-cancelados-por-la-covid-19","status":"publish","type":"post","link":"https:\/\/staging.asufin.com\/staging\/aerolineas-el-defensor-del-pueblo-denuncia-que-no-reembolsan-los-vuelos-cancelados-por-la-covid-19\/","title":{"rendered":"AEROLINEAS: El Defensor del Pueblo denuncia que no reembolsan los vuelos cancelados por la COVID-19"},"content":{"rendered":"\n<h3 class=\"wp-block-heading\">Francisco Fern\u00e1ndez Marug\u00e1n denuncia que ofrecen<strong> bonos que podr\u00edan no cubrir el precio de los mismos vuelos en un futuro<\/strong><\/h3>\n\n\n\n<p>La devoluci\u00f3n del importe de los billetes de los vuelos cancelados por la <strong><a href=\"https:\/\/staging.asufin.com\/staging\/covid-19-40-000-millones-para-financiar-la-economia-digital-y-las-finanzas-verdes\/\">COVID-19<\/a><\/strong> sigue estando en el centro de la pol\u00e9mica. El Defensor del Pueblo ha remitido una queja al Gobierno ante la mala actitud de las aerol\u00edneas, que no quieren <strong>&#8220;reembolsar el <a href=\"https:\/\/staging.asufin.com\/staging\/aereo-como-recuperar-el-dinero-de-un-vuelo-cancelado-por-culpa-del-coronavirus\/\">importe abonado por los vuelos<\/a> suspendidos por la pandemia&#8221;.<\/strong><\/p>\n\n\n\n<p>La <em><a href=\"https:\/\/cadenaser.com\/programa\/2020\/06\/25\/hoy_por_hoy\/1593062028_178324.html\" target=\"_blank\" rel=\"noopener\">Cadena Ser<\/a><\/em> publica que la instituci\u00f3n denuncia en la carta que algunas compa\u00f1\u00edas &#8220;configuran sus p\u00e1ginas web de tal manera que es imposible ejercitar la devoluci\u00f3n del dinero&#8221;. Adem\u00e1s, se\u00f1ala que otras aerol\u00edneas est\u00e1n <strong>ofreciendo bonos que podr\u00edan no cubrir el precio del vuelo que contrataron en un futuro. <\/strong><\/p>\n\n\n\n<p>Francisco Fern\u00e1ndez Marug\u00e1n recuerda a las autoridades que &#8220;la ley les autoriza a la <strong>preparaci\u00f3n de acciones judiciales en representaci\u00f3n de los intereses colectivos de los consumidore<\/strong>s&#8221;.<\/p>\n\n\n\n<h3 class=\"wp-block-heading\">Afecta a un mill\u00f3n de billetes<\/h3>\n\n\n\n<p>Los compradores de <strong>un mill\u00f3n de billetes <\/strong>est\u00e1n pendientes de la <a href=\"https:\/\/staging.asufin.com\/staging\/aerolineas-asufin-celebra-la-accion-de-cesacion-contra-17-aerolineas-por-practica-comercial-desleal\/\">denuncia que anunci\u00f3 el Ministerio de Consumo<\/a>. <strong>En el <a href=\"https:\/\/www.lamoncloa.gob.es\/Paginas\/index.aspx\" target=\"_blank\" rel=\"noopener\">Ejecutivo<\/a> hay divisi\u00f3n de opiniones<\/strong>. Fomento e Industria apuestan por permitir a las aerol\u00edneas emitir bonos de un a\u00f1o de duraci\u00f3n, mientras que otros sectores del Gobierno quieren que las compa\u00f1\u00edas pidan cr\u00e9ditos al ICO pero hagan efectivas ya las devoluciones del importe de los billetes. <\/p>\n\n\n\n<p class=\"has-text-align-center has-very-dark-gray-color has-very-light-gray-background-color has-text-color has-background\"><a href=\"https:\/\/staging.asufin.com\/staging\/reclama\/aerolineas\/\"><strong>\u00bfTe han cancelado un vuelo? Reclama con ASUFIN<\/strong><\/a><\/p>\n","protected":false},"excerpt":{"rendered":"<p>Francisco Fern\u00e1ndez Marug\u00e1n denuncia que ofrecen bonos que podr\u00edan no cubrir el precio de los mismos vuelos en un futuro La devoluci\u00f3n del importe de los billetes de los vuelos cancelados por la COVID-19 sigue estando en el centro de la pol\u00e9mica. El Defensor del Pueblo ha remitido una queja al Gobierno ante la mala [&hellip;]<\/p>\n","protected":false},"author":2,"featured_media":52751,"comment_status":"open","ping_status":"closed","sticky":false,"template":"","format":"standard","meta":{"_acf_changed":false,"_jetpack_newsletter_access":"","_jetpack_dont_email_post_to_subs":false,"_jetpack_newsletter_tier_id":0,"_jetpack_memberships_contains_paywalled_content":false,"_jetpack_memberships_contains_paid_content":false,"footnotes":""},"categories":[3240,43,3396],"tags":[3239,3399],"class_list":["post-52747","post","type-post","status-publish","format-standard","has-post-thumbnail","hentry","category-aerolineas","category-asufin-destacado","category-covid-19","tag-companias-aereas","tag-covid-faq"],"acf":[],"jetpack_featured_media_url":"https:\/\/i0.wp.com\/staging.asufin.com\/staging\/wp-content\/uploads\/2020\/06\/airport-731196_1920.jpg?fit=1920%2C1280&ssl=1","jetpack_shortlink":"https:\/\/wp.me\/peayLa-dIL","jetpack_likes_enabled":false,"jetpack_sharing_enabled":true,"_links":{"self":[{"href":"https:\/\/staging.asufin.com\/staging\/wp-json\/wp\/v2\/posts\/52747","targetHints":{"allow":["GET"]}}],"collection":[{"href":"https:\/\/staging.asufin.com\/staging\/wp-json\/wp\/v2\/posts"}],"about":[{"href":"https:\/\/staging.asufin.com\/staging\/wp-json\/wp\/v2\/types\/post"}],"author":[{"embeddable":true,"href":"https:\/\/staging.asufin.com\/staging\/wp-json\/wp\/v2\/users\/2"}],"replies":[{"embeddable":true,"href":"https:\/\/staging.asufin.com\/staging\/wp-json\/wp\/v2\/comments?post=52747"}],"version-history":[{"count":8,"href":"https:\/\/staging.asufin.com\/staging\/wp-json\/wp\/v2\/posts\/52747\/revisions"}],"predecessor-version":[{"id":109372,"href":"https:\/\/staging.asufin.com\/staging\/wp-json\/wp\/v2\/posts\/52747\/revisions\/109372"}],"wp:featuredmedia":[{"embeddable":true,"href":"https:\/\/staging.asufin.com\/staging\/wp-json\/wp\/v2\/media\/52751"}],"wp:attachment":[{"href":"https:\/\/staging.asufin.com\/staging\/wp-json\/wp\/v2\/media?parent=52747"}],"wp:term":[{"taxonomy":"category","embeddable":true,"href":"https:\/\/staging.asufin.com\/staging\/wp-json\/wp\/v2\/categories?post=52747"},{"taxonomy":"post_tag","embeddable":true,"href":"https:\/\/staging.asufin.com\/staging\/wp-json\/wp\/v2\/tags?post=52747"}],"curies":[{"name":"wp","href":"https:\/\/api.w.org\/{rel}","templated":true}]}}