{"id":52792,"date":"2020-06-29T09:09:25","date_gmt":"2020-06-29T07:09:25","guid":{"rendered":"https:\/\/www.asufin.com\/?p=52792"},"modified":"2022-02-16T19:51:42","modified_gmt":"2022-02-16T19:51:42","slug":"voz-populi-patricia-suarez-denuncia-que-se-esta-retorciendo-el-derecho-en-casos-de-irph","status":"publish","type":"post","link":"https:\/\/staging.asufin.com\/staging\/voz-populi-patricia-suarez-denuncia-que-se-esta-retorciendo-el-derecho-en-casos-de-irph\/","title":{"rendered":"Voz P\u00f3puli: Patricia Su\u00e1rez denuncia que se est\u00e1 retorciendo el derecho en casos de IRPH"},"content":{"rendered":"\n<h3 class=\"wp-block-heading\">La presidenta de ASUFIN explica en una entrevista con <em>Voz P\u00f3puli<\/em> la situaci\u00f3n de los afectados por hipotecas IRPH<\/h3>\n\n\n\n<p><strong><a href=\"https:\/\/staging.asufin.com\/staging\/la-asociacion\/equipo\/\" target=\"_blank\" rel=\"noreferrer noopener\">Patricia Su\u00e1rez<\/a><\/strong>, presidenta de <strong><a href=\"https:\/\/staging.asufin.com\/staging\/la-asociacion\/\" target=\"_blank\" rel=\"noreferrer noopener\">ASUFIN<\/a><\/strong>, ha concedido una entrevista a <em><a href=\"https:\/\/www.vozpopuli.com\/economia-y-finanzas\/asufin-irph-patricia-suarez_0_1367863738.html\" target=\"_blank\" rel=\"noopener\">Voz P\u00f3puli<\/a><\/em> en la que aborda los logros de la asociaci\u00f3n, que naci\u00f3 hace ya once a\u00f1os, y la situaci\u00f3n actual de los afectados por las<a href=\"https:\/\/staging.asufin.com\/staging\/reclama\/irph\/\" target=\"_blank\" rel=\"noreferrer noopener\"> hipotecas IRPH<\/a> y las tarjetas <a href=\"https:\/\/staging.asufin.com\/staging\/reclama\/tarjetas\/\" target=\"_blank\" rel=\"noreferrer noopener\">revolving<\/a>, entre otros productos financieros. <\/p>\n\n\n\n<p>En cuanto a la lucha contra el <a href=\"https:\/\/staging.asufin.com\/staging\/irph-primera-sentencia-en-cordoba-favorable-a-los-afectados\/\">IRPH<\/a>, el periodista David Cabrera destaca que muchas audiencias provinciales est\u00e1n dictaminando en contra del cliente, algo que Patricia Su\u00e1rez cree que se produce porque<strong> &#8220;se est\u00e1 retorciendo el derecho para ajustarlo a una opini\u00f3n&#8221;.<\/strong><\/p>\n\n\n\n<figure class=\"wp-block-image size-large\"><a href=\"https:\/\/www.vozpopuli.com\/economia-y-finanzas\/asufin-irph-patricia-suarez_0_1367863738.html\" target=\"_blank\" rel=\"noopener\"><img data-recalc-dims=\"1\" fetchpriority=\"high\" decoding=\"async\" width=\"800\" height=\"559\" data-attachment-id=\"52794\" data-permalink=\"https:\/\/staging.asufin.com\/staging\/voz-populi-patricia-suarez-denuncia-que-se-esta-retorciendo-el-derecho-en-casos-de-irph\/captura-de-pantalla-2020-06-29-a-las-8-25-31\/\" data-orig-file=\"https:\/\/i0.wp.com\/staging.asufin.com\/staging\/wp-content\/uploads\/2020\/06\/Captura-de-pantalla-2020-06-29-a-las-8.25.31-e1593414235451.png?fit=800%2C558&amp;ssl=1\" data-orig-size=\"800,558\" data-comments-opened=\"1\" data-image-meta=\"{&quot;aperture&quot;:&quot;0&quot;,&quot;credit&quot;:&quot;&quot;,&quot;camera&quot;:&quot;&quot;,&quot;caption&quot;:&quot;&quot;,&quot;created_timestamp&quot;:&quot;0&quot;,&quot;copyright&quot;:&quot;&quot;,&quot;focal_length&quot;:&quot;0&quot;,&quot;iso&quot;:&quot;0&quot;,&quot;shutter_speed&quot;:&quot;0&quot;,&quot;title&quot;:&quot;&quot;,&quot;orientation&quot;:&quot;0&quot;}\" data-image-title=\"Voz P\u00f3puli: Patricia Su\u00e1rez denuncia que se est\u00e1 retorciendo el derecho en casos de IRPH\" data-image-description=\"&lt;p&gt;Voz P\u00f3puli: Patricia Su\u00e1rez denuncia que se est\u00e1 retorciendo el derecho en casos de IRPH&lt;\/p&gt;\n\" data-image-caption=\"\" data-large-file=\"https:\/\/i0.wp.com\/staging.asufin.com\/staging\/wp-content\/uploads\/2020\/06\/Captura-de-pantalla-2020-06-29-a-las-8.25.31-e1593414235451.png?fit=800%2C559&amp;ssl=1\" src=\"https:\/\/i0.wp.com\/asufin.com\/wp-content\/uploads\/2020\/06\/Captura-de-pantalla-2020-06-29-a-las-8.25.31-1024x715.png?resize=800%2C559&#038;ssl=1\" alt=\"Voz P\u00f3puli: Patricia Su\u00e1rez denuncia que se est\u00e1 retorciendo el derecho en casos de IRPH\" class=\"wp-image-52794\" title=\"\"><\/a><\/figure>\n\n\n\n<p>&#8220;El problema del \u00edndice no es que sea legal, es c\u00f3mo te lo explican y c\u00f3mo llegas a firmar el contrato. Es importante ver si te han dado toda la informaci\u00f3n.&nbsp;<strong>Pasa lo mismo que con los &#8216;swaps&#8217; o las cl\u00e1usulas suelo<\/strong>&#8220;, se\u00f1ala la presidenta de ASUFIN. <\/p>\n\n\n\n<p>&#8220;<strong>Empezar ahora a recusar jueces tanto de un lado como del otro no me parece \u00e9tico<\/strong>. Nos estamos yendo de donde est\u00e1 nuestro campo de juego, que son las normas, las leyes, la protecci\u00f3n de los consumidores y la normativa sectorial de defensa de usuarios financieros.&nbsp;<strong>Meternos ahora a decir si un juez es o no es independiente a mi me parece grave<\/strong>. Un juez tiene que ser libre para opinar en una conferencia sobre un determinado tema&#8221;, opina tras la recusaci\u00f3n de Bankia al juez Francisco Gonz\u00e1lez de Audicana.<\/p>\n\n\n\n<blockquote class=\"wp-block-quote is-layout-flow wp-block-quote-is-layout-flow\"><p><strong>Empezar ahora a recusar jueces tanto de un lado como del otro no me parece \u00e9tico<\/strong><\/p><cite>Patricia Su\u00e1rez, presidenta de ASUFIN<\/cite><\/blockquote>\n\n\n\n<p>&#8220;Yo nunca he echado mano de desprestigiar la labor de los jueces para ganar una sentencia. <strong>Nos ha costado m\u00e1s y hemos tenido menos titulares en prensa, pero hay que centrar el debate en lo jur\u00eddico<\/strong> y dejarnos de recusaciones y prevaricaciones. Sin duda terminaremos ganando la batalla y el IRPH desaparecer\u00e1 como \u00edndice porque no tiene ning\u00fan sentido que exista&#8221;, sentencia.<\/p>\n\n\n\n<h3 class=\"wp-block-heading\">ASUFIN no ha parado durante la pandemia<\/h3>\n\n\n\n<p>Patricia Su\u00e1rez se\u00f1ala tambi\u00e9n en <a href=\"https:\/\/www.vozpopuli.com\/economia-y-finanzas\/asufin-irph-patricia-suarez_0_1367863738.html\" target=\"_blank\" rel=\"noopener\">Voz P\u00f3puli<\/a> que <strong>ASUFIN no ha parado durante el confinamiento, <\/strong>donde ha tenido un papel cr\u00edtico, se\u00f1alando las luces y sombras de las medidas que se han tomado. La presidenta de la Asociaci\u00f3n de Usuarios Financieros cree que el equipo de Pedro S\u00e1nchez podr\u00eda haber hecho m\u00e1s, sobre todo con la moratoria hipotecaria. No piensa lo mismo de la moratoria sectorial de la banca. Esta la ve como un acierto. &#8220;<strong>Los bancos han aprendido la lecci\u00f3n<\/strong> y ya se han dado cuenta de que no necesitan casas y por eso est\u00e1n llegando a acuerdos con sus clientes antes de empezar una ejecuci\u00f3n hipotecaria&#8221;, subraya.&nbsp;<\/p>\n\n\n\n<p>&#8220;<strong>Las entidades financieras estrangularon a las familias en la \u00faltima crisis<\/strong>. Se les dio cr\u00e9dito de manera irresponsable y luego las ahogaron. Encima les echaron la culpa diciendo que viv\u00edan por encima de sus posibilidades. Ah\u00ed hubo mucho cinismo, no s\u00f3lo de la banca&#8221;, recuerda Su\u00e1rez, que cree que la banca ha sabido aprender de sus errores. <\/p>\n\n\n\n<p><\/p>\n\n\n\n<p><\/p>\n","protected":false},"excerpt":{"rendered":"<p>La presidenta de ASUFIN explica en una entrevista con Voz P\u00f3puli la situaci\u00f3n de los afectados por hipotecas IRPH<\/p>\n","protected":false},"author":2,"featured_media":52795,"comment_status":"open","ping_status":"closed","sticky":false,"template":"","format":"standard","meta":{"_acf_changed":false,"_jetpack_newsletter_access":"","_jetpack_dont_email_post_to_subs":false,"_jetpack_newsletter_tier_id":0,"_jetpack_memberships_contains_paywalled_content":false,"_jetpack_memberships_contains_paid_content":false,"footnotes":""},"categories":[43,42,3383],"tags":[3105],"class_list":["post-52792","post","type-post","status-publish","format-standard","has-post-thumbnail","hentry","category-asufin-destacado","category-irph","category-prensa","tag-asufin-medios"],"acf":[],"jetpack_featured_media_url":"https:\/\/i0.wp.com\/staging.asufin.com\/staging\/wp-content\/uploads\/2020\/06\/psuarezvozpopuli.jpg?fit=1020%2C574&ssl=1","jetpack_shortlink":"https:\/\/wp.me\/peayLa-dJu","jetpack_likes_enabled":false,"jetpack_sharing_enabled":true,"_links":{"self":[{"href":"https:\/\/staging.asufin.com\/staging\/wp-json\/wp\/v2\/posts\/52792","targetHints":{"allow":["GET"]}}],"collection":[{"href":"https:\/\/staging.asufin.com\/staging\/wp-json\/wp\/v2\/posts"}],"about":[{"href":"https:\/\/staging.asufin.com\/staging\/wp-json\/wp\/v2\/types\/post"}],"author":[{"embeddable":true,"href":"https:\/\/staging.asufin.com\/staging\/wp-json\/wp\/v2\/users\/2"}],"replies":[{"embeddable":true,"href":"https:\/\/staging.asufin.com\/staging\/wp-json\/wp\/v2\/comments?post=52792"}],"version-history":[{"count":4,"href":"https:\/\/staging.asufin.com\/staging\/wp-json\/wp\/v2\/posts\/52792\/revisions"}],"predecessor-version":[{"id":85647,"href":"https:\/\/staging.asufin.com\/staging\/wp-json\/wp\/v2\/posts\/52792\/revisions\/85647"}],"wp:featuredmedia":[{"embeddable":true,"href":"https:\/\/staging.asufin.com\/staging\/wp-json\/wp\/v2\/media\/52795"}],"wp:attachment":[{"href":"https:\/\/staging.asufin.com\/staging\/wp-json\/wp\/v2\/media?parent=52792"}],"wp:term":[{"taxonomy":"category","embeddable":true,"href":"https:\/\/staging.asufin.com\/staging\/wp-json\/wp\/v2\/categories?post=52792"},{"taxonomy":"post_tag","embeddable":true,"href":"https:\/\/staging.asufin.com\/staging\/wp-json\/wp\/v2\/tags?post=52792"}],"curies":[{"name":"wp","href":"https:\/\/api.w.org\/{rel}","templated":true}]}}