{"id":52922,"date":"2020-07-02T15:30:44","date_gmt":"2020-07-02T13:30:44","guid":{"rendered":"https:\/\/www.asufin.com\/?p=52922"},"modified":"2020-08-05T09:41:14","modified_gmt":"2020-08-05T07:41:14","slug":"asufin-aprueba-que-la-ce-plantee-sanciones-por-incumplir-la-directiva-de-viajes-combinados","status":"publish","type":"post","link":"https:\/\/staging.asufin.com\/staging\/asufin-aprueba-que-la-ce-plantee-sanciones-por-incumplir-la-directiva-de-viajes-combinados\/","title":{"rendered":"AEROLINEAS: ASUFIN aprueba que la CE plantee sanciones por incumplir la Directiva de viajes combinados"},"content":{"rendered":"\n<h3 class=\"wp-block-heading\">El BEUC, la asociaci\u00f3n de consumidores europea, a la que pertenece ASUFIN, recuerda que la normativa europea establece que los bonos canjeables deben ser voluntarios y que el consumidor siempre ha de tener derecho al reembolso<\/h3>\n\n\n\n<p><strong>ASUFIN<\/strong>, junto con las asociaciones de consumidores europeos que integran el <a href=\"https:\/\/asufin.com\/asufin-beuc\/\" target=\"_blank\" rel=\"noopener\">BEUC<\/a>, valora positivamente que la <a href=\"https:\/\/ec.europa.eu\/info\/index_es\" target=\"_blank\" rel=\"noopener\">Comisi\u00f3n Europea <\/a>(CE) emprenda expedientes sancionadores a aquellos Estados Miembros que permitan a sus <a href=\"https:\/\/asufin.com\/productos-asufin\/aerolineas\/\" target=\"_blank\" rel=\"noopener\">aerol\u00edneas<\/a> y compa\u00f1\u00edas mar\u00edtimas ofrezcan <strong>bonos obligatorios como compensaci\u00f3n a los desplazamientos suspendidos durante la pandemia de coronavirus<\/strong>, sin que los pasajeros puedan reclamar el dinero en efectivo.<\/p>\n\n\n\n<p>Los primeros pa\u00edses en ser objeto de sanciones han sido <strong>Italia y Grecia, pero Espa\u00f1a figura en la lista de 13 Estados Miembros a los que se ha enviado aviso informal<\/strong>, seg\u00fan ha comunicado la CE. El motivo consiste en haber legislado en contra de la Directiva sobre viajes combinados a consecuencia del estado de alarma del Covid-19. El BEUC recuerda que la normativa europea establece que los bonos canjeables son siempre voluntarios y que el consumidor tiene derecho al reembolso.<\/p>\n\n\n\n<h3 class=\"wp-block-heading\">La emisi\u00f3n de bonos obligatorios incumple la normativa europea<\/h3>\n\n\n\n<p>La emisi\u00f3n de bonos obligatorios en lugar del reembolso del dinero a los usuarios que sufrieron la cancelaci\u00f3n de un viaje combinado por <strong>la crisis de la Covid-19 incumple la normativa comunitaria<\/strong>.<\/p>\n\n\n\n<p>Por otra parte, y con respecto a los bonos, la propia Comisi\u00f3n Europea (CE) emiti\u00f3 una recomendaci\u00f3n el pasado 13 de mayo instando a los Estados miembros a<strong> establecer garant\u00edas para asegurar que, en caso de insolvencia del emisor del bono, los pasajeros tengan derecho a reembolso<\/strong>.<\/p>\n\n\n\n<p>En nuestro pa\u00eds,<strong> el Gobierno modific\u00f3 el <a href=\"https:\/\/www.boe.es\/eli\/es\/rdl\/2020\/03\/31\/11\/con\" target=\"_blank\" rel=\"noopener\">Real Decreto-ley 11\/2020<\/a><\/strong> para garantizar el car\u00e1cter voluntario de los bonos que agencias de viajes y otros operadores podr\u00edan ofrecer a los consumidores. El nuevo texto (Real <a href=\"https:\/\/www.boe.es\/diario_boe\/txt.php?id=BOE-A-2020-5895\" target=\"_blank\" rel=\"noopener\">Decreto-ley 21\/2020 de 9 de junio<\/a>) se refiere \u201cal ofrecimiento de bonos o vales sustitutorios al reembolso, que en todo caso quedar\u00e1n sometidos a la aceptaci\u00f3n por parte del consumidor o usuario\u201d.<\/p>\n\n\n\n<h3 class=\"wp-block-heading\">Acci\u00f3n de cesaci\u00f3n<\/h3>\n\n\n\n<p>Por otra parte, el Ministerio de Consumo anunci\u00f3 a principios del mes de junio que emprender\u00e1 una <strong><a href=\"http:\/\/AEROL\u00cdNEAS: ASUFIN celebra la acci\u00f3n de cesaci\u00f3n contra 17 aerol\u00edneas por \u00abpr\u00e1ctica comercial desleal\u00bb\">acci\u00f3n de cesaci\u00f3n contra 17 aerol\u00edneas por \u201cpr\u00e1ctica comercial desleal\u201d<\/a><\/strong> por incumplimientos en la informaci\u00f3n que las compa\u00f1\u00edas est\u00e1n ofreciendo a los viajeros ante la cancelaci\u00f3n de vuelos por la pandemia por la COVID-19.<\/p>\n\n\n\n<p>Consumo pretende solicitar que sean declarados nulos todos los contratos por los que los viajeros hayan aceptado un bono sustitutorio del reembolso si \u00e9ste se ha adquirido mediante un consentimiento viciado. Es decir, cuando <strong>la compa\u00f1\u00eda a\u00e9rea no haya informado de este derecho al usuario y haya ofrecido el bono como \u00fanica opci\u00f3n<\/strong>.<\/p>\n\n\n\n<p>La normativa europea establece que, ante la cancelaci\u00f3n de un vuelo, las aerol\u00edneas <strong>deber\u00e1n ofrecer a los viajeros el reembolso de su dinero en un plazo de siete d\u00edas<\/strong>, la conducci\u00f3n hasta el destino final lo m\u00e1s r\u00e1pido posible o la conducci\u00f3n hasta el destino en una fecha que convenga al viajero.<\/p>\n\n\n\n<h3 class=\"wp-block-heading\">Demanda colectiva contra Volotea<\/h3>\n\n\n\n<p>Desde ASUFIN se emprendi\u00f3 una demanda colectiva contra la aerol\u00ednea<strong> low cost<\/strong> asturiana Volotea, que acaba de recibir<a href=\"https:\/\/asufin.com\/voz-populi-un-juez-anula-las-clausulas-de-volotea-que-limitaban-el-equipaje-a-sus-clientes\/\" target=\"_blank\" rel=\"noopener\"> fallo positivo por parte de la Audiencia Provincial de Oviedo<\/a>. Ya son seis las cl\u00e1usulas abusivas que la compa\u00f1\u00eda tiene que eliminar de sus contratos de billetes de avi\u00f3n de los consumidores.<\/p>\n","protected":false},"excerpt":{"rendered":"<p>El BEUC, la asociaci\u00f3n de consumidores europea, a la que pertenece ASUFIN, recuerda que la normativa europea establece que los bonos canjeables deben ser voluntarios y que el consumidor siempre ha de tener derecho al reembolso<\/p>\n","protected":false},"author":2,"featured_media":52925,"comment_status":"open","ping_status":"closed","sticky":false,"template":"","format":"standard","meta":{"_acf_changed":false,"_jetpack_newsletter_access":"","_jetpack_dont_email_post_to_subs":false,"_jetpack_newsletter_tier_id":0,"_jetpack_memberships_contains_paywalled_content":false,"_jetpack_memberships_contains_paid_content":false,"footnotes":""},"categories":[3240,82,103,43,3396],"tags":[2203],"class_list":["post-52922","post","type-post","status-publish","format-standard","has-post-thumbnail","hentry","category-aerolineas","category-asufin-cat","category-asufin-comunicados","category-asufin-destacado","category-covid-19","tag-europa"],"acf":[],"jetpack_featured_media_url":"https:\/\/i0.wp.com\/staging.asufin.com\/staging\/wp-content\/uploads\/2020\/07\/close-up-photography-of-european-flag-1743364-scaled-e1593696365609.jpg?fit=900%2C1350&ssl=1","jetpack_shortlink":"https:\/\/wp.me\/peayLa-dLA","jetpack_likes_enabled":false,"jetpack_sharing_enabled":true,"_links":{"self":[{"href":"https:\/\/staging.asufin.com\/staging\/wp-json\/wp\/v2\/posts\/52922","targetHints":{"allow":["GET"]}}],"collection":[{"href":"https:\/\/staging.asufin.com\/staging\/wp-json\/wp\/v2\/posts"}],"about":[{"href":"https:\/\/staging.asufin.com\/staging\/wp-json\/wp\/v2\/types\/post"}],"author":[{"embeddable":true,"href":"https:\/\/staging.asufin.com\/staging\/wp-json\/wp\/v2\/users\/2"}],"replies":[{"embeddable":true,"href":"https:\/\/staging.asufin.com\/staging\/wp-json\/wp\/v2\/comments?post=52922"}],"version-history":[{"count":6,"href":"https:\/\/staging.asufin.com\/staging\/wp-json\/wp\/v2\/posts\/52922\/revisions"}],"predecessor-version":[{"id":53971,"href":"https:\/\/staging.asufin.com\/staging\/wp-json\/wp\/v2\/posts\/52922\/revisions\/53971"}],"wp:featuredmedia":[{"embeddable":true,"href":"https:\/\/staging.asufin.com\/staging\/wp-json\/wp\/v2\/media\/52925"}],"wp:attachment":[{"href":"https:\/\/staging.asufin.com\/staging\/wp-json\/wp\/v2\/media?parent=52922"}],"wp:term":[{"taxonomy":"category","embeddable":true,"href":"https:\/\/staging.asufin.com\/staging\/wp-json\/wp\/v2\/categories?post=52922"},{"taxonomy":"post_tag","embeddable":true,"href":"https:\/\/staging.asufin.com\/staging\/wp-json\/wp\/v2\/tags?post=52922"}],"curies":[{"name":"wp","href":"https:\/\/api.w.org\/{rel}","templated":true}]}}