{"id":53098,"date":"2020-07-07T15:04:48","date_gmt":"2020-07-07T13:04:48","guid":{"rendered":"https:\/\/www.asufin.com\/?p=53098"},"modified":"2020-07-07T15:44:41","modified_gmt":"2020-07-07T13:44:41","slug":"el-gobierno-prorroga-la-moratoria-de-hipotecas-y-de-alquileres","status":"publish","type":"post","link":"https:\/\/staging.asufin.com\/staging\/el-gobierno-prorroga-la-moratoria-de-hipotecas-y-de-alquileres\/","title":{"rendered":"El Gobierno prorroga la moratoria de hipotecas y de alquileres"},"content":{"rendered":"\n<h3 class=\"wp-block-heading\">El Consejo de Ministros ha aprobado la pr\u00f3rroga de parte del llamado \u2018escudo social\u2019<\/h3>\n\n\n\n<h3 class=\"wp-block-heading\">Ponen en marcha nuevas medidas para frenar las consecuencias de la COVID-19 en Espa\u00f1a<\/h3>\n\n\n\n<p>Tras aprobar el pasado viernes <strong><a href=\"https:\/\/asufin.com\/covid-19-40000-millones-euros-finanzas-verdes\/\" target=\"_blank\" rel=\"noopener\">nuevas medidas para frenar la consecuencias de la COVID-19<\/a><\/strong> por importe de 50.000 millones, el <a rel=\"noreferrer noopener\" href=\"https:\/\/www.lamoncloa.gob.es\/consejodeministros\/Paginas\/index.aspx\" target=\"_blank\">Consejo de Ministros<\/a> ha alargado este martes <strong>la pr\u00f3rroga de la solicitud de los alquileres y la moratoria hipotecaria<\/strong>. Adem\u00e1s, desde el Gobierno han garantizado la protecci\u00f3n por impago de suministros b\u00e1sicos para personas que se encuentren en una situaci\u00f3n de extrema necesidad. Esta pr\u00f3rroga se extender\u00e1 hasta el 30 de septiembre. <\/p>\n\n\n\n<p>La ministra portavoz y de Hacienda, <strong>Mar\u00eda Jes\u00fas Montero, el vicepresidente y ministro de Derechos Sociales y Agenda 2030, Pablo Iglesias<\/strong>, el ministro de Justicia, Juan Carlos Campo, y el ministro de Transportes, Movilidad y Agenda Urbana, Jos\u00e9 Luis \u00c1balos, han comparecido para explicar la bater\u00eda de medidas que van a poner en marcha. <\/p>\n\n\n\n<div class=\"wp-block-image\"><figure class=\"aligncenter size-large is-resized\"><img data-recalc-dims=\"1\" fetchpriority=\"high\" decoding=\"async\" data-attachment-id=\"53101\" data-permalink=\"https:\/\/staging.asufin.com\/staging\/el-gobierno-prorroga-la-moratoria-de-hipotecas-y-de-alquileres\/house-keys-4516178_1920\/\" data-orig-file=\"https:\/\/i0.wp.com\/staging.asufin.com\/staging\/wp-content\/uploads\/2020\/07\/house-keys-4516178_1920.jpg?fit=1920%2C1441&amp;ssl=1\" data-orig-size=\"1920,1441\" data-comments-opened=\"1\" data-image-meta=\"{&quot;aperture&quot;:&quot;0&quot;,&quot;credit&quot;:&quot;&quot;,&quot;camera&quot;:&quot;&quot;,&quot;caption&quot;:&quot;&quot;,&quot;created_timestamp&quot;:&quot;0&quot;,&quot;copyright&quot;:&quot;&quot;,&quot;focal_length&quot;:&quot;0&quot;,&quot;iso&quot;:&quot;0&quot;,&quot;shutter_speed&quot;:&quot;0&quot;,&quot;title&quot;:&quot;&quot;,&quot;orientation&quot;:&quot;0&quot;}\" data-image-title=\"El Gobierno prorroga la moratoria de hipotecas y de alquileres\" data-image-description=\"&lt;p&gt;El Gobierno prorroga la moratoria de hipotecas y de alquileres&lt;\/p&gt;\n\" data-image-caption=\"\" data-large-file=\"https:\/\/i0.wp.com\/staging.asufin.com\/staging\/wp-content\/uploads\/2020\/07\/house-keys-4516178_1920.jpg?fit=800%2C601&amp;ssl=1\" src=\"https:\/\/i0.wp.com\/asufin.com\/wp-content\/uploads\/2020\/07\/house-keys-4516178_1920-1024x769.jpg?resize=491%2C368&#038;ssl=1\" alt=\"El Gobierno prorroga la moratoria de hipotecas y de alquileres\" class=\"wp-image-53101\" width=\"491\" height=\"368\" title=\"\" srcset=\"https:\/\/i0.wp.com\/staging.asufin.com\/staging\/wp-content\/uploads\/2020\/07\/house-keys-4516178_1920.jpg?resize=1024%2C769&amp;ssl=1 1024w, https:\/\/i0.wp.com\/staging.asufin.com\/staging\/wp-content\/uploads\/2020\/07\/house-keys-4516178_1920.jpg?resize=300%2C225&amp;ssl=1 300w, https:\/\/i0.wp.com\/staging.asufin.com\/staging\/wp-content\/uploads\/2020\/07\/house-keys-4516178_1920.jpg?resize=768%2C576&amp;ssl=1 768w, https:\/\/i0.wp.com\/staging.asufin.com\/staging\/wp-content\/uploads\/2020\/07\/house-keys-4516178_1920.jpg?resize=1536%2C1153&amp;ssl=1 1536w, https:\/\/i0.wp.com\/staging.asufin.com\/staging\/wp-content\/uploads\/2020\/07\/house-keys-4516178_1920.jpg?resize=1320%2C991&amp;ssl=1 1320w, https:\/\/i0.wp.com\/staging.asufin.com\/staging\/wp-content\/uploads\/2020\/07\/house-keys-4516178_1920.jpg?w=1920&amp;ssl=1 1920w, https:\/\/i0.wp.com\/staging.asufin.com\/staging\/wp-content\/uploads\/2020\/07\/house-keys-4516178_1920.jpg?w=1600&amp;ssl=1 1600w\" sizes=\"(max-width: 491px) 100vw, 491px\" \/><\/figure><\/div>\n\n\n\n<p>Entre ellas, se incluye l<strong>a pr\u00f3rroga extraordinaria de los <a href=\"https:\/\/asufin.com\/reclama\/covid-19-moratoria-alquiler\/\" target=\"_blank\" rel=\"noopener\">contratos de arrendamiento<\/a> de vivienda habitual<\/strong>. La moratoria se podr\u00e1 solicitar hasta el 30 de septiembre por un periodo de 6 meses, cuando en un principio el plazo finalizaba a finales del mes de julio. Hasta el d\u00eda 29 de septiembre se podr\u00e1 pedir tambi\u00e9n la <a href=\"https:\/\/asufin.com\/reclama\/covid-19-moratoria-hipotecaria\/\" target=\"_blank\" rel=\"noopener\">moratoria de deuda hipotecaria<\/a>: &#8220;Su funcionamiento ser\u00e1 secuencial respecto de la moratoria que el propio sector bancario ha puesto en marcha, <strong>tres meses de moratoria legal m\u00e1s nueve meses de moratoria del sector bancario<\/strong>&#8220;. Hasta ahora m\u00e1s de 200.000 personas se han beneficiado de esta medida. <\/p>\n\n\n\n<p>Tambi\u00e9n se ha ampliado el plazo de percepci\u00f3n del <strong>bono social y la garant\u00eda del suministro de electricidad, agua y gas<\/strong>. Como \u00faltima medida han aprobado la suspensi\u00f3n de las obligaciones derivadas de los contratos de cr\u00e9dito sin garant\u00eda hipotecaria. <\/p>\n\n\n\n<p><\/p>\n","protected":false},"excerpt":{"rendered":"<p>El Consejo de Ministros ha aprobado la pr\u00f3rroga de parte del llamado \u2018escudo social\u2019<\/p>\n","protected":false},"author":2,"featured_media":53101,"comment_status":"open","ping_status":"closed","sticky":false,"template":"","format":"standard","meta":{"_acf_changed":false,"_jetpack_newsletter_access":"","_jetpack_dont_email_post_to_subs":false,"_jetpack_newsletter_tier_id":0,"_jetpack_memberships_contains_paywalled_content":false,"_jetpack_memberships_contains_paid_content":false,"footnotes":""},"categories":[82,43,3396,76],"tags":[3414],"class_list":["post-53098","post","type-post","status-publish","format-standard","has-post-thumbnail","hentry","category-asufin-cat","category-asufin-destacado","category-covid-19","category-hipoteca","tag-moratoria"],"acf":[],"jetpack_featured_media_url":"https:\/\/i0.wp.com\/staging.asufin.com\/staging\/wp-content\/uploads\/2020\/07\/house-keys-4516178_1920.jpg?fit=1920%2C1441&ssl=1","jetpack_shortlink":"https:\/\/wp.me\/peayLa-dOq","jetpack_likes_enabled":false,"jetpack_sharing_enabled":true,"_links":{"self":[{"href":"https:\/\/staging.asufin.com\/staging\/wp-json\/wp\/v2\/posts\/53098","targetHints":{"allow":["GET"]}}],"collection":[{"href":"https:\/\/staging.asufin.com\/staging\/wp-json\/wp\/v2\/posts"}],"about":[{"href":"https:\/\/staging.asufin.com\/staging\/wp-json\/wp\/v2\/types\/post"}],"author":[{"embeddable":true,"href":"https:\/\/staging.asufin.com\/staging\/wp-json\/wp\/v2\/users\/2"}],"replies":[{"embeddable":true,"href":"https:\/\/staging.asufin.com\/staging\/wp-json\/wp\/v2\/comments?post=53098"}],"version-history":[{"count":11,"href":"https:\/\/staging.asufin.com\/staging\/wp-json\/wp\/v2\/posts\/53098\/revisions"}],"predecessor-version":[{"id":53114,"href":"https:\/\/staging.asufin.com\/staging\/wp-json\/wp\/v2\/posts\/53098\/revisions\/53114"}],"wp:featuredmedia":[{"embeddable":true,"href":"https:\/\/staging.asufin.com\/staging\/wp-json\/wp\/v2\/media\/53101"}],"wp:attachment":[{"href":"https:\/\/staging.asufin.com\/staging\/wp-json\/wp\/v2\/media?parent=53098"}],"wp:term":[{"taxonomy":"category","embeddable":true,"href":"https:\/\/staging.asufin.com\/staging\/wp-json\/wp\/v2\/categories?post=53098"},{"taxonomy":"post_tag","embeddable":true,"href":"https:\/\/staging.asufin.com\/staging\/wp-json\/wp\/v2\/tags?post=53098"}],"curies":[{"name":"wp","href":"https:\/\/api.w.org\/{rel}","templated":true}]}}